{"id":303852,"date":"2025-12-23T20:34:17","date_gmt":"2025-12-23T20:34:17","guid":{"rendered":"https:\/\/www.europesays.com\/es\/303852\/"},"modified":"2025-12-23T20:34:17","modified_gmt":"2025-12-23T20:34:17","slug":"casa-ohana-vertebral-archdaily-en-espanol","status":"publish","type":"post","link":"https:\/\/www.europesays.com\/es\/303852\/","title":{"rendered":"Casa Ohana \/ Vertebral | ArchDaily en Espa\u00f1ol"},"content":{"rendered":"<p><a class=\"js-image-size__link \" href=\"https:\/\/www.archdaily.cl\/cl\/1037361\/casa-ohana-vertebral\/694a60143b116b0001161a92-casa-ohana-vertebral-foto\" rel=\"attachment nofollow noopener\" style=\"width: 100%; height: 100%;\" target=\"_blank\"><img decoding=\"async\" alt=\"Casa Ohana \/ Vertebral - Fotograf\u00eda exterior, Pilares\" data-nr-picture-id=\"694a60143b116b0001161a92\" fetchpriority=\"high\" height=\"426\" itemprop=\"image\" loading=\"eager\" longdesc=\"https:\/\/www.archdaily.cl\/cl\/1037361\/casa-ohana-vertebral\/694a60143b116b0001161a92-casa-ohana-vertebral-foto\" src=\"https:\/\/www.europesays.com\/es\/wp-content\/uploads\/2025\/12\/VRTBRL_OHANA_10.jpg\" style=\"min-height: var(--featured-height, auto); aspect-ratio: auto 640 \/ 426\" width=\"640\"\/><\/a>\u00a9 Cesar Belio<\/p>\n<p class=\"thumbs afd-desktop-e clearfix\"><a class=\"thumbs__link\" data-nr-picture-id=\"694a60123b116b0001161a88\" href=\"https:\/\/www.archdaily.cl\/cl\/1037361\/casa-ohana-vertebral\/694a60123b116b0001161a88-casa-ohana-vertebral-foto\" rel=\"attachment nofollow noopener\" target=\"_blank\"><img loading=\"lazy\" decoding=\"async\" alt=\"Casa Ohana \/ Vertebral - Fotograf\u00eda exterior\" class=\"thumbs__img b-lazy\" data-nr-picture-id=\"694a60123b116b0001161a88\" data-pin-nopin=\"true\" src=\"https:\/\/www.europesays.com\/es\/wp-content\/uploads\/2025\/12\/VRTBRL_OHANA_02.jpg\" height=\"125\" longdesc=\"https:\/\/www.archdaily.cl\/cl\/1037361\/casa-ohana-vertebral\/694a60123b116b0001161a88-casa-ohana-vertebral-foto\" title=\"\u00a9 Cesar Belio\" width=\"125\"\/><\/a><a class=\"thumbs__link\" data-nr-picture-id=\"694a60143b116b0001161a93\" href=\"https:\/\/www.archdaily.cl\/cl\/1037361\/casa-ohana-vertebral\/694a60143b116b0001161a93-casa-ohana-vertebral-foto\" rel=\"attachment nofollow noopener\" target=\"_blank\"><img loading=\"lazy\" decoding=\"async\" alt=\"Casa Ohana \/ Vertebral - Imagen 3 de 27\" class=\"thumbs__img b-lazy\" data-nr-picture-id=\"694a60143b116b0001161a93\" data-pin-nopin=\"true\" src=\"https:\/\/www.europesays.com\/es\/wp-content\/uploads\/2025\/12\/VRTBRL_OHANA_11.jpg\" height=\"125\" longdesc=\"https:\/\/www.archdaily.cl\/cl\/1037361\/casa-ohana-vertebral\/694a60143b116b0001161a93-casa-ohana-vertebral-foto\" title=\"\u00a9 Cesar Belio\" width=\"125\"\/><\/a><a class=\"thumbs__link\" data-nr-picture-id=\"694a60143b116b0001161a92\" href=\"https:\/\/www.archdaily.cl\/cl\/1037361\/casa-ohana-vertebral\/694a60143b116b0001161a92-casa-ohana-vertebral-foto\" rel=\"attachment nofollow noopener\" target=\"_blank\"><img loading=\"lazy\" decoding=\"async\" alt=\"Casa Ohana \/ Vertebral - Fotograf\u00eda exterior, Pilares\" class=\"thumbs__img b-lazy\" data-nr-picture-id=\"694a60143b116b0001161a92\" data-pin-nopin=\"true\" src=\"https:\/\/www.europesays.com\/es\/wp-content\/uploads\/2025\/12\/1766522051_12_VRTBRL_OHANA_10.jpg\" height=\"125\" longdesc=\"https:\/\/www.archdaily.cl\/cl\/1037361\/casa-ohana-vertebral\/694a60143b116b0001161a92-casa-ohana-vertebral-foto\" title=\"\u00a9 Cesar Belio\" width=\"125\"\/><\/a><a class=\"thumbs__link\" data-nr-picture-id=\"694a60143b116b0001161a96\" href=\"https:\/\/www.archdaily.cl\/cl\/1037361\/casa-ohana-vertebral\/694a60143b116b0001161a96-casa-ohana-vertebral-foto\" rel=\"attachment nofollow noopener\" target=\"_blank\"><img loading=\"lazy\" decoding=\"async\" alt=\"Casa Ohana \/ Vertebral - Imagen 4 de 27\" class=\"thumbs__img b-lazy\" data-nr-picture-id=\"694a60143b116b0001161a96\" data-pin-nopin=\"true\" src=\"https:\/\/www.europesays.com\/es\/wp-content\/uploads\/2025\/12\/VRTBRL_OHANA_15.jpg\" height=\"125\" longdesc=\"https:\/\/www.archdaily.cl\/cl\/1037361\/casa-ohana-vertebral\/694a60143b116b0001161a96-casa-ohana-vertebral-foto\" title=\"\u00a9 Cesar Belio\" width=\"125\"\/><\/a><a class=\"gallery-link afd-desktop-e\" href=\"https:\/\/www.archdaily.cl\/cl\/1037361\/casa-ohana-vertebral\/694a60143b116b0001161a92-casa-ohana-vertebral-foto\" rel=\"nofollow noopener\" target=\"_blank\"><img decoding=\"async\" alt=\"Casa Ohana \/ Vertebral - M\u00e1s Im\u00e1genes\" class=\"thumbs__img b-lazy\" src=\"https:\/\/www.europesays.com\/es\/wp-content\/uploads\/2025\/12\/VRTBRL_OHANA_10.jpg\" itemprop=\"image\" bad-src=\"data:image\/gif;base64,R0lGODlhAQABAIAAAAUEBAAAACwAAAAAAQABAAACAkQBADs=\"\/>+ 22<\/a><\/p>\n<p>    Compartir<\/p>\n<p>Compartir<\/p>\n<ul class=\"afd-share__networks clearfix\">\n<li class=\"afd-share__social\"><a aria-label=\"Facebook\" class=\"afd-share__button\" data-insights-category=\"share\" data-insights-label=\"facebook_sharing_options\" data-insights-value=\"1037361\" data-social=\"facebook\" href=\"https:\/\/www.facebook.com\/sharer\/sharer.php?u=https:\/\/www.archdaily.cl\/cl\/1037361\/casa-ohana-vertebral\" rel=\"nofollow noopener\" target=\"_blank\"><\/a>\n<p>Facebook<\/p>\n<\/li>\n<li class=\"afd-share__social\"><a aria-label=\"Twitter\" class=\"afd-share__button\" data-insights-category=\"share\" data-insights-label=\"twitter_sharing_options\" data-insights-value=\"1037361\" data-social=\"twitter\" href=\"https:\/\/twitter.com\/intent\/tweet?text=Casa%20Ohana%20%2F%20Vertebral&amp;url=https:\/\/www.archdaily.cl\/cl\/1037361\/casa-ohana-vertebral&amp;via=parq\" rel=\"nofollow noopener\" target=\"_blank\"><\/a>\n<p>Twitter<\/p>\n<\/li>\n<li class=\"afd-share__social\"><a class=\"afd-share__button\" data-insights-category=\"share\" data-insights-label=\"email_sharing_options\" data-insights-value=\"1037361\" data-social=\"email\" href=\"mailto:?subject=Casa Ohana \/ Vertebral&amp;body=https:\/\/www.archdaily.cl\/cl\/1037361\/casa-ohana-vertebral\"><\/a>\n<p>Mail<\/p>\n<\/li>\n<li class=\"afd-share__social\"><a aria-label=\"Pinterest\" class=\"afd-share__button\" data-insights-category=\"share\" data-insights-label=\"pinterest_sharing_options\" data-insights-value=\"1037361\" data-social=\"pinterest\" href=\"https:\/\/pinterest.com\/pin\/create\/button\/?url=https%3A%2F%2Fwww.archdaily.cl%2Fcl%2F1037361%2Fcasa-ohana-vertebral&amp;media=https%3A%2F%2Fimages.adsttc.com%2Fmedia%2Fimages%2F694a%2F6014%2F3b11%2F6b00%2F0116%2F1a92%2Flarge_jpg%2FVRTBRL_OHANA_10.jpg%3F1766482005&amp;description=Casa%20Ohana%20%2F%20Vertebral\" rel=\"nofollow noopener\" target=\"_blank\"><\/a>\n<p>Pinterest<\/p>\n<\/li>\n<li class=\"afd-share__social\"><a aria-label=\"Whatsapp\" class=\"afd-share__button\" data-action=\"share\/whatsapp\/share\" data-insights-category=\"share\" data-insights-label=\"whatsapp_sharing_options\" data-insights-value=\"1037361\" data-social=\"whatsapp\" href=\"whatsapp:\/\/send?text=Casa+Ohana+%2F+Vertebral+%7C+https%3A%2F%2Fwww.archdaily.cl%2Fcl%2F1037361%2Fcasa-ohana-vertebral%3Futm_source%3DWhatsapp%26utm_medium%3DIM%26utm_campaign%3Dshare-button\" rel=\"nofollow\"><\/a>\n<p>Whatsapp<\/p>\n<\/li>\n<\/ul>\n<p>O<\/p>\n<p>https:\/\/www.archdaily.cl\/cl\/1037361\/casa-ohana-vertebral<\/p>\n<p>  Portapapeles<\/p>\n<p>              \u00abCOPY\u00bb<\/p>\n<p>Copiar<\/p>\n<ul class=\"afd-char-list afd-specs__item-container js-char-list\">\n<li class=\"afd-specs__item\">\n<\/li>\n<li class=\"afd-specs__item\">\n  \u00c1rea<br \/>\n  \u00c1rea del proyecto de arquitectura <\/p>\n<p>\u00c1rea:\u00a0<br \/>\n        <a href=\"https:\/\/www.archdaily.cl\/search\/cl\/projects\/min_area\/648\/max_area\/972?ad_name=project-specs&amp;ad_medium=single\" rel=\"nofollow noopener\" target=\"_blank\">810<\/a> m\u00b2<\/li>\n<li class=\"afd-specs__item\">\n<p>  A\u00f1o<br \/>\n  A\u00f1o del Proyecto de arquitectura<\/p>\n<p>            A\u00f1o:\u00a0<\/p>\n<p>                    <a href=\"https:\/\/www.archdaily.cl\/search\/cl\/projects\/year\/2023?ad_name=project-specs&amp;ad_medium=single\" rel=\"nofollow noopener\" target=\"_blank\"><br \/>\n          2023<br \/>\n        <\/a><\/p>\n<\/li>\n<li class=\"afd-specs__item\">\n<p>  Fot\u00f3grafos<\/p>\n<\/li>\n<\/ul>\n<p><a class=\"js-image-size__link lazy-anchor\" href=\"https:\/\/www.archdaily.cl\/cl\/1037361\/casa-ohana-vertebral\/694a60143b116b0001161a96-casa-ohana-vertebral-foto\" rel=\"nofollow noopener\" target=\"_blank\"><img decoding=\"async\" alt=\"Casa Ohana \/ Vertebral - Imagen 4 de 27\" data-nr-picture-id=\"694a60143b116b0001161a96\" height=\"427\" itemprop=\"image\" loading=\"lazy\" longdesc=\"https:\/\/www.archdaily.cl\/cl\/1037361\/casa-ohana-vertebral\/694a60143b116b0001161a96-casa-ohana-vertebral-foto\" src=\"https:\/\/www.europesays.com\/es\/wp-content\/uploads\/2025\/12\/1766522052_126_VRTBRL_OHANA_15.jpg\" width=\"640\"\/>\u00a9 Cesar Belio<\/a><\/p>\n<p>Descripci\u00f3n enviada por el equipo del proyecto. Casa Ohana es <strong>una residencia aislada en la jungla<\/strong> en <a href=\"https:\/\/www.archdaily.cl\/cl\/tag\/puerto-escondido\" rel=\"nofollow noopener\" target=\"_blank\">Puerto Escondido<\/a> que equilibra la apertura y el refugio a trav\u00e9s de una serie de vol\u00famenes independientes moldeados por el paisaje circundante.<\/p>\n<p><a class=\"js-image-size__link lazy-anchor\" href=\"https:\/\/www.archdaily.cl\/cl\/1037361\/casa-ohana-vertebral\/694a60143b116b0001161a95-casa-ohana-vertebral-foto\" rel=\"nofollow noopener\" target=\"_blank\"><img decoding=\"async\" alt=\"Casa Ohana \/ Vertebral - Fotograf\u00eda interior, Sala de estar, Pilares\" data-nr-picture-id=\"694a60143b116b0001161a95\" height=\"427\" itemprop=\"image\" loading=\"lazy\" longdesc=\"https:\/\/www.archdaily.cl\/cl\/1037361\/casa-ohana-vertebral\/694a60143b116b0001161a95-casa-ohana-vertebral-foto\" src=\"https:\/\/www.europesays.com\/es\/wp-content\/uploads\/2025\/12\/VRTBRL_OHANA_14.jpg\" width=\"640\"\/>\u00a9 Cesar Belio<\/a><a class=\"js-image-size__link lazy-anchor\" href=\"https:\/\/www.archdaily.cl\/cl\/1037361\/casa-ohana-vertebral\/694a60133b116b0001161a8f-casa-ohana-vertebral-foto\" rel=\"nofollow noopener\" target=\"_blank\"><img decoding=\"async\" alt=\"Casa Ohana \/ Vertebral - Imagen 6 de 27\" data-nr-picture-id=\"694a60133b116b0001161a8f\" height=\"427\" itemprop=\"image\" loading=\"lazy\" longdesc=\"https:\/\/www.archdaily.cl\/cl\/1037361\/casa-ohana-vertebral\/694a60133b116b0001161a8f-casa-ohana-vertebral-foto\" src=\"https:\/\/www.europesays.com\/es\/wp-content\/uploads\/2025\/12\/VRTBRL_OHANA_07.jpg\" width=\"640\"\/>\u00a9 Cesar Belio<\/a><\/p>\n<p>Ubicado en lo profundo de la exuberante vegetaci\u00f3n de la costa oaxaque\u00f1a, el sitio presentaba un marcado contraste con los entornos t\u00edpicos frente al mar: densa jungla por un lado y el vasto horizonte del Pac\u00edfico por el otro. Los clientes imaginaron un hogar que pudiera albergar a familiares y amigos mientras manten\u00eda momentos de privacidad e introspecci\u00f3n. El desaf\u00edo principal fue dise\u00f1ar una residencia que abrazara el poderoso entorno natural sin imponerle.<\/p>\n<p><a class=\"js-image-size__link lazy-anchor\" href=\"https:\/\/www.archdaily.cl\/cl\/1037361\/casa-ohana-vertebral\/694a60123b116b0001161a8a-casa-ohana-vertebral-foto\" rel=\"nofollow noopener\" target=\"_blank\"><img decoding=\"async\" alt=\"Casa Ohana \/ Vertebral - Fotograf\u00eda interior, Comedor, Madera, Sillas, Fijaci\u00f3n Vigas\" data-nr-picture-id=\"694a60123b116b0001161a8a\" height=\"427\" itemprop=\"image\" loading=\"lazy\" longdesc=\"https:\/\/www.archdaily.cl\/cl\/1037361\/casa-ohana-vertebral\/694a60123b116b0001161a8a-casa-ohana-vertebral-foto\" src=\"https:\/\/www.europesays.com\/es\/wp-content\/uploads\/2025\/12\/VRTBRL_OHANA_26.jpg\" width=\"640\"\/>\u00a9 Cesar Belio<\/a><a class=\"js-image-size__link lazy-anchor\" href=\"https:\/\/www.archdaily.cl\/cl\/1037361\/casa-ohana-vertebral\/694a60143b116b0001161a97-casa-ohana-vertebral-foto\" rel=\"nofollow noopener\" target=\"_blank\"><img decoding=\"async\" alt=\"Casa Ohana \/ Vertebral - Fotograf\u00eda interior\" data-nr-picture-id=\"694a60143b116b0001161a97\" height=\"427\" itemprop=\"image\" loading=\"lazy\" longdesc=\"https:\/\/www.archdaily.cl\/cl\/1037361\/casa-ohana-vertebral\/694a60143b116b0001161a97-casa-ohana-vertebral-foto\" src=\"https:\/\/www.europesays.com\/es\/wp-content\/uploads\/2025\/12\/VRTBRL_OHANA_16.jpg\" width=\"640\"\/>\u00a9 Cesar Belio<\/a><a class=\"js-image-size__link lazy-anchor\" href=\"https:\/\/www.archdaily.cl\/cl\/1037361\/casa-ohana-vertebral\/694a60133b116b0001161a8d-casa-ohana-vertebral-foto\" rel=\"nofollow noopener\" target=\"_blank\"><img decoding=\"async\" alt=\"Casa Ohana \/ Vertebral - Fotograf\u00eda interior, Dormitorio, Madera\" data-nr-picture-id=\"694a60133b116b0001161a8d\" height=\"427\" itemprop=\"image\" loading=\"lazy\" longdesc=\"https:\/\/www.archdaily.cl\/cl\/1037361\/casa-ohana-vertebral\/694a60133b116b0001161a8d-casa-ohana-vertebral-foto\" src=\"https:\/\/www.europesays.com\/es\/wp-content\/uploads\/2025\/12\/VRTBRL_OHANA_05.jpg\" width=\"640\"\/>\u00a9 Cesar Belio<\/a><\/p>\n<p>La exposici\u00f3n al sol, los patrones de viento y las condiciones de riesgo de huracanes requer\u00edan una disposici\u00f3n cuidadosa de los espacios y durabilidad estructural. <strong>La amplia parcela ofrec\u00eda libertad, pero tambi\u00e9n exig\u00eda una estrategia clara para evitar la sobreconstrucci\u00f3n y preservar el paisaje existente.<\/strong><\/p>\n<p><a class=\"js-image-size__link lazy-anchor\" href=\"https:\/\/www.archdaily.cl\/cl\/1037361\/casa-ohana-vertebral\/694a60143b116b0001161aa2-casa-ohana-vertebral-\" rel=\"nofollow noopener\" target=\"_blank\"><img decoding=\"async\" alt=\"Casa Ohana \/ Vertebral - Imagen 26 de 27\" data-nr-picture-id=\"694a60143b116b0001161aa2\" height=\"427\" itemprop=\"image\" loading=\"lazy\" longdesc=\"https:\/\/www.archdaily.cl\/cl\/1037361\/casa-ohana-vertebral\/694a60143b116b0001161aa2-casa-ohana-vertebral-\" src=\"https:\/\/www.europesays.com\/es\/wp-content\/uploads\/2025\/12\/25.11._05_BOOK_OHANA-21X21_PLAN_1.500.jpg\" width=\"640\"\/>Floor Plan<\/a><a class=\"js-image-size__link lazy-anchor\" href=\"https:\/\/www.archdaily.cl\/cl\/1037361\/casa-ohana-vertebral\/694a60143b116b0001161aa1-casa-ohana-vertebral-\" rel=\"nofollow noopener\" target=\"_blank\"><img decoding=\"async\" alt=\"Casa Ohana \/ Vertebral - Imagen 27 de 27\" data-nr-picture-id=\"694a60143b116b0001161aa1\" height=\"427\" itemprop=\"image\" loading=\"lazy\" longdesc=\"https:\/\/www.archdaily.cl\/cl\/1037361\/casa-ohana-vertebral\/694a60143b116b0001161aa1-casa-ohana-vertebral-\" src=\"https:\/\/www.europesays.com\/es\/wp-content\/uploads\/2025\/12\/25.11._05_BOOK_OHANA-_SECTION_1.250.jpg\" width=\"640\"\/>Section<\/a><\/p>\n<p>Vertebral abord\u00f3 el proyecto organizando la casa en <strong>ocho vol\u00famenes independientes distribuidos por el sitio, permitiendo que la naturaleza fluya entre ellos<\/strong>. Las \u00e1reas sociales fueron concebidas como espacios abiertos y porosos que disuelven la frontera entre el interior y el exterior, ofreciendo vistas panor\u00e1micas y ventilaci\u00f3n cruzada constante. En contraste, las nueve habitaciones privadas funcionan como santuarios autosuficientes, cada una con dos aberturas cuidadosamente posicionadas: una enmarcando vistas al oc\u00e9ano y otra orientada hacia \u00edntimos patios de jard\u00edn.<\/p>\n<p><a class=\"js-image-size__link lazy-anchor\" href=\"https:\/\/www.archdaily.cl\/cl\/1037361\/casa-ohana-vertebral\/694a60133b116b0001161a8e-casa-ohana-vertebral-foto\" rel=\"nofollow noopener\" target=\"_blank\"><img decoding=\"async\" alt=\"Casa Ohana \/ Vertebral - Fotograf\u00eda exterior, Madera\" data-nr-picture-id=\"694a60133b116b0001161a8e\" height=\"427\" itemprop=\"image\" loading=\"lazy\" longdesc=\"https:\/\/www.archdaily.cl\/cl\/1037361\/casa-ohana-vertebral\/694a60133b116b0001161a8e-casa-ohana-vertebral-foto\" src=\"https:\/\/www.europesays.com\/es\/wp-content\/uploads\/2025\/12\/VRTBRL_OHANA_06.jpg\" width=\"640\"\/>\u00a9 Cesar Belio<\/a><a class=\"js-image-size__link lazy-anchor\" href=\"https:\/\/www.archdaily.cl\/cl\/1037361\/casa-ohana-vertebral\/694a60143b116b0001161a9d-casa-ohana-vertebral-foto\" rel=\"nofollow noopener\" target=\"_blank\"><img decoding=\"async\" alt=\"Casa Ohana \/ Vertebral - Imagen 15 de 27\" data-nr-picture-id=\"694a60143b116b0001161a9d\" height=\"427\" itemprop=\"image\" loading=\"lazy\" longdesc=\"https:\/\/www.archdaily.cl\/cl\/1037361\/casa-ohana-vertebral\/694a60143b116b0001161a9d-casa-ohana-vertebral-foto\" src=\"https:\/\/www.europesays.com\/es\/wp-content\/uploads\/2025\/12\/VRTBRL_OHANA_22.jpg\" width=\"640\"\/>\u00a9 Cesar Belio<\/a><\/p>\n<p><strong>La paleta de materiales\u2014hormig\u00f3n expuesto, tonos neutros y madera tropical de la regi\u00f3n\u2014responde al clima de la zona y refleja los tonos terrosos del terreno<\/strong>. Los marcos de hormig\u00f3n armado forman la columna vertebral estructural de la casa, asegurando resistencia en una regi\u00f3n propensa a huracanes. El dise\u00f1o prioriza la experiencia sensorial, utilizando luz, textura y vegetaci\u00f3n como elementos arquitect\u00f3nicos clave.<\/p>\n<p><a class=\"js-image-size__link lazy-anchor\" href=\"https:\/\/www.archdaily.cl\/cl\/1037361\/casa-ohana-vertebral\/694a60143b116b0001161a9c-casa-ohana-vertebral-foto\" rel=\"nofollow noopener\" target=\"_blank\"><img decoding=\"async\" alt=\"Casa Ohana \/ Vertebral - Imagen 17 de 27\" data-nr-picture-id=\"694a60143b116b0001161a9c\" height=\"427\" itemprop=\"image\" loading=\"lazy\" longdesc=\"https:\/\/www.archdaily.cl\/cl\/1037361\/casa-ohana-vertebral\/694a60143b116b0001161a9c-casa-ohana-vertebral-foto\" src=\"https:\/\/www.europesays.com\/es\/wp-content\/uploads\/2025\/12\/VRTBRL_OHANA_21.jpg\" width=\"640\"\/>\u00a9 Cesar Belio<\/a><a class=\"js-image-size__link lazy-anchor\" href=\"https:\/\/www.archdaily.cl\/cl\/1037361\/casa-ohana-vertebral\/694a60143b116b0001161aa0-casa-ohana-vertebral-foto\" rel=\"nofollow noopener\" target=\"_blank\"><img decoding=\"async\" alt=\"Casa Ohana \/ Vertebral - Fotograf\u00eda interior, Madera, Concreto, Pilares, Fijaci\u00f3n Vigas\" data-nr-picture-id=\"694a60143b116b0001161aa0\" height=\"427\" itemprop=\"image\" loading=\"lazy\" longdesc=\"https:\/\/www.archdaily.cl\/cl\/1037361\/casa-ohana-vertebral\/694a60143b116b0001161aa0-casa-ohana-vertebral-foto\" src=\"https:\/\/www.europesays.com\/es\/wp-content\/uploads\/2025\/12\/VRTBRL_OHANA_25.jpg\" width=\"640\"\/>\u00a9 Cesar Belio<\/a><\/p>\n<p>Casa Ohana establece un di\u00e1logo silencioso entre la arquitectura y su entorno, <strong>fomentando que los residentes coexistan con los ritmos de la jungla y el mar.<\/strong> Al priorizar la ventilaci\u00f3n natural, las vistas enmarcadas y las amplias terrazas al aire libre, el proyecto crea una experiencia de vida arraigada en el paisaje y el clima. Su legado radica en demostrar <strong>c\u00f3mo una gran residencia puede permanecer humilde, porosa y profundamente conectada a su sitio<\/strong>, ofreciendo un modelo para la arquitectura costera orientada al contexto en la regi\u00f3n.<\/p>\n<p><a class=\"js-image-size__link lazy-anchor\" href=\"https:\/\/www.archdaily.cl\/cl\/1037361\/casa-ohana-vertebral\/694a60143b116b0001161a9a-casa-ohana-vertebral-foto\" rel=\"nofollow noopener\" target=\"_blank\"><img decoding=\"async\" alt=\"Casa Ohana \/ Vertebral - Imagen 24 de 27\" data-nr-picture-id=\"694a60143b116b0001161a9a\" height=\"427\" itemprop=\"image\" loading=\"lazy\" longdesc=\"https:\/\/www.archdaily.cl\/cl\/1037361\/casa-ohana-vertebral\/694a60143b116b0001161a9a-casa-ohana-vertebral-foto\" src=\"https:\/\/www.europesays.com\/es\/wp-content\/uploads\/2025\/12\/VRTBRL_OHANA_19.jpg\" width=\"640\"\/>\u00a9 Cesar Belio<\/a><script async src=\"https:\/\/platform.twitter.com\/widgets.js\" charset=\"utf-8\"><\/script><\/p>\n","protected":false},"excerpt":{"rendered":"\u00a9 Cesar Belio + 22 Compartir Compartir Facebook Twitter Mail Pinterest Whatsapp O https:\/\/www.archdaily.cl\/cl\/1037361\/casa-ohana-vertebral Portapapeles \u00abCOPY\u00bb Copiar \u00c1rea&hellip;\n","protected":false},"author":2,"featured_media":303853,"comment_status":"","ping_status":"","sticky":false,"template":"","format":"standard","meta":{"footnotes":""},"categories":[173],"tags":[801,802,229,233,231,230,3738,232,234,146,147,25,24,71926,23],"class_list":{"0":"post-303852","1":"post","2":"type-post","3":"status-publish","4":"format-standard","5":"has-post-thumbnail","7":"category-arte-y-diseno","8":"tag-arquitectura","9":"tag-arquitectura-residencial","10":"tag-arte","11":"tag-arte-y-diseno","12":"tag-arts","13":"tag-arts-and-design","14":"tag-casas","15":"tag-design","16":"tag-diseno","17":"tag-entertainment","18":"tag-entretenimiento","19":"tag-es","20":"tag-espana","21":"tag-puerto-escondido","22":"tag-spain"},"share_on_mastodon":{"url":"https:\/\/pubeurope.com\/@es\/115770798370781062","error":""},"_links":{"self":[{"href":"https:\/\/www.europesays.com\/es\/wp-json\/wp\/v2\/posts\/303852","targetHints":{"allow":["GET"]}}],"collection":[{"href":"https:\/\/www.europesays.com\/es\/wp-json\/wp\/v2\/posts"}],"about":[{"href":"https:\/\/www.europesays.com\/es\/wp-json\/wp\/v2\/types\/post"}],"author":[{"embeddable":true,"href":"https:\/\/www.europesays.com\/es\/wp-json\/wp\/v2\/users\/2"}],"replies":[{"embeddable":true,"href":"https:\/\/www.europesays.com\/es\/wp-json\/wp\/v2\/comments?post=303852"}],"version-history":[{"count":0,"href":"https:\/\/www.europesays.com\/es\/wp-json\/wp\/v2\/posts\/303852\/revisions"}],"wp:featuredmedia":[{"embeddable":true,"href":"https:\/\/www.europesays.com\/es\/wp-json\/wp\/v2\/media\/303853"}],"wp:attachment":[{"href":"https:\/\/www.europesays.com\/es\/wp-json\/wp\/v2\/media?parent=303852"}],"wp:term":[{"taxonomy":"category","embeddable":true,"href":"https:\/\/www.europesays.com\/es\/wp-json\/wp\/v2\/categories?post=303852"},{"taxonomy":"post_tag","embeddable":true,"href":"https:\/\/www.europesays.com\/es\/wp-json\/wp\/v2\/tags?post=303852"}],"curies":[{"name":"wp","href":"https:\/\/api.w.org\/{rel}","templated":true}]}}