{"id":303863,"date":"2025-12-23T20:41:12","date_gmt":"2025-12-23T20:41:12","guid":{"rendered":"https:\/\/www.europesays.com\/es\/303863\/"},"modified":"2025-12-23T20:41:12","modified_gmt":"2025-12-23T20:41:12","slug":"la-contundente-respuesta-de-alejandro-sanz-a-candela-marquez-tras-su-ruptura-yo-no-soy-una-perla-soy-un-oceano-hola","status":"publish","type":"post","link":"https:\/\/www.europesays.com\/es\/303863\/","title":{"rendered":"La contundente respuesta de Alejandro Sanz a C\u00e1ndela M\u00e1rquez tras su ruptura: &quot;Yo no soy una perla, soy un oc\u00e9ano&quot; &#8211; HOLA"},"content":{"rendered":"<ol>\n<li><a href=\"https:\/\/news.google.com\/rss\/articles\/CBMiuAFBVV95cUxQZDR4U1lBR1ptN0U1SDNuRG5FZEg3bElwUWRTT1ZZTVA1YTJwQ0huTG1ka0hMbTJvZHlpYXVReTg4RE1sdThHdUVneEs2eVlGamU1WFR6ODBaa09JSFg3N3NSeWZ3Q2xFUEF5VHVucWhUajA3b2NoVE9hbnJTX1IwbTl6eGpSNGx5R1NnVUw1T2thcWhIZnkxS2daREdCWndYN09KQ3duNHBQeTBmTk9yak0yYklPR01m0gHHAUFVX3lxTE51cEJVMlBaZW9OTDZKOXM3eXdmbE9rN01NaUgxMFBobzhwZ0ttMm40Q1hJOVVKMUx0R1pDNWJOS2dMbUUxbEdjdDZsdUtkUHMwcXpieHFXQ3JxMW40bU9oMFdyNVM0MXFrZUpVLTBPeERTb0drRHdBRzdacnJjWjZoV1loTExBcVBQNnFOYVZoU01BbXJJSUhMM2pvYWp5MXBnTkM5YmFxc2VNd0tqRXJmYU5rVzBZZm5md2lKbWlYQlBMY3ZMRE0?oc=5\" target=\"_blank\" rel=\"nofollow noopener\">La contundente respuesta de Alejandro Sanz a C\u00e1ndela M\u00e1rquez tras su ruptura: \u00abYo no soy una perla, soy un oc\u00e9ano\u00bb<\/a>&nbsp;&nbsp;HOLA<\/li>\n<li><a href=\"https:\/\/news.google.com\/rss\/articles\/CBMiugFBVV95cUxQMzFKc3BTMU8zMVBaSDk0aVA5M0R6YXlvejdaM1o2Z2d1TlVNMktyOWoyeTNrWjMxZW1GMGdPSThmaWlfeXZESEI3VzI0TVdBRTZzMkNzaWFERXlqSXVJc21lOTRHaVRzQ1ZlMnpGOE5wNnlfUmM1YUdmQTREQUVGa0VGOVpwTjJzdHdDRFF5TGxmZ3B2Qm11OEcwUmtsOUpTRjZGWGVMYU8yVERMT2lhbzZvdnNRX0hBOVHSAc4BQVVfeXFMUFZqdERVVjNMbVFiTVB6ZTdxbkl4VzdfN3NyR0xiZXJVWFp3SmtiVzZ1cXFNVDhGRF9oNWo1VC15R1V1bHR0QzIxR2ljU3BVRTlfYnNVRnVaLUZfLVdiTVpOVHFPcFZFXzA4OFFUcjF4QTFUM0JiOUZCb1hNTlZZUHlNc1NXcVRQVFJoeUZ6RUVqdEpESDJJTDJReGVUZUoxNGo0N2NibDhuWkNPbGE0TDBId0pwZERiUU1mcXFNal94SEo3RGxfRGVBVHk5RkE?oc=5\" target=\"_blank\" rel=\"nofollow noopener\">Alejandro Sanz responde a Candela M\u00e1rquez tras su ruptura: \u201cNo soy una perla\u201d<\/a>&nbsp;&nbsp;Diario AS<\/li>\n<li><a href=\"https:\/\/news.google.com\/rss\/articles\/CBMihgJBVV95cUxQcmkyZDJKejdKLXBQb283MGw5NjBVeDFPRDRrYldibGNXQTRNTjlQZm5FNzcxS25qVXNDNHhGOVZvVldUcVlBRXYyLVhJblpqaVBpOC00SGJoc1JFdlhSVDdaVkgzYk5hRHY5SnU1VWpJWUxOeVJ3U1R4bU9KZnhVdWNxQTJna19aS2ctaTNhcjdEa2ZjbHRfbGhneHZxemZscnVaa3JZc0ltWktDRE90NE1wNlBFRm9CSk9pX3FydjJiVzBOZDh3RjRQRkdYaWxLOXZsWTIxYlJHLXRlUmRiZmhUZnBWbVFPcmstbGV2ZTQ1WHhXVFBlQ2hOb1ZGQjJDOFF5cWxn0gGGAkFVX3lxTE9jcElvclBhM2ZicktOYksxRGhtd0F6YXVtYUo4dnA1dHRCai1oM08yWUhjQ2xxcG9PSjJVMFFHbFY3Q09NNkxvSWhHb1FMQnUxbEoteW9LYzlIaV9yQ2dxVHh1T2ZJVUtjell3SFpBYkVzczB5N2tmQ0c0NkIxbmpmdGxpUi1NaVYwVzJGXzdtcTRoM0JHZXZCMEhJV0lSOE5aZTZleEVQWmFLOFpLYzU3R1pIQ2RPaE9ZTXAxblZMTl9XWVU1dzNFSFJ4R3ZlZ0RTRXM0dWJMQmhfMWJpb253amw2LWFRd2g3akJDWGNNb3B1cWp6UUZuZ1loWXdnbGcxdFhKZ3c?oc=5\" target=\"_blank\" rel=\"nofollow noopener\">Tamara Gorro, sobre la ruptura de Alejandro Sanz: \u00ab\u00bfQui\u00e9n tiene tanto inter\u00e9s en relacionarle con Andrea<\/a>&nbsp;&nbsp;Antena 3<\/li>\n<li><a href=\"https:\/\/news.google.com\/rss\/articles\/CBMi9wFBVV95cUxQbkI3c2IxaHVRZF9hbklMQ3VEcDdJRzFfTnh1MHhrNmltanR4Q2V6SGZ2Y3NhRnhwTm5PR1d4U2FNM0ozVmptbWd5VmZOWW1Ia1dFX2c0bWZ3REpOa1NTV1VaTUdOV09VcmNJTXVvRWdnTVJvZkRJd3ZLUnJuXzhsUTNHS3V0M3FUOWpjcjFtcUhXeEdGSjczZlNPZ3R0YWsySU1xMnVuSGZlVURfUF9Ba0sya3U3M3Q4eUhLUWZ2cHFkay05WXFSQlVXMGFKYUZPUTJDMTJnWGJHVlNZakNWaFZlSmFvbjZSVENrZ2pBZ1FHejlxRkNZ0gH8AUFVX3lxTFBsUlpTeGJXbDg0eVRrd09YRFRoQy1uMXpkV0h1RkFZRXVNV3RtcVJseXBLanRENzNLYWZfY09mS0tNMkh3NDlWTnF0QnFmVGtud252djJxcjAwVGozVnpwazlhRUJvNEo2RnM4RkUybTdMbHZSX3FJLVRfalBpVGRQLVhiZUtrRkd0MTdnclZmQzA4czRaT1BjYzVHSlVCVGtsRk5zaVUxR1E2OFZvNUxGUTNzQUEtaTJZT1E0VjZVZDVBWHhJSjZsVjNGU0xnajJVSXFzby1xVm9saWtGYWlQUTZFbV8ycEVOUC1lV1FmMXB4YU9SZGVSMVVocA?oc=5\" target=\"_blank\" rel=\"nofollow noopener\">El v\u00eddeo en el que Candela M\u00e1rquez usa &#8216;La Perla&#8217;, de Rosal\u00eda, en medio de su ruptura con Alejandro Sanz, y una advertencia que suena a amenaza: \u00abAlg\u00fan d\u00eda&#8230;\u00bb<\/a>&nbsp;&nbsp;Cadena 100<\/li>\n<li><a href=\"https:\/\/news.google.com\/rss\/articles\/CBMiugFBVV95cUxON0FFU3RtN3FCU2kzTE5EZnJnbnZvOWFnS0dWaU0xQllMYTNDUFlnZkl2cUJlUUFZdlZmUWhLT1JJc1JOUFBBb1NYVVZKQ1BJN01oQUdTekdvTjVYNU52RndqRE9pQWhFNlRCV2pscVZjcWYwNjJJOWk5TmY2VENRVG16SlZPVlp3YnZRR3NiRUtTd3c0ek5DQ3RTNHFkd0lzc2pEYjF2bWhFd3NmLUNydWNucXo4WFBvd1E?oc=5\" target=\"_blank\" rel=\"nofollow noopener\">Las &#8216;pullas&#8217; entre Alejandro Sanz y Candela M\u00e1rquez tras su ruptura en &#8216;El tiempo justo&#8217;<\/a>&nbsp;&nbsp;Telecinco<\/li>\n<\/ol>\n","protected":false},"excerpt":{"rendered":"La contundente respuesta de Alejandro Sanz a C\u00e1ndela M\u00e1rquez tras su ruptura: \u00abYo no soy una perla, soy&hellip;\n","protected":false},"author":2,"featured_media":303864,"comment_status":"","ping_status":"","sticky":false,"template":"","format":"standard","meta":{"footnotes":""},"categories":[91],"tags":[517,10842,146,147,25,24,23],"class_list":{"0":"post-303863","1":"post","2":"type-post","3":"status-publish","4":"format-standard","5":"has-post-thumbnail","7":"category-entretenimiento","8":"tag-actualidad","9":"tag-alejandro-sanz","10":"tag-entertainment","11":"tag-entretenimiento","12":"tag-es","13":"tag-espana","14":"tag-spain"},"share_on_mastodon":{"url":"https:\/\/pubeurope.com\/@es\/115770824204292612","error":""},"_links":{"self":[{"href":"https:\/\/www.europesays.com\/es\/wp-json\/wp\/v2\/posts\/303863","targetHints":{"allow":["GET"]}}],"collection":[{"href":"https:\/\/www.europesays.com\/es\/wp-json\/wp\/v2\/posts"}],"about":[{"href":"https:\/\/www.europesays.com\/es\/wp-json\/wp\/v2\/types\/post"}],"author":[{"embeddable":true,"href":"https:\/\/www.europesays.com\/es\/wp-json\/wp\/v2\/users\/2"}],"replies":[{"embeddable":true,"href":"https:\/\/www.europesays.com\/es\/wp-json\/wp\/v2\/comments?post=303863"}],"version-history":[{"count":0,"href":"https:\/\/www.europesays.com\/es\/wp-json\/wp\/v2\/posts\/303863\/revisions"}],"wp:featuredmedia":[{"embeddable":true,"href":"https:\/\/www.europesays.com\/es\/wp-json\/wp\/v2\/media\/303864"}],"wp:attachment":[{"href":"https:\/\/www.europesays.com\/es\/wp-json\/wp\/v2\/media?parent=303863"}],"wp:term":[{"taxonomy":"category","embeddable":true,"href":"https:\/\/www.europesays.com\/es\/wp-json\/wp\/v2\/categories?post=303863"},{"taxonomy":"post_tag","embeddable":true,"href":"https:\/\/www.europesays.com\/es\/wp-json\/wp\/v2\/tags?post=303863"}],"curies":[{"name":"wp","href":"https:\/\/api.w.org\/{rel}","templated":true}]}}