{"id":303869,"date":"2025-12-23T20:44:09","date_gmt":"2025-12-23T20:44:09","guid":{"rendered":"https:\/\/www.europesays.com\/es\/303869\/"},"modified":"2025-12-23T20:44:09","modified_gmt":"2025-12-23T20:44:09","slug":"rios-grandes-transportadores-de-plastico-desechado","status":"publish","type":"post","link":"https:\/\/www.europesays.com\/es\/303869\/","title":{"rendered":"R\u00edos, grandes transportadores de pl\u00e1stico desechado"},"content":{"rendered":"<p>\t\t\t\t\t\t\t\t\t\t\t\t\t\tR\u00edos, grandes transportadores de pl\u00e1stico desechado<br \/>\n\t\t\t\t\t\t\t\t\t\t\t\t\t\t\u2022\tSe han formado islas t\u00f3xicas que han contaminado a los 15 afluentes m\u00e1s importantes de Asia, dijo Rosa Mar\u00eda G\u00f3mez Espinoza   <\/p>\n<p><a href=\"https:\/\/www.dgcs.unam.mx\/boletin\/bdboletin\/multimedia\/WAV251201\/907(1).jpg\" target=\"new\" rel=\"nofollow noopener\"><img decoding=\"async\" src=\"https:\/\/www.europesays.com\/es\/wp-content\/uploads\/2025\/12\/907(1)a.jpg\" alt=\"\"\/><\/a><\/p>\n<p align=\"justify\"><strong>En el agua, la  interacci\u00f3n de aire fr\u00edo y caliente, es decir cambios de temperatura, as\u00ed como  la rotaci\u00f3n de la Tierra, generan c\u00edrculos o remolinos que atraen desperdicios,  en su mayor\u00eda de esos materiales, los cuales conforman islas de pl\u00e1stico,  a\u00f1adi\u00f3. <\/strong><\/p>\n<p align=\"justify\"><strong>\u201cSi lo observamos de una  manera satelital, lo que apreciaremos son manchas; se trata entonces de islas  t\u00f3xicas que incluso han contaminado a los 15 r\u00edos m\u00e1s importantes de Asia,  ubicados en pa\u00edses como China, Filipinas, Indonesia, Vietnam y Sri Lanka; ah\u00ed  lucen bolsas, redes, hilos de pesca, latas, botellas, popotes, todo hecho de  pl\u00e1stico\u201d, describi\u00f3.<\/strong><\/p>\n<p align=\"justify\"><strong>Al participar en el Foro Abierto \u201cLa Ciencia m\u00e1s  all\u00e1 del aula\u201d, organizado por la Facultad de Qu\u00edmica de la UNAM, la tambi\u00e9n  investigadora de la Universidad Aut\u00f3noma del Estado de M\u00e9xico explic\u00f3 que se ha  atribuido la degradaci\u00f3n de los pl\u00e1sticos a la radiaci\u00f3n solar y al golpeteo  que hay en el agua. <\/strong><\/p>\n<p align=\"justify\"><strong>Estos remolinos -principalmente en el Pac\u00edfico  Norte, Pac\u00edfico Sur, Atl\u00e1ntico Sur y en el \u00cdndico- ocasionan que se  descompongan en micropl\u00e1sticos.<\/strong><\/p>\n<p align=\"justify\"><strong>G\u00f3mez Espinoza  indic\u00f3 que en el oc\u00e9ano 20 por ciento de la basura es producida por las  plataformas petroleras o la industria marina, y 80 por ciento por consumo  humano. <\/strong><\/p>\n<p align=\"justify\"><strong>\u201cEsto es algo que no se hab\u00eda detectado hasta que  se empezaron a vislumbrar las manchas residuales. La mayor de estas se halla en  el Pac\u00edfico Norte y se atribuye, presuntamente, a que mucha de la contaminaci\u00f3n  viene de China\u201d. Por ello, los peces cohabitan con la basura y con esos  micropl\u00e1sticos que se est\u00e1n degradando, adem\u00e1s de que los consumen. <\/strong><\/p>\n<p align=\"justify\"><strong>Ante ello, sugiri\u00f3 usar el pl\u00e1stico de manera m\u00e1s  consciente; tal vez podemos reutilizarlos, no tirarlos a la primera, se pueden  emplear para otra actividad y reciclar. <\/strong><\/p>\n<p align=\"justify\"><strong>G\u00f3mez Espinoza record\u00f3 que el auge del uso de esos  materiales sucedi\u00f3 hasta la Segunda Guerra Mundial, cuando personas  investigadoras comenzaron a interesarse en nuevos materiales para sustituir al  caucho y a los metales. <\/strong><\/p>\n<p align=\"justify\"><strong>En 1971 continu\u00f3 esta evoluci\u00f3n y empezamos a tener  la s\u00edntesis del cloruro de polivinilo y se produjo a gran escala. As\u00ed  evolucionamos al tener poliestireno, polietileno, policarbonato, polietileno de  baja y alta densidad, y se not\u00f3 la gran aplicaci\u00f3n de estos pol\u00edmeros.<\/strong><\/p>\n<p align=\"justify\"><strong>Se encontr\u00f3 una industria productiva, \u00fatil,  revolucionaria; sin embargo, en algunos casos se recurri\u00f3 al pl\u00e1stico de manera  indiscriminada, y en los \u00faltimos 15 a\u00f1os es cuando se ha producido la mayor  cantidad en la historia, por lo que se requiere racionarlo y confinarlo. <\/strong><\/p>\n<p align=\"justify\"><strong>\u00a0\u201c\u00bfQu\u00e9 bondades tiene? Aparte de la ligereza, porque  lo podemos llevar a todos lados, es la durabilidad, resistencia a la corrosi\u00f3n,  es vers\u00e1til, maleable, aislante t\u00e9rmico y el\u00e9ctrico, puede ser transparente,  opaco, colorido, pero adem\u00e1s se puede reciclar\u201d, concluy\u00f3.                                                    <\/strong><\/p>\n<p align=\"center\"><strong>\u2014oOo\u2014<\/strong><\/p>\n","protected":false},"excerpt":{"rendered":"R\u00edos, grandes transportadores de pl\u00e1stico desechado \u2022 Se han formado islas t\u00f3xicas que han contaminado a los 15&hellip;\n","protected":false},"author":2,"featured_media":303870,"comment_status":"","ping_status":"","sticky":false,"template":"","format":"standard","meta":{"footnotes":""},"categories":[42],"tags":[17,18,13,14,11,61,62,63,64,19,20,9,10,15,16,12,21,22,65,66,67],"class_list":{"0":"post-303869","1":"post","2":"type-post","3":"status-publish","4":"format-standard","5":"has-post-thumbnail","7":"category-internacional","8":"tag-breaking-news","9":"tag-breakingnews","10":"tag-featured-news","11":"tag-featurednews","12":"tag-headlines","13":"tag-internacional","14":"tag-international","15":"tag-international-news","16":"tag-internationalnews","17":"tag-latest-news","18":"tag-latestnews","19":"tag-news","20":"tag-noticias","21":"tag-noticias-destacadas","22":"tag-noticiasdestacadas","23":"tag-titulares","24":"tag-ultimas-noticias","25":"tag-ultimasnoticias","26":"tag-world","27":"tag-world-news","28":"tag-worldnews"},"share_on_mastodon":{"url":"https:\/\/pubeurope.com\/@es\/115770836499686328","error":""},"_links":{"self":[{"href":"https:\/\/www.europesays.com\/es\/wp-json\/wp\/v2\/posts\/303869","targetHints":{"allow":["GET"]}}],"collection":[{"href":"https:\/\/www.europesays.com\/es\/wp-json\/wp\/v2\/posts"}],"about":[{"href":"https:\/\/www.europesays.com\/es\/wp-json\/wp\/v2\/types\/post"}],"author":[{"embeddable":true,"href":"https:\/\/www.europesays.com\/es\/wp-json\/wp\/v2\/users\/2"}],"replies":[{"embeddable":true,"href":"https:\/\/www.europesays.com\/es\/wp-json\/wp\/v2\/comments?post=303869"}],"version-history":[{"count":0,"href":"https:\/\/www.europesays.com\/es\/wp-json\/wp\/v2\/posts\/303869\/revisions"}],"wp:featuredmedia":[{"embeddable":true,"href":"https:\/\/www.europesays.com\/es\/wp-json\/wp\/v2\/media\/303870"}],"wp:attachment":[{"href":"https:\/\/www.europesays.com\/es\/wp-json\/wp\/v2\/media?parent=303869"}],"wp:term":[{"taxonomy":"category","embeddable":true,"href":"https:\/\/www.europesays.com\/es\/wp-json\/wp\/v2\/categories?post=303869"},{"taxonomy":"post_tag","embeddable":true,"href":"https:\/\/www.europesays.com\/es\/wp-json\/wp\/v2\/tags?post=303869"}],"curies":[{"name":"wp","href":"https:\/\/api.w.org\/{rel}","templated":true}]}}