{"id":303881,"date":"2025-12-23T20:57:12","date_gmt":"2025-12-23T20:57:12","guid":{"rendered":"https:\/\/www.europesays.com\/es\/303881\/"},"modified":"2025-12-23T20:57:12","modified_gmt":"2025-12-23T20:57:12","slug":"los-detalles-de-una-semana-de-celebraciones","status":"publish","type":"post","link":"https:\/\/www.europesays.com\/es\/303881\/","title":{"rendered":"los detalles de una semana de celebraciones"},"content":{"rendered":"<p id=\"etxVcRFB3-\" data-wc=\"99\">Solo es necesaria una palabra para resumir a la perfecci\u00f3n el 2025 de <strong>Venus Williams<\/strong>: amor. Y es que es el sentimiento que ha estado presente cada d\u00eda de su vida en estos \u00faltimos doce meses. Comenz\u00f3 el a\u00f1o comprometi\u00e9ndose con<strong>\u00a0Andrea Preti<\/strong> y se preparan para despedirlo como marido y mujer tras dos bodas de ensue\u00f1o. La primera <a class=\"hm-link ho-link\" href=\"https:\/\/www.hola.com\/actualidad\/20250919856711\/venus-williams-se-casa-con-andrea-preti-en-una-boda-de-ensueno-en-ischia\/\" data-mrf-recirculation=\"article-body-link\" rel=\"nofollow noopener\" target=\"_blank\">se celebr\u00f3 en septiembre en Italia<\/a>, pa\u00eds donde surgi\u00f3 el flechazo, y la segunda el pasado fin de semana en Florida. <strong>Un enlace que se alarg\u00f3 durante seis d\u00edas, pr\u00e1cticamente una semana llena de actividades, regalos, sorpresas y muchos looks.<\/strong><\/p>\n<p> <img src=\"https:\/\/www.europesays.com\/es\/wp-content\/uploads\/2025\/12\/eed2125d5e19-gettyimages-2243518182.jpg\"   width=\"682\" height=\"1024\" loading=\"lazy\" decoding=\"async\" alt=\"La tenista y el int\u00e9rprete, en otro evento en Estados Unidos el pasado 26 de octubre\" fetchpriority=\"auto\" class=\"image ho-image\"\/>\u00a9 Getty Images<\/p>\n<p id=\"euzD--hLFt\" data-wc=\"112\">La pareja cit\u00f3 a sus invitados una semana antes del gran d\u00eda para comenzar a disfrutar de los eventos, de los que han contado los detalles en Vogue. Todo comenz\u00f3 con una idea de Serena, que le regal\u00f3 a su hermana y su cu\u00f1ado un yate en el que disfrutaron en alta mar con un grupo de \u00edntimos con los que estuvieron comiendo, hablando y bailando. A partir de ah\u00ed, <strong>cada d\u00eda organizaron una fiesta en la piscina de su casa para los invitados que fueron desplaz\u00e1ndose a Palm Beach desde diferentes puntos del mapa<\/strong>, especialmente desde Italia, tierra natal del novio y donde tiene con Venus un restaurante de comida org\u00e1nica.<\/p>\n<p id=\"eiOMBufmyE\" data-wc=\"58\">Una noche estuvieron en el restaurante Fortei del Marmi, especializado en cocina italiana y uno de los m\u00e1s exclusivos de Miami, con una impresionante terraza. <strong>El deporte es la vida de Venus y tambi\u00e9n estuvo presente en su larga preboda porque organizaron partidos de voleibol, tenis y carreras de obst\u00e1culos,<\/strong> pruebas que divirtieron mucho a todos los asistentes.<\/p>\n<p> <img src=\"https:\/\/www.europesays.com\/es\/wp-content\/uploads\/2025\/12\/5229f9b8eb2b-gettyimages-2201987655.jpg\"   width=\"682\" height=\"1024\" loading=\"lazy\" decoding=\"async\" alt=\"Venus y Andrea, derrochando complicidad\" fetchpriority=\"auto\" class=\"image ho-image\"\/>\u00a9 Getty Images<\/p>\n<p id=\"eXFs-ll5wu\" data-wc=\"83\">No falt\u00f3 la despedida de soltera, que se hizo en el patio de su mansi\u00f3n con tem\u00e1tica boudoir. La <a class=\"hm-link ho-link\" href=\"https:\/\/www.hola.com\/biografias\/venus-williams\/\" data-mrf-recirculation=\"article-body-link\" rel=\"nofollow noopener\" target=\"_blank\">ganadora de 23 Grand Slam<\/a> (7 individuales, 14 dobles femeninos y 2 dobles mixtos)<strong>\u00a0disfrut\u00f3 con sus \u00edntimas de una cena asi\u00e1tica y despu\u00e9s hicieron show musical en el que sonaron las canciones de Beyonc\u00e9<\/strong>. \u00a0Jennifer Zabinski, wedding planner al frente de JZ Events, ayud\u00f3 a la pareja a que todo saliera perfecto, como hizo con<a class=\"hm-link ho-link\" href=\"https:\/\/www.hola.com\/novias\/20171119102164\/serena-williams-vestido-novia\/\" data-mrf-recirculation=\"article-body-link\" rel=\"nofollow noopener\" target=\"_blank\"> la boda de Serena Williams y Alexis Ohanian<\/a>.<\/p>\n<p>Su boda tras varios d\u00edas de planes<\/p>\n<p id=\"e5mPbtBUGg\" data-wc=\"88\">\u00a0El viernes 19 de diciembre sellaron su uni\u00f3n en el juzgado, al que llegaron al amanecer para garantizar su privacidad. <strong>\u00abFue una ceremonia \u00fanica, emotiva y profunda. El segundo mejor d\u00eda de mi vida\u201d,<\/strong> sostiene Andrea. \u00abNo puedo describir lo hermoso, tranquilo, sagrado, emocionante y exaltado que fue\u00bb, dice Venus. Fue un sue\u00f1o\u00bb, ha dicho Venus, que eligi\u00f3 un vestido de Morilee New York entre los diez que le hicieron a medida. Adem\u00e1s, por si hab\u00eda alg\u00fan chivatazo, ten\u00eda preparado un conjunto cl\u00e1sico con el que pasar desapercibido.<\/p>\n<p id=\"ecvwZ3RkcB\" data-wc=\"89\">Al d\u00eda siguiente lleg\u00f3 la gran celebraci\u00f3n. Andrea se fue a desayunar con sus padres, mientras que Venus empez\u00f3 desde bien temprano a arreglarse. Eligi\u00f3 un <strong>vestido de Georges Hobeika con el que deslumbr\u00f3 mientras caminaba hacia el altar<\/strong> a la vez que sonaba la canci\u00f3n\u00a0Ovunque Sarai,\u00a0un homenaje a su abuela, que muri\u00f3 durante la crisis sanitaria. \u00a0Emocionado esperaba el novio, que eligi\u00f3 entrar con I&#8217;ll Be There, de los Jackson 5. Muy rom\u00e1ntico fue el momento en el que leyeron los votos, escritos por ellos mismos.\u00a0<\/p>\n<p> <img src=\"https:\/\/www.europesays.com\/es\/wp-content\/uploads\/2025\/12\/ec3147ca2e23-gettyimages-2243433091.jpg\"   width=\"1024\" height=\"682\" loading=\"lazy\" decoding=\"async\" alt=\"Andrea Preti y Venus Williams, en un evento de Swarovski el pasado 28 de octubre en Los \u00c1ngeles (California)\" fetchpriority=\"auto\" class=\"image ho-image\"\/>\u00a9 Getty Images<\/p>\n<p id=\"e9bD7N-8Le\" data-wc=\"68\">La fiesta posterior a la cena comenz\u00f3 con los novios bailando I Only Have Eyes for You, de los Flamingos. Adem\u00e1s, <strong>la celebraci\u00f3n continu\u00f3 hasta las 2 de la madrugada en un local al que se desplazaron en autob\u00fas,<\/strong> aunque en esa parte ya se ausent\u00f3 el novio. Concluy\u00f3 as\u00ed una largu\u00edsima boda prenavie\u00f1a de varias jornadas con la que comienza una nueva etapa para Venus y Andrea.<\/p>\n<p>Un desfile que acab\u00f3 en amor<\/p>\n<p id=\"eoMPh5UxbR\" data-wc=\"92\">El flechazo de Venus y Andrea comenz\u00f3 por casualidad, cuando menos lo esperaban. <strong>La tenista estaba con sus hermanas en Como cuando la invitaron a acudir a la Semana de la Moda de Mil\u00e1n y acept\u00f3 aunque no estaba en sus planes. El actor estaba cansado, pero finalmente acudi\u00f3. Esas decisiones cambiaron sus vidas.\u00a0<\/strong>Se conocieron en el c\u00f3ctel que organiz\u00f3 el entonces director creativo de Gucci tras el desfile de la firma, donde la hermana mayor de ella, al ver el inter\u00e9s de ambas partes, medi\u00f3 para que intercambiaran los tel\u00e9fonos.<\/p>\n<p id=\"eI5vxR7_LG\" data-wc=\"0\">\u00a0<\/p>\n<p id=\"eBp_WewGlP\" data-wc=\"0\"><strong>\u00a0<\/strong><\/p>\n","protected":false},"excerpt":{"rendered":"Solo es necesaria una palabra para resumir a la perfecci\u00f3n el 2025 de Venus Williams: amor. Y es&hellip;\n","protected":false},"author":2,"featured_media":303882,"comment_status":"","ping_status":"","sticky":false,"template":"","format":"standard","meta":{"footnotes":""},"categories":[174],"tags":[517,3164,255,634,146,147,25,24,256,23,1912],"class_list":{"0":"post-303881","1":"post","2":"type-post","3":"status-publish","4":"format-standard","5":"has-post-thumbnail","7":"category-famosos","8":"tag-actualidad","9":"tag-bodas","10":"tag-celebrities","11":"tag-deporte","12":"tag-entertainment","13":"tag-entretenimiento","14":"tag-es","15":"tag-espana","16":"tag-famosos","17":"tag-spain","18":"tag-venus-williams"},"share_on_mastodon":{"url":"https:\/\/pubeurope.com\/@es\/115770887661956487","error":""},"_links":{"self":[{"href":"https:\/\/www.europesays.com\/es\/wp-json\/wp\/v2\/posts\/303881","targetHints":{"allow":["GET"]}}],"collection":[{"href":"https:\/\/www.europesays.com\/es\/wp-json\/wp\/v2\/posts"}],"about":[{"href":"https:\/\/www.europesays.com\/es\/wp-json\/wp\/v2\/types\/post"}],"author":[{"embeddable":true,"href":"https:\/\/www.europesays.com\/es\/wp-json\/wp\/v2\/users\/2"}],"replies":[{"embeddable":true,"href":"https:\/\/www.europesays.com\/es\/wp-json\/wp\/v2\/comments?post=303881"}],"version-history":[{"count":0,"href":"https:\/\/www.europesays.com\/es\/wp-json\/wp\/v2\/posts\/303881\/revisions"}],"wp:featuredmedia":[{"embeddable":true,"href":"https:\/\/www.europesays.com\/es\/wp-json\/wp\/v2\/media\/303882"}],"wp:attachment":[{"href":"https:\/\/www.europesays.com\/es\/wp-json\/wp\/v2\/media?parent=303881"}],"wp:term":[{"taxonomy":"category","embeddable":true,"href":"https:\/\/www.europesays.com\/es\/wp-json\/wp\/v2\/categories?post=303881"},{"taxonomy":"post_tag","embeddable":true,"href":"https:\/\/www.europesays.com\/es\/wp-json\/wp\/v2\/tags?post=303881"}],"curies":[{"name":"wp","href":"https:\/\/api.w.org\/{rel}","templated":true}]}}