{"id":303883,"date":"2025-12-23T20:58:12","date_gmt":"2025-12-23T20:58:12","guid":{"rendered":"https:\/\/www.europesays.com\/es\/303883\/"},"modified":"2025-12-23T20:58:12","modified_gmt":"2025-12-23T20:58:12","slug":"julio-anaya-el-maestro-del-trampantojo-inaugura-en-china-una-retrospectiva","status":"publish","type":"post","link":"https:\/\/www.europesays.com\/es\/303883\/","title":{"rendered":"Julio Anaya, el maestro del trampantojo inaugura en China una retrospectiva"},"content":{"rendered":"<p><a class=\"v-mdl-ath__fig-a\" href=\"https:\/\/www.diariosur.es\/autor\/regina-sotorrio-550.html\" title=\"Regina Sotorr\u00edo\" rel=\"nofollow noopener\" target=\"_blank\"><br \/>\n<img decoding=\"async\" class=\"v-mdl-ath__img\" src=\"https:\/\/www.europesays.com\/es\/wp-content\/uploads\/2025\/12\/autor-550-foto-1.jpeg\" alt=\"Regina Sotorr\u00edo\"\/><br \/>\n<\/a><\/p>\n<p class=\"v-mdl-ath__p v-mdl-ath__p--6\">\nMartes, 23 de diciembre 2025, 14:18<\/p>\n<p class=\"v-p\">El arte de Julio Anaya sigue conquistando nuevos espacios por el mundo. El malague\u00f1o culmin\u00f3 su residencia art\u00edstica en China a trav\u00e9s de la Fundaci\u00f3n  &#8230; Mecenas Casa Natal Picasso con una gran retrospectiva en el Jiushi Museum de Shangh\u00e1i, su exposici\u00f3n m\u00e1s ambiciosa hasta la fecha. El artista reuni\u00f3 casi 70 obras de diferentes colecciones nacionales e internacionales bajo el t\u00edtulo &#8216;La mirada perpleja&#8217;, una expresi\u00f3n que remite a la sensaci\u00f3n que provoca en el espectador cuando se acerca a la pieza y se revela el &#8216;enga\u00f1o&#8217;. Anaya combina el apropiacionismo con su depurada t\u00e9cnica del trampantojo, con un efecto de realidad que impresiona en cuadros sobre cart\u00f3n que revisitan a Vel\u00e1zquez, Gauguin, Monet, Basquiat, Van Eyck, Picasso. Vermeer, Van Gogh, Modigliani y Warhol, entre muchos otros maestros de la Historia del Arte. No falt\u00f3 una fotograf\u00eda a escala de su Cristo del Amor pintando en unas ruinas de la Axarqu\u00eda. <\/p>\n<p class=\"v-p\">Casi de forma paralela, un &#8216;monet&#8217; y un &#8216;warhol&#8217; con su firma se expon\u00edan en Art Basel Miami. Y, al mismo tiempo, Julio Anaya se estren\u00f3 este 2025 en la creaci\u00f3n en serie con una edici\u00f3n limitada de su &#8216;Retrato de Dora Maar&#8217; (impresi\u00f3n sobre lienzo) intervenido y manipulado, que ha lanzado a trav\u00e9s de M\u00e1rmol&amp;Fa.<\/p>\n<p class=\"v-crt__t\"> L\u00edmite de sesiones alcanzadas<\/p>\n<p class=\"v-crt__p\">El acceso al contenido Premium est\u00e1 abierto por cortes\u00eda del establecimiento donde te encuentras, pero ahora mismo hay demasiados usuarios conectados a las vez.<\/p>\n<p class=\"v-crt__p\">Por favor, int\u00e9ntalo pasados unos minutos.<\/p>\n<p>\nVolver a intentar\n<\/p>\n<p class=\"v-crt__t\">Sesi\u00f3n cerrada<\/p>\n<p class=\"v-crt__p\">Al iniciar sesi\u00f3n desde un dispositivo distinto, por seguridad, se cerr\u00f3 la \u00faltima sesi\u00f3n en este.<\/p>\n<p class=\"v-crt__p\">Para continuar disfrutando de su suscripci\u00f3n digital, inicie sesi\u00f3n en este dispositivo.<\/p>\n<p>\nEste contenido es exclusivo para suscriptores\n<\/p>\n<p class=\"text\">\u00bfTienes una suscripci\u00f3n? <a href=\"https:\/\/secure.diariosur.es\/identidad\/inicio#vca=suscribete&amp;vso=diariosur&amp;vmc=on&amp;vli=cdn-ce-link-login\" class=\"login\" data-voc-vtm-id=\"comienzoSuscripcionON\" data-voc-vtm-info=\"cdn-ce-link-login\" rel=\"nofollow noopener\" target=\"_blank\">Inicia sesi\u00f3n<\/a><\/p>\n<p>Reporta un error<\/p>\n","protected":false},"excerpt":{"rendered":"Martes, 23 de diciembre 2025, 14:18 El arte de Julio Anaya sigue conquistando nuevos espacios por el mundo.&hellip;\n","protected":false},"author":2,"featured_media":303884,"comment_status":"","ping_status":"","sticky":false,"template":"","format":"standard","meta":{"footnotes":""},"categories":[173],"tags":[50459,229,233,231,230,1615,232,234,146,147,25,24,4520,888,20065,54552,23,71927],"class_list":{"0":"post-303883","1":"post","2":"type-post","3":"status-publish","4":"format-standard","5":"has-post-thumbnail","7":"category-arte-y-diseno","8":"tag-anaya","9":"tag-arte","10":"tag-arte-y-diseno","11":"tag-arts","12":"tag-arts-and-design","13":"tag-china","14":"tag-design","15":"tag-diseno","16":"tag-entertainment","17":"tag-entretenimiento","18":"tag-es","19":"tag-espana","20":"tag-inaugura","21":"tag-julio","22":"tag-maestro","23":"tag-retrospectiva","24":"tag-spain","25":"tag-trampantojo"},"share_on_mastodon":{"url":"https:\/\/pubeurope.com\/@es\/115770890899675713","error":""},"_links":{"self":[{"href":"https:\/\/www.europesays.com\/es\/wp-json\/wp\/v2\/posts\/303883","targetHints":{"allow":["GET"]}}],"collection":[{"href":"https:\/\/www.europesays.com\/es\/wp-json\/wp\/v2\/posts"}],"about":[{"href":"https:\/\/www.europesays.com\/es\/wp-json\/wp\/v2\/types\/post"}],"author":[{"embeddable":true,"href":"https:\/\/www.europesays.com\/es\/wp-json\/wp\/v2\/users\/2"}],"replies":[{"embeddable":true,"href":"https:\/\/www.europesays.com\/es\/wp-json\/wp\/v2\/comments?post=303883"}],"version-history":[{"count":0,"href":"https:\/\/www.europesays.com\/es\/wp-json\/wp\/v2\/posts\/303883\/revisions"}],"wp:featuredmedia":[{"embeddable":true,"href":"https:\/\/www.europesays.com\/es\/wp-json\/wp\/v2\/media\/303884"}],"wp:attachment":[{"href":"https:\/\/www.europesays.com\/es\/wp-json\/wp\/v2\/media?parent=303883"}],"wp:term":[{"taxonomy":"category","embeddable":true,"href":"https:\/\/www.europesays.com\/es\/wp-json\/wp\/v2\/categories?post=303883"},{"taxonomy":"post_tag","embeddable":true,"href":"https:\/\/www.europesays.com\/es\/wp-json\/wp\/v2\/tags?post=303883"}],"curies":[{"name":"wp","href":"https:\/\/api.w.org\/{rel}","templated":true}]}}