{"id":303910,"date":"2025-12-23T21:19:09","date_gmt":"2025-12-23T21:19:09","guid":{"rendered":"https:\/\/www.europesays.com\/es\/303910\/"},"modified":"2025-12-23T21:19:09","modified_gmt":"2025-12-23T21:19:09","slug":"el-999-de-la-plantilla-de-moventis-tcc-villavesas-acepta-el-pacto-extraestatutario","status":"publish","type":"post","link":"https:\/\/www.europesays.com\/es\/303910\/","title":{"rendered":"El 99,9% de la plantilla de Moventis TCC (villavesas) acepta el pacto extraestatutario"},"content":{"rendered":"<p>\n        El <strong>99,9% de la plantilla de TCC Moventis<\/strong>, <a href=\"https:\/\/www.noticiasdenavarra.com\/navarra\/comarca-de-pamplona\/2025\/12\/23\/modificaciones-villavesas-24-25-diciembre-10508502.html\" title=\"adjudicataria\" class=\"link copy\" rel=\"nofollow noopener\" target=\"_blank\">adjudicataria<\/a> del servicio de <a href=\"https:\/\/www.noticiasdenavarra.com\/tags\/tcc\/\" title=\"transporte urbano comarcal\" rel=\"nofollow noopener\" target=\"_blank\" class=\"link copy\">transporte urbano comarcal<\/a>, se ha adherido al convenio firmado en solitario por UGT con la empresa, en el que se incluyen los compromisos presentados por la Mancomunidad de la Comarca de Pamplona (MCP) para mejorar las condiciones de la plantilla, ha informado dicho sindicato en una nota de prensa. \u00abEsta apoyo respalda la decisi\u00f3n de nuestra organizaci\u00f3n\u00bb, ha manifestado UGT, quien<strong> suma siete de los 17 representantes<\/strong> en el comit\u00e9.\n<\/p>\n<p class=\"article-body__text \">\n        Este sindicato rubric\u00f3 en minor\u00eda con la empresa por lo que el convenio se califica de eficacia limitada y no general, es decir, <strong>cada trabajador y trabajadora de manera individual<\/strong> ha tenido que aceptar las condiciones pactadas mediante un documento de adhesi\u00f3n.\n<\/p>\n<p>        \u00abNos hemos dejado la piel para conseguir el mejor acuerdo posible y poner fin a un conflicto que ya no pod\u00eda durar m\u00e1s\u00bb<\/p>\n<p class=\"article-quote__author\">Alberto Long\u00e1s &#8211; Presidente del comit\u00e9 de Moventis TCC<\/p>\n<p class=\"article-body__text \">\n        \u00abTras casi once meses de conflicto y huelgas, la secci\u00f3n sindical de UGT firm\u00f3 por responsabilidad el acuerdo con el aval de su afiliaci\u00f3n, que reclam\u00f3 expresamente poner fin al conflicto, y <strong>convencidos del apoyo del resto de la plantilla<\/strong>, lo que as\u00ed se ha demostrado claramente con el respaldo mayoritario recibido\u00bb, ha expresado el sindicato, que ostenta la presidencia del comit\u00e9 en la persona de Alberto Long\u00e1s.\n<\/p>\n<p>  Casi 600 empleados<\/p>\n<p class=\"article-body__text \">\n        La plantilla suma casi 600 empleados y empleadas, y la pr\u00e1ctica totalidad ha aceptado la v\u00eda emprendida por UGT. El resto de la parte social se completa con CCOO (tres delegados), ELA (tres), LAB (dos) y ATTU (dos). \u00abIncluso los delegados y las delegadas de los sindicatos que no han estado dispuestos a rubricar y no han querido sacar adelante un convenio en mayor\u00eda, <strong>dedic\u00e1ndose a mentir y a difamar a los representantes de UGT<\/strong>, han firmado el pacto a nivel individual\u00bb, ha especificado UGT.\n<\/p>\n<p>  Paro el d\u00eda de Nochebuena<\/p>\n<p class=\"article-body__text \">\n        Por el momento, la mayor\u00eda sindical, que mantiene el paro de 24 horas el d\u00eda de Nochebuena, no ha anunciado p\u00fablicamente que se vaya a desconvocar. Ante esta situaci\u00f3n, UGT ha expresado su opini\u00f3n: \u00bb Es incongruente y vergonzoso que pese a haberse sumado al pacto integrantes del comit\u00e9 de CCOO, ELA, LAB y ATTU, al mismo tiempo sigan manteniendo los paros convocados estos d\u00edas, lo que \u00fanicamente perjudica a la ciudadan\u00eda y m\u00e1s siendo d\u00edas festivos<strong>. No les importa utilizar a los usuarios a su antojo por sus intereses propios<\/strong>\u00ab.\n<\/p>\n<p>  Preocupaci\u00f3n <\/p>\n<p class=\"article-body__text \">\n        Por su parte, Moventis TCC ha mostrado su \u00abpreocupaci\u00f3n\u00bb ante la decisi\u00f3n de los sindicatos CCOO, ELA, LAB y ATTU de mantener convocadas las jornadas de huelga para <strong>los d\u00edas 24 y 31 de diciembre<\/strong>, \u00abpese a que ya ha sido firmado de manera masiva por la pr\u00e1ctica totalidad de la plantilla un pacto extraestatutario (<strong>o acuerdo de eficacia limitada<\/strong>)\u00bb.\n<\/p>\n<p class=\"article-body__text \">\n         \u00abAnte esta realidad\u00bb, la compa\u00f1\u00eda ha considerado que \u00abmantener la huelga<strong> no responde a la defensa de condiciones econ\u00f3micas de la plantilla<\/strong>, que ya han sido mejoradas mediante el acuerdo, sino a una decisi\u00f3n intencionada que <strong>castiga deliberadamente a la ciudadan\u00eda<\/strong> y degrada un servicio p\u00fablico esencial\u00bb.\n<\/p>\n<p>  Desplazamientos navide\u00f1os<\/p>\n<p class=\"article-body__text \">\n        Moventis TCC Pamplona ha asegurado en una nota que \u00abespecialmente grave resulta la convocatoria del 24 de diciembre, d\u00eda con<strong> una demanda extraordinaria asociada a actividades<\/strong> y desplazamientos navide\u00f1os\u00bb.\n<\/p>\n<p class=\"article-body__text \">\n        La empresa ha resaltado que, \u00ab<strong>en jornadas de huelga, la operativa queda condicionada por los servicios m\u00ednimos <\/strong>establecidos por la autoridad competente, lo que limita de forma significativa la capacidad de adaptaci\u00f3n y de refuerzos del servicio, creando un perjuicio innecesario a las personas que dependen para sus desplazamientos de este servicio esencial\u00bb.<\/p>\n","protected":false},"excerpt":{"rendered":"El 99,9% de la plantilla de TCC Moventis, adjudicataria del servicio de transporte urbano comarcal, se ha adherido&hellip;\n","protected":false},"author":2,"featured_media":303911,"comment_status":"","ping_status":"","sticky":false,"template":"","format":"standard","meta":{"footnotes":""},"categories":[268],"tags":[5588,71936,20777,168,25,24,71939,280,282,71937,8248,1429,281,23,167,71938],"class_list":{"0":"post-303910","1":"post","2":"type-post","3":"status-publish","4":"format-standard","5":"has-post-thumbnail","7":"category-futbol","8":"tag-5588","9":"tag-71936","10":"tag-apoya","11":"tag-deportes","12":"tag-es","13":"tag-espana","14":"tag-extraestatutario","15":"tag-football","16":"tag-futbol","17":"tag-moventis","18":"tag-pacto","19":"tag-plantilla","20":"tag-soccer","21":"tag-spain","22":"tag-sports","23":"tag-tcc"},"share_on_mastodon":{"url":"https:\/\/pubeurope.com\/@es\/115770973668111860","error":""},"_links":{"self":[{"href":"https:\/\/www.europesays.com\/es\/wp-json\/wp\/v2\/posts\/303910","targetHints":{"allow":["GET"]}}],"collection":[{"href":"https:\/\/www.europesays.com\/es\/wp-json\/wp\/v2\/posts"}],"about":[{"href":"https:\/\/www.europesays.com\/es\/wp-json\/wp\/v2\/types\/post"}],"author":[{"embeddable":true,"href":"https:\/\/www.europesays.com\/es\/wp-json\/wp\/v2\/users\/2"}],"replies":[{"embeddable":true,"href":"https:\/\/www.europesays.com\/es\/wp-json\/wp\/v2\/comments?post=303910"}],"version-history":[{"count":0,"href":"https:\/\/www.europesays.com\/es\/wp-json\/wp\/v2\/posts\/303910\/revisions"}],"wp:featuredmedia":[{"embeddable":true,"href":"https:\/\/www.europesays.com\/es\/wp-json\/wp\/v2\/media\/303911"}],"wp:attachment":[{"href":"https:\/\/www.europesays.com\/es\/wp-json\/wp\/v2\/media?parent=303910"}],"wp:term":[{"taxonomy":"category","embeddable":true,"href":"https:\/\/www.europesays.com\/es\/wp-json\/wp\/v2\/categories?post=303910"},{"taxonomy":"post_tag","embeddable":true,"href":"https:\/\/www.europesays.com\/es\/wp-json\/wp\/v2\/tags?post=303910"}],"curies":[{"name":"wp","href":"https:\/\/api.w.org\/{rel}","templated":true}]}}