{"id":303912,"date":"2025-12-23T21:20:14","date_gmt":"2025-12-23T21:20:14","guid":{"rendered":"https:\/\/www.europesays.com\/es\/303912\/"},"modified":"2025-12-23T21:20:14","modified_gmt":"2025-12-23T21:20:14","slug":"ivet-playa-prepara-el-testimonio-definitivo-sobre-su-relacion-con-alejandro-sanz-tras-confirmarse-la-ruptura-con-candela-marquez","status":"publish","type":"post","link":"https:\/\/www.europesays.com\/es\/303912\/","title":{"rendered":"Ivet Play\u00e0 prepara el testimonio definitivo sobre su relaci\u00f3n con Alejandro Sanz tras confirmarse la ruptura con Candela M\u00e1rquez"},"content":{"rendered":"<p><img loading=\"lazy\" decoding=\"async\" src=\"https:\/\/www.europesays.com\/es\/wp-content\/uploads\/2025\/08\/cortazar-beatriz.jpg\" itemtype=\"\/\/schema.org\/ImageObject\" itemprop=\"url\" alt=\"Beatriz Cort\u00e1zar\" width=\"64\" height=\"64\" pinger-seen=\"true\"\/><\/p>\n<p>La primera vez que <b>Ivet Play\u00e0 <\/b>sali\u00f3 en la redes sociales para hablar de la relaci\u00f3n que hab\u00eda tenido con el cantante<b> Alejandro Sanz<\/b> la que se organiz\u00f3 fue de \u00f3rdago. Ivet visit\u00f3 un plato de televisi\u00f3n, donde intent\u00f3 narrar su experiencia y donde se dio cuenta de que el tiempo iba en su contra. El ritmo de los programas de televisi\u00f3n es trepidante y el testimonio de esta mujer necesita su espacio y su paciencia, y desde luego, el formato no era el m\u00e1s adecuado.<\/p>\n<p>Han pasado los meses, ha asumido esos errores, <b>ha presentado incluso algunas demandas a ciertos colaboradores<\/b> que considera que se pasaron siete pueblos con ella, y ahora regresa dispuesta, esta vez s\u00ed, a hacerse o\u00edr y hacerse entender.<b> Ivet ha grabado unos v\u00eddeos donde, en primera persona, narra los ocho a\u00f1os en los que ha estado vinculada al m\u00fasico de diferentes formas<\/b>.<b> Su historia comenz\u00f3 cuando apenas ten\u00eda 16 a\u00f1os<\/b> y quer\u00eda hacer un trabajo en el colegio centrado en las letras de las canciones de Alejandro. Ese fue el primer contacto. De aquellos consejos <b>pas\u00f3 a formar parte del grupo de fans del artista y viajar a muchos de sus conciertos<\/b>. De esos viajes tambi\u00e9n<b> pas\u00f3 a formar parte del staff y hacer algunos trabajos espec\u00edficos de promoci\u00f3n. Y de all\u00ed, a una relaci\u00f3n \u00edntima<\/b> que tuvo su tiempo de caducidad y que no termin\u00f3 nada bien.<\/p>\n<p><b>Ivet ha aprendido la elecci\u00f3n y se prepara para realizar este testimonio en formato documental o diario en YouTube<\/b>, que tiene muy avanzado y sobre todo muy bien organizado. Como buena deportista de \u00e9lite, es una mujer meticulosa y ordenada y guarda todo lo que necesita para explicarse y relatar c\u00f3mo una joven an\u00f3nima de familia religiosa y costumbres muy tradicionales acaba liada con un astro del pop que ha partido el coraz\u00f3n de todas sus seguidoras. No es un ataque, no es una denuncia ni tampoco son ganas de revancha. Es su vida y evidentemente si no estuviera junto a la de Alejandro no tendr\u00eda inter\u00e9s medi\u00e1tico, pero los hechos son los hechos y qui\u00e9n mejor que ella para contarlo y mostrar c\u00f3mo vivi\u00f3 y c\u00f3mo sinti\u00f3 una historia que le ha marcado durante demasiado tiempo.<\/p>\n<p>Habr\u00e1 quien la entienda y habr\u00e1 quien siga pensando que se trata de una fan loca y despechada, pero creo que despu\u00e9s de ver con detenimiento esos v\u00eddeos y escuchar con paciencia a Ivet las cosas no son como muchos piensan. Est\u00e1 en su derecho de contar su vida y explicar algunas reacciones de una ni\u00f1a que pas\u00f3 a mujer y lo hizo en un mundo que le vino muy grande.<b> Cuando se lance solo pide paciencia y empat\u00eda. No va a emprender una guerra ni tan siquiera un primer asalto. De momento se est\u00e1 reuniendo con productores y medios de comunicaci\u00f3n<\/b> para ver finalmente en qu\u00e9 formato puede contar lo que ha vivido en primera persona y lo que desea compartir para que tal vez alguien encuentre en sus vivencias una mano amiga o un consejo.<\/p>\n<p>WhatsApp<a href=\"https:\/\/api.whatsapp.com\/send?text=https:\/\/www.eleconomista.es\/informalia\/famosos\/noticias\/13704366\/12\/25\/ivet-play-prepara-el-testimonio-definitivo-sobre-su-relacion-con-alejandro-sanz-tras-confirmarse-la-ruptura-con-candela-marquez.html?utm_source%3Dwhatsapp%26utm_medium%3Dshare_button&amp;id=1648118629957_whatsapp\" target=\"_blank\" data-action=\"share\/whatsapp\/share\" aria-label=\"Compartir en Whatsapp\" rel=\"nofollow noopener\"><\/a>Facebook<a id=\"fb-share\" href=\"#\" target=\"_blank\" rel=\"noopener noreferrer\" aria-label=\"Compartir en Facebook\"><\/a>Twitter<a href=\"https:\/\/twitter.com\/share?text=Ivet+Play%C3%A0+prepara+el+testimonio+definitivo+sobre+su+relaci%C3%B3n+con+Alejandro+Sanz+tras+confirmarse+la+ruptura+con+Candela+M%C3%A1rquez&amp;url=https:\/\/www.eleconomista.es\/informalia\/famosos\/noticias\/13704366\/12\/25\/ivet-play-prepara-el-testimonio-definitivo-sobre-su-relacion-con-alejandro-sanz-tras-confirmarse-la-ruptura-con-candela-marquez.html&amp;via=Informalia&amp;id=1648118839245_twitter\" target=\"_blank\" aria-label=\"Compartir en Twitter\" rel=\"nofollow noopener\"><\/a>Linkedin<a onclick=\"return abrirLinkedin();\" href=\"https:\/\/www.linkedin.com\/shareArticle?text=Ivet+Play%C3%A0+prepara+el+testimonio+definitivo+sobre+su+relaci%C3%B3n+con+Alejandro+Sanz+tras+confirmarse+la+ruptura+con+Candela+M%C3%A1rquez&amp;url=https:\/\/www.eleconomista.es\/informalia\/famosos\/noticias\/13704366\/12\/25\/ivet-play-prepara-el-testimonio-definitivo-sobre-su-relacion-con-alejandro-sanz-tras-confirmarse-la-ruptura-con-candela-marquez.html&amp;mini=true\" target=\"_blank\" aria-label=\"Compartir en linkedin\" rel=\"nofollow noopener\"><\/a>Beloud<a href=\"https:\/\/beloud.com\/share?text=Ivet+Play%C3%A0+prepara+el+testimonio+definitivo+sobre+su+relaci%C3%B3n+con+Alejandro+Sanz+tras+confirmarse+la+ruptura+con+Candela+M%C3%A1rquez&amp;url=https:\/\/www.eleconomista.es\/informalia\/famosos\/noticias\/13704366\/12\/25\/ivet-play-prepara-el-testimonio-definitivo-sobre-su-relacion-con-alejandro-sanz-tras-confirmarse-la-ruptura-con-candela-marquez.html&amp;via=Informalia&amp;id=1648118839245_beloud\" target=\"_blank\" aria-label=\"Compartir en beloud\" rel=\"nofollow noopener\"><\/a>Bluesky<a href=\"https:\/\/bsky.app\/intent\/compose?text=https:\/\/bsky.app\/intent\/compose?text=https:\/\/www.eleconomista.es\/informalia\/famosos\/noticias\/13704366\/12\/25\/ivet-play-prepara-el-testimonio-definitivo-sobre-su-relacion-con-alejandro-sanz-tras-confirmarse-la-ruptura-con-candela-marquez.html&amp;url=https:\/\/www.eleconomista.es\/informalia\/famosos\/noticias\/13704366\/12\/25\/ivet-play-prepara-el-testimonio-definitivo-sobre-su-relacion-con-alejandro-sanz-tras-confirmarse-la-ruptura-con-candela-marquez.html&amp;via=elEconomistaes&amp;id=1648118839245_bluesky\" target=\"_blank\" aria-label=\"Compartir en bluesky\" rel=\"nofollow noopener\"><\/a><\/p>\n<p><script async src=\"https:\/\/platform.twitter.com\/widgets.js\" charset=\"utf-8\"><\/script><\/p>\n","protected":false},"excerpt":{"rendered":"La primera vez que Ivet Play\u00e0 sali\u00f3 en la redes sociales para hablar de la relaci\u00f3n que hab\u00eda&hellip;\n","protected":false},"author":2,"featured_media":303913,"comment_status":"","ping_status":"","sticky":false,"template":"","format":"standard","meta":{"footnotes":""},"categories":[174],"tags":[255,146,147,25,24,256,260,23],"class_list":{"0":"post-303912","1":"post","2":"type-post","3":"status-publish","4":"format-standard","5":"has-post-thumbnail","7":"category-famosos","8":"tag-celebrities","9":"tag-entertainment","10":"tag-entretenimiento","11":"tag-es","12":"tag-espana","13":"tag-famosos","14":"tag-gente","15":"tag-spain"},"share_on_mastodon":{"url":"https:\/\/pubeurope.com\/@es\/115770978666357311","error":""},"_links":{"self":[{"href":"https:\/\/www.europesays.com\/es\/wp-json\/wp\/v2\/posts\/303912","targetHints":{"allow":["GET"]}}],"collection":[{"href":"https:\/\/www.europesays.com\/es\/wp-json\/wp\/v2\/posts"}],"about":[{"href":"https:\/\/www.europesays.com\/es\/wp-json\/wp\/v2\/types\/post"}],"author":[{"embeddable":true,"href":"https:\/\/www.europesays.com\/es\/wp-json\/wp\/v2\/users\/2"}],"replies":[{"embeddable":true,"href":"https:\/\/www.europesays.com\/es\/wp-json\/wp\/v2\/comments?post=303912"}],"version-history":[{"count":0,"href":"https:\/\/www.europesays.com\/es\/wp-json\/wp\/v2\/posts\/303912\/revisions"}],"wp:featuredmedia":[{"embeddable":true,"href":"https:\/\/www.europesays.com\/es\/wp-json\/wp\/v2\/media\/303913"}],"wp:attachment":[{"href":"https:\/\/www.europesays.com\/es\/wp-json\/wp\/v2\/media?parent=303912"}],"wp:term":[{"taxonomy":"category","embeddable":true,"href":"https:\/\/www.europesays.com\/es\/wp-json\/wp\/v2\/categories?post=303912"},{"taxonomy":"post_tag","embeddable":true,"href":"https:\/\/www.europesays.com\/es\/wp-json\/wp\/v2\/tags?post=303912"}],"curies":[{"name":"wp","href":"https:\/\/api.w.org\/{rel}","templated":true}]}}