{"id":303944,"date":"2025-12-23T21:44:09","date_gmt":"2025-12-23T21:44:09","guid":{"rendered":"https:\/\/www.europesays.com\/es\/303944\/"},"modified":"2025-12-23T21:44:09","modified_gmt":"2025-12-23T21:44:09","slug":"manana-las-finales-real-sociedad-de-futbol-s-a-d","status":"publish","type":"post","link":"https:\/\/www.europesays.com\/es\/303944\/","title":{"rendered":"Ma\u00f1ana, las finales &#8211; Real Sociedad de F\u00fatbol S.A.D."},"content":{"rendered":"<p>La fiesta del f\u00fatbol alev\u00edn llega ya a su momento cumbre. Tras los equipos clasificados en la primera jornada de ayer, ocho equipos m\u00e1s han logrado hoy el pase para la jornada final de ma\u00f1ana. En estos dos d\u00edas m\u00e1s de un millar de ni\u00f1os han disfrutado de esta actividad que se ha convertido en un cl\u00e1sico de la navidad. Despu\u00e9s de los partidos disputados hoy, ma\u00f1ana ser\u00e1 el turno de las finales. Los equipos clasificados para las rondas finales han sido los siguientes: Vasconia, Elgoibar, Ostadar, Martutene, Anaitasuna, Euskalduna, Sanse, Zarautz, Mundarro, Real Uni\u00f3n, San Marcial y A\u00f1orga.<\/p>\n<p>\u00a0<\/p>\n<p><b><a href=\"http:\/\/cdn.realsociedad.eus\/Uploads\/editor\/2025%20Alevin%20Txapelketa.pdf\" rel=\"nofollow noopener\" target=\"_blank\">RESULTADOS, CLASIFICACI\u00d3N Y HORARIOS DE LAS FINALES<\/a><\/b><\/p>\n<p>\u00a0<\/p>\n<p>\u00a0<\/p>\n<p>\u00a0<\/p>\n<p style=\"font-size: 10px;\">En caso de no querer que las im\u00e1genes en las que pueda aparecer Ud. o alg\u00fan menor que est\u00e9 bajo su tutela sean publicadas en los canales de comunicaci\u00f3n oficiales del CLUB, por favor, h\u00e1ganoslo saber en la siguiente direcci\u00f3n de correo electr\u00f3nico, y procederemos a su inmediata retirada:\u00a0<a href=\"https:\/\/www.realsociedad.eus\/es\/noticias\/detalle\/mailto:pdcp@realsociedad.eus\" target=\"_blank\" rel=\"nofollow noopener\">pdcp@realsociedad.eus<\/a>. La pol\u00edtica de privacidad correspondiente se encuentra en el siguiente enlace:\u00a0<a href=\"https:\/\/eur03.safelinks.protection.outlook.com\/?url=https%3A%2F%2Fcdn.realsociedad.eus%2FUploads%2FCntDetalles%2F503%2F1%2Facd80c62-c8f7-4b75-9eb4-d09362fb43cd.pdf&amp;data=05%7C02%7Ciban.oyarzabal%40realsociedad.eus%7C81b93fe8878148b6e36d08dc18e1547b%7C9c6611029e534fd4a86bb4f4afbb3f3c%7C0%7C0%7C638412603264452558%7CUnknown%7CTWFpbGZsb3d8eyJWIjoiMC4wLjAwMDAiLCJQIjoiV2luMzIiLCJBTiI6Ik1haWwiLCJXVCI6Mn0%3D%7C3000%7C%7C%7C&amp;sdata=BIhA0vH%2FGmCStxHHnO%2FebBxP6lgPLAJPPz%2BiO%2Bbt0wo%3D&amp;reserved=0\" rel=\"nofollow noopener\" target=\"_blank\">https:\/\/cdn.realsociedad.eus\/\/Uploads\/CntDetalles\/503\/1\/acd80c62-c8f7-4b75-9eb4-d09362fb43cd.pdf<\/a><\/p>\n","protected":false},"excerpt":{"rendered":"La fiesta del f\u00fatbol alev\u00edn llega ya a su momento cumbre. Tras los equipos clasificados en la primera&hellip;\n","protected":false},"author":2,"featured_media":303945,"comment_status":"","ping_status":"","sticky":false,"template":"","format":"standard","meta":{"footnotes":""},"categories":[268],"tags":[168,25,24,280,282,1044,798,281,492,23,167],"class_list":{"0":"post-303944","1":"post","2":"type-post","3":"status-publish","4":"format-standard","5":"has-post-thumbnail","7":"category-futbol","8":"tag-deportes","9":"tag-es","10":"tag-espana","11":"tag-football","12":"tag-futbol","13":"tag-liga","14":"tag-real","15":"tag-soccer","16":"tag-sociedad","17":"tag-spain","18":"tag-sports"},"share_on_mastodon":{"url":"https:\/\/pubeurope.com\/@es\/115771071939831111","error":""},"_links":{"self":[{"href":"https:\/\/www.europesays.com\/es\/wp-json\/wp\/v2\/posts\/303944","targetHints":{"allow":["GET"]}}],"collection":[{"href":"https:\/\/www.europesays.com\/es\/wp-json\/wp\/v2\/posts"}],"about":[{"href":"https:\/\/www.europesays.com\/es\/wp-json\/wp\/v2\/types\/post"}],"author":[{"embeddable":true,"href":"https:\/\/www.europesays.com\/es\/wp-json\/wp\/v2\/users\/2"}],"replies":[{"embeddable":true,"href":"https:\/\/www.europesays.com\/es\/wp-json\/wp\/v2\/comments?post=303944"}],"version-history":[{"count":0,"href":"https:\/\/www.europesays.com\/es\/wp-json\/wp\/v2\/posts\/303944\/revisions"}],"wp:featuredmedia":[{"embeddable":true,"href":"https:\/\/www.europesays.com\/es\/wp-json\/wp\/v2\/media\/303945"}],"wp:attachment":[{"href":"https:\/\/www.europesays.com\/es\/wp-json\/wp\/v2\/media?parent=303944"}],"wp:term":[{"taxonomy":"category","embeddable":true,"href":"https:\/\/www.europesays.com\/es\/wp-json\/wp\/v2\/categories?post=303944"},{"taxonomy":"post_tag","embeddable":true,"href":"https:\/\/www.europesays.com\/es\/wp-json\/wp\/v2\/tags?post=303944"}],"curies":[{"name":"wp","href":"https:\/\/api.w.org\/{rel}","templated":true}]}}