{"id":303959,"date":"2025-12-23T21:53:18","date_gmt":"2025-12-23T21:53:18","guid":{"rendered":"https:\/\/www.europesays.com\/es\/303959\/"},"modified":"2025-12-23T21:53:18","modified_gmt":"2025-12-23T21:53:18","slug":"paco-montalvo-origen-teatro-gayarre","status":"publish","type":"post","link":"https:\/\/www.europesays.com\/es\/303959\/","title":{"rendered":"PACO MONTALVO. \u00abORIGEN\u00bb &#8211; Teatro Gayarre"},"content":{"rendered":"<p>Paco Montalvo\u00a0es un artista excepcional e innovador, cuyo virtuosismo y estilo inconfundible han cautivado al p\u00fablico de todo el mundo.<\/p>\n<p>Ha presentado su m\u00fasica en algunos de los escenarios m\u00e1s emblem\u00e1ticos del panorama internacional: desde el Carnegie Hall de Nueva York y el Mozarteum de Salzburgo, hasta el Palacio del Danubio en Budapest, el Gran Teatre del Liceu, el Palau de la M\u00fasica de Barcelona o el Teatro Real de Madrid, entre muchos otros templos de la m\u00fasica.<\/p>\n<p>En esta ocasi\u00f3n, Paco Montalvo regresa acompa\u00f1ado por su cuadro flamenco, integrado por guitarra flamenca, palmas, coros y baile. Una fusi\u00f3n vibrante que convierte cada interpretaci\u00f3n en una experiencia sensorial irrepetible.<\/p>\n<p>Una oportunidad extraordinaria para vivir un concierto irrepetible.<\/p>\n<p><strong>ESPECT\u00c1CULO ORGANIZADO POR MARALVO MUSIC, S.L.<\/strong><\/p>\n","protected":false},"excerpt":{"rendered":"Paco Montalvo\u00a0es un artista excepcional e innovador, cuyo virtuosismo y estilo inconfundible han cautivado al p\u00fablico de todo&hellip;\n","protected":false},"author":2,"featured_media":303960,"comment_status":"","ping_status":"","sticky":false,"template":"","format":"standard","meta":{"footnotes":""},"categories":[91],"tags":[146,147,25,24,185,23,39393],"class_list":{"0":"post-303959","1":"post","2":"type-post","3":"status-publish","4":"format-standard","5":"has-post-thumbnail","7":"category-entretenimiento","8":"tag-entertainment","9":"tag-entretenimiento","10":"tag-es","11":"tag-espana","12":"tag-musica","13":"tag-spain","14":"tag-teatro-gayarre"},"share_on_mastodon":{"url":"https:\/\/pubeurope.com\/@es\/115771107405456700","error":""},"_links":{"self":[{"href":"https:\/\/www.europesays.com\/es\/wp-json\/wp\/v2\/posts\/303959","targetHints":{"allow":["GET"]}}],"collection":[{"href":"https:\/\/www.europesays.com\/es\/wp-json\/wp\/v2\/posts"}],"about":[{"href":"https:\/\/www.europesays.com\/es\/wp-json\/wp\/v2\/types\/post"}],"author":[{"embeddable":true,"href":"https:\/\/www.europesays.com\/es\/wp-json\/wp\/v2\/users\/2"}],"replies":[{"embeddable":true,"href":"https:\/\/www.europesays.com\/es\/wp-json\/wp\/v2\/comments?post=303959"}],"version-history":[{"count":0,"href":"https:\/\/www.europesays.com\/es\/wp-json\/wp\/v2\/posts\/303959\/revisions"}],"wp:featuredmedia":[{"embeddable":true,"href":"https:\/\/www.europesays.com\/es\/wp-json\/wp\/v2\/media\/303960"}],"wp:attachment":[{"href":"https:\/\/www.europesays.com\/es\/wp-json\/wp\/v2\/media?parent=303959"}],"wp:term":[{"taxonomy":"category","embeddable":true,"href":"https:\/\/www.europesays.com\/es\/wp-json\/wp\/v2\/categories?post=303959"},{"taxonomy":"post_tag","embeddable":true,"href":"https:\/\/www.europesays.com\/es\/wp-json\/wp\/v2\/tags?post=303959"}],"curies":[{"name":"wp","href":"https:\/\/api.w.org\/{rel}","templated":true}]}}