{"id":303963,"date":"2025-12-23T21:55:12","date_gmt":"2025-12-23T21:55:12","guid":{"rendered":"https:\/\/www.europesays.com\/es\/303963\/"},"modified":"2025-12-23T21:55:12","modified_gmt":"2025-12-23T21:55:12","slug":"samsung-liderara-los-debates-sobre-inteligencia-artificial-y-el-futuro-de-la-tecnologia-en-ces-2026-samsung-newsroom-colombia","status":"publish","type":"post","link":"https:\/\/www.europesays.com\/es\/303963\/","title":{"rendered":"Samsung liderar\u00e1 los debates sobre Inteligencia Artificial y el futuro de la tecnolog\u00eda en CES 2026 \u2013 Samsung Newsroom Colombia"},"content":{"rendered":"<p>                La compa\u00f1\u00eda realizar\u00e1 cuatro Foros de Tecnolog\u00eda con expertos de la industria para analizar tendencias clave en IA, hogares inteligentes, servicios digitales y dise\u00f1o<\/p>\n<p style=\"font-weight: 400;\"><img loading=\"lazy\" decoding=\"async\" class=\"aligncenter wp-image-22574\" src=\"https:\/\/www.europesays.com\/es\/wp-content\/uploads\/2025\/12\/Tech-Forum-Image_Revised-e1766503466289.jpg\" alt=\"\" width=\"705\" height=\"397\"\/><\/p>\n<p>\u00a0<\/p>\n<p style=\"font-weight: 400;\">Samsung Electronics Co., Ltd. anunci\u00f3 que organizar\u00e1 una serie de\u00a0<strong>Foros de Tecnolog\u00eda en el marco del CES 2026<\/strong>, con el objetivo de abrir la conversaci\u00f3n sobre las principales tendencias que est\u00e1n definiendo el futuro de la industria tecnol\u00f3gica y compartir su visi\u00f3n estrat\u00e9gica en torno a la\u00a0inteligencia artificial (IA).<\/p>\n<p>\u00a0<\/p>\n<p style=\"font-weight: 400;\">Los Foros de Tecnolog\u00eda de Samsung, que buscan destacar las tendencias de la industria y revelar la visi\u00f3n y estrategia distintivas de la empresa en IA, se llevar\u00e1n a cabo los d\u00edas\u00a0<strong>5 y 6 de enero<\/strong>\u00a0en el espacio exclusivo de exhibici\u00f3n de Samsung, ubicado en el\u00a0<strong>Latour Ballroom del Hotel Wynn Las Vegas<\/strong>. En total, se realizar\u00e1n\u00a0cuatro paneles de discusi\u00f3n, enfocados en inteligencia artificial, electrodom\u00e9sticos inteligentes, servicios digitales y dise\u00f1o centrado en las personas.<\/p>\n<p>\u00a0<\/p>\n<p style=\"font-weight: 400;\">Cada sesi\u00f3n contar\u00e1 con la participaci\u00f3n de ejecutivos de Samsung, aliados estrat\u00e9gicos, acad\u00e9micos, analistas de la industria y representantes de medios especializados, quienes abordar\u00e1n los desaf\u00edos y oportunidades que surgen a medida que la tecnolog\u00eda se integra de forma m\u00e1s profunda en la vida cotidiana.<\/p>\n<p>\u00a0<\/p>\n<p><strong>Agenda de los Foros de Tecnolog\u00eda de Samsung<\/strong><\/p>\n<p style=\"font-weight: 400;\"><strong>\u00a0<\/strong><\/p>\n<ul>\n<li><strong>Cuando todo encaja: c\u00f3mo los ecosistemas abiertos impulsan una IA con impacto<br \/><\/strong>5 de enero \u2013 9:00 a. m.<br \/><strong>Yoonho Choi<\/strong><strong>,<\/strong> Divisi\u00f3n de Electrodom\u00e9sticos Digitales de Samsung Electronics y presidente de la Home Connectivity Alliance<br \/>Los l\u00edderes en hogares inteligentes debatir\u00e1n sobre la importancia de la colaboraci\u00f3n entre industrias y los factores clave para integrar tecnolog\u00edas conectadas de forma pr\u00e1ctica y significativa en la vida diaria de las personas.<\/li>\n<li><strong>\u00bfEn la tecnolog\u00eda confiamos? Repensando la seguridad y la privacidad en la era de la IA<br \/><\/strong>5 de enero \u2013 2:00 p. m.<br \/><strong>Shin Baik,<\/strong> director del Grupo del Centro de Plataformas de IA de Samsung Electronics<br \/>Expertos en seguridad e IA analizar\u00e1n c\u00f3mo la transparencia, la protecci\u00f3n de datos y los sistemas confiables son esenciales para fortalecer la adopci\u00f3n responsable de la IA.<\/li>\n<li><strong>FAST Forward: c\u00f3mo la nueva ola del streaming est\u00e1 redefiniendo la televisi\u00f3n<br \/><\/strong>5 de enero \u2013 4:00 p. m.<br \/><strong>Salek Brodsky,<\/strong> vicepresidente Ejecutivo de Visual Display Business, Samsung Electronics<br \/>Referentes de la industria del entretenimiento explorar\u00e1n el auge del streaming gratuito con publicidad (FAST), los modelos h\u00edbridos y los contenidos liderados por creadores, y su impacto en una experiencia televisiva m\u00e1s interactiva.<\/li>\n<li><strong>El lado humano de la tecnolog\u00eda: dise\u00f1ando un futuro que valga la pena amar<br \/><\/strong>6 de enero \u2013 1:00 p. m.<br \/><strong>Mauro Porcini,<\/strong> presidente y director de Dise\u00f1o de la Divisi\u00f3n DX de Samsung Electronics<br \/>L\u00edderes del dise\u00f1o reflexionar\u00e1n sobre la necesidad de ir m\u00e1s all\u00e1 de las especificaciones t\u00e9cnicas para crear productos m\u00e1s expresivos, centrados en las personas y potenciados por la creatividad, la IA y nuevos materiales.<\/li>\n<\/ul>\n<p>\u00a0<\/p>\n<p style=\"font-weight: 400;\">Adem\u00e1s de esos debates, los Foros de Tecnolog\u00eda complementar\u00e1n la exhibici\u00f3n de las\u00a0<strong>m\u00e1s recientes innovaciones de Samsung<\/strong>, que podr\u00e1n conocerse en la\u00a0<strong>Zona de Exposiciones del Wynn Las Vegas<\/strong>\u00a0del\u00a0<strong>5 al 7 de enero<\/strong>, donde la compa\u00f1\u00eda mostrar\u00e1 c\u00f3mo sus soluciones conectadas est\u00e1n transformando la experiencia del usuario.<\/p>\n","protected":false},"excerpt":{"rendered":"La compa\u00f1\u00eda realizar\u00e1 cuatro Foros de Tecnolog\u00eda con expertos de la industria para analizar tendencias clave en IA,&hellip;\n","protected":false},"author":2,"featured_media":303964,"comment_status":"","ping_status":"","sticky":false,"template":"","format":"standard","meta":{"footnotes":""},"categories":[80],"tags":[82,71957,67529,95,94,25,24,23,71958,70950],"class_list":{"0":"post-303963","1":"post","2":"type-post","3":"status-publish","4":"format-standard","5":"has-post-thumbnail","7":"category-economia","8":"tag-business","9":"tag-ces","10":"tag-ces-2026","11":"tag-economia","12":"tag-economy","13":"tag-es","14":"tag-espana","15":"tag-spain","16":"tag-tech-forum","17":"tag-the-first-look"},"share_on_mastodon":{"url":"https:\/\/pubeurope.com\/@es\/115771115322962530","error":""},"_links":{"self":[{"href":"https:\/\/www.europesays.com\/es\/wp-json\/wp\/v2\/posts\/303963","targetHints":{"allow":["GET"]}}],"collection":[{"href":"https:\/\/www.europesays.com\/es\/wp-json\/wp\/v2\/posts"}],"about":[{"href":"https:\/\/www.europesays.com\/es\/wp-json\/wp\/v2\/types\/post"}],"author":[{"embeddable":true,"href":"https:\/\/www.europesays.com\/es\/wp-json\/wp\/v2\/users\/2"}],"replies":[{"embeddable":true,"href":"https:\/\/www.europesays.com\/es\/wp-json\/wp\/v2\/comments?post=303963"}],"version-history":[{"count":0,"href":"https:\/\/www.europesays.com\/es\/wp-json\/wp\/v2\/posts\/303963\/revisions"}],"wp:featuredmedia":[{"embeddable":true,"href":"https:\/\/www.europesays.com\/es\/wp-json\/wp\/v2\/media\/303964"}],"wp:attachment":[{"href":"https:\/\/www.europesays.com\/es\/wp-json\/wp\/v2\/media?parent=303963"}],"wp:term":[{"taxonomy":"category","embeddable":true,"href":"https:\/\/www.europesays.com\/es\/wp-json\/wp\/v2\/categories?post=303963"},{"taxonomy":"post_tag","embeddable":true,"href":"https:\/\/www.europesays.com\/es\/wp-json\/wp\/v2\/tags?post=303963"}],"curies":[{"name":"wp","href":"https:\/\/api.w.org\/{rel}","templated":true}]}}