{"id":303965,"date":"2025-12-23T21:56:07","date_gmt":"2025-12-23T21:56:07","guid":{"rendered":"https:\/\/www.europesays.com\/es\/303965\/"},"modified":"2025-12-23T21:56:07","modified_gmt":"2025-12-23T21:56:07","slug":"el-consejo-de-seguridad-aborda-las-tensiones-entre-estados-unidos-y-venezuela","status":"publish","type":"post","link":"https:\/\/www.europesays.com\/es\/303965\/","title":{"rendered":"El Consejo de Seguridad aborda las tensiones entre Estados Unidos y Venezuela"},"content":{"rendered":"<p>El subsecretario general adjunto de las Naciones Unidas para Asuntos Pol\u00edticos y de Consolidaci\u00f3n de la Paz y para Operaciones de Paz, Khaled Khiari, advirti\u00f3 este martes ante el <a href=\"https:\/\/main.un.org\/securitycouncil\/es\" rel=\"nofollow noopener\" target=\"_blank\">Consejo de Seguridad<\/a> sobre un aumento significativo de las tensiones entre Estados Unidos y Venezuela, tras el aumento de la presencia y operaciones militares estadounidenses en el sur del Caribe, frente a las costas venezolanas.<\/p>\n<p>Durante su intervenci\u00f3n, Khiari se\u00f1al\u00f3 que estas operaciones se han incrementado desde la \u00faltima sesi\u00f3n del Consejo sobre el tema, celebrada el 10 de octubre. Washington ha justificado sus acciones como parte de un \u201cconflicto armado no internacional\u201d contra el narcotr\u00e1fico, invocando el Art\u00edculo 51 de la <a href=\"https:\/\/www.un.org\/es\/about-us\/un-charter\" rel=\"nofollow noopener\" target=\"_blank\">Carta de las Naciones Unidas<\/a>. El presidente estadounidense, Donald Trump, ha afirmado p\u00fablicamente que utilizar\u00e1 \u201c<strong>todo el poder de Estados Unidos<\/strong>\u201d para erradicar los c\u00e1rteles de la droga, sin importar el lugar desde el cual operen.<\/p>\n<p>El Gobierno de Venezuela ha rechazado esta narrativa y ha denunciado las medidas estadounidenses como una amenaza grave a la paz y la seguridad internacionales. En comunicaciones formales dirigidas al Consejo de Seguridad, Caracas acus\u00f3 a Estados Unidos de violar la prohibici\u00f3n del uso o la amenaza de la fuerza, as\u00ed como su soberan\u00eda y su integridad territorial.<\/p>\n<p>Ataques contra embarcaciones en el Caribe<\/p>\n<p>Khiari inform\u00f3 que Estados Unidos ha continuado realizando ataques contra embarcaciones sospechosas de transportar drogas en sur del Caribe y el Pac\u00edfico Oriental. Seg\u00fan datos proporcionados por autoridades estadounidenses, <strong>al menos 105 personas han muerto en estas operaciones<\/strong> desde el 2 de septiembre. El funcionario subray\u00f3 que no se han divulgado las ubicaciones exactas de los incidentes, m\u00e1s all\u00e1 de que ocurrieron en \u201caguas internacionales\u201d o \u201cdentro del \u00e1rea de responsabilidad del Comando Sur\u201d.<\/p>\n<p>El funcionario record\u00f3 que el Alto Comisionado de la ONU para los Derechos Humanos calific\u00f3 estos ataques a\u00e9reos como <strong>contrarios al derecho internacional<\/strong>, al sostener que la lucha contra el narcotr\u00e1fico debe abordarse como una cuesti\u00f3n de aplicaci\u00f3n de la ley y no mediante el uso letal de la fuerza. Asimismo, reiter\u00f3 el llamado a realizar investigaciones independientes y transparentes.<\/p>\n<p>Bloqueo a\u00e9reo y naval<\/p>\n<p>La escalada se agrav\u00f3 a finales de noviembre y diciembre, cuando Washington design\u00f3 al denominado Cartel de los Soles como organizaci\u00f3n terrorista extranjera, declar\u00f3 el cierre total del espacio a\u00e9reo venezolano e incaut\u00f3 varios buques petroleros frente a sus costas. Estados Unidos tambi\u00e9n impuso nuevas sanciones contra empresas navieras vinculadas al sector petrolero venezolano.<\/p>\n<p>Las autoridades venezolanas describieron estas acciones como un bloqueo a\u00e9reo y naval unilateral. En respuesta, informes recientes indican que la armada venezolana <strong>ha comenzado a escoltar buques petroleros\u00a0<\/strong>que parten de sus puertos.<\/p>\n<p>Khiari destac\u00f3 que, aunque algunos aliados regionales han respaldado las medidas estadounidenses, otros Estados han expresado su preocupaci\u00f3n por la creciente militarizaci\u00f3n del sur del Caribe y han pedido respetar el derecho internacional y la soberan\u00eda de los Estados. Varios pa\u00edses han insistido en la necesidad de <strong>distender las tensiones y promover el di\u00e1logo.<\/strong><\/p>\n<p>En su intervenci\u00f3n, el subsecretario general adjunto tambi\u00e9n abord\u00f3 la situaci\u00f3n interna de Venezuela, marcada por una mayor militarizaci\u00f3n, denuncias de reclutamiento forzado, <strong>restricciones a las libertades fundamentales<\/strong> y un deterioro econ\u00f3mico que afecta a millones de personas. Se\u00f1al\u00f3 adem\u00e1s que las sanciones econ\u00f3micas han tenido un impacto desproporcionado sobre los sectores m\u00e1s vulnerables.<\/p>\n<p>Finalmente, Khiari transmiti\u00f3 el mensaje del <a href=\"https:\/\/www.un.org\/sg\/es\" rel=\"nofollow noopener\" target=\"_blank\">Secretario General<\/a> de la ONU, quien reiter\u00f3 su disposici\u00f3n a apoyar iniciativas de di\u00e1logo y mediaci\u00f3n entre las partes. \u201cEl di\u00e1logo, concluy\u00f3, es la \u00fanica v\u00eda para evitar una mayor inestabilidad y sufrimiento humano en la regi\u00f3n\u201d.<\/p>\n<p>Noticia en desarrollo\u2026<\/p>\n","protected":false},"excerpt":{"rendered":"El subsecretario general adjunto de las Naciones Unidas para Asuntos Pol\u00edticos y de Consolidaci\u00f3n de la Paz y&hellip;\n","protected":false},"author":2,"featured_media":303966,"comment_status":"","ping_status":"","sticky":false,"template":"","format":"standard","meta":{"footnotes":""},"categories":[42],"tags":[17,18,13,14,11,61,62,63,64,19,20,9,10,15,16,12,21,22,65,66,67],"class_list":{"0":"post-303965","1":"post","2":"type-post","3":"status-publish","4":"format-standard","5":"has-post-thumbnail","7":"category-internacional","8":"tag-breaking-news","9":"tag-breakingnews","10":"tag-featured-news","11":"tag-featurednews","12":"tag-headlines","13":"tag-internacional","14":"tag-international","15":"tag-international-news","16":"tag-internationalnews","17":"tag-latest-news","18":"tag-latestnews","19":"tag-news","20":"tag-noticias","21":"tag-noticias-destacadas","22":"tag-noticiasdestacadas","23":"tag-titulares","24":"tag-ultimas-noticias","25":"tag-ultimasnoticias","26":"tag-world","27":"tag-world-news","28":"tag-worldnews"},"share_on_mastodon":{"url":"https:\/\/pubeurope.com\/@es\/115771119084650504","error":""},"_links":{"self":[{"href":"https:\/\/www.europesays.com\/es\/wp-json\/wp\/v2\/posts\/303965","targetHints":{"allow":["GET"]}}],"collection":[{"href":"https:\/\/www.europesays.com\/es\/wp-json\/wp\/v2\/posts"}],"about":[{"href":"https:\/\/www.europesays.com\/es\/wp-json\/wp\/v2\/types\/post"}],"author":[{"embeddable":true,"href":"https:\/\/www.europesays.com\/es\/wp-json\/wp\/v2\/users\/2"}],"replies":[{"embeddable":true,"href":"https:\/\/www.europesays.com\/es\/wp-json\/wp\/v2\/comments?post=303965"}],"version-history":[{"count":0,"href":"https:\/\/www.europesays.com\/es\/wp-json\/wp\/v2\/posts\/303965\/revisions"}],"wp:featuredmedia":[{"embeddable":true,"href":"https:\/\/www.europesays.com\/es\/wp-json\/wp\/v2\/media\/303966"}],"wp:attachment":[{"href":"https:\/\/www.europesays.com\/es\/wp-json\/wp\/v2\/media?parent=303965"}],"wp:term":[{"taxonomy":"category","embeddable":true,"href":"https:\/\/www.europesays.com\/es\/wp-json\/wp\/v2\/categories?post=303965"},{"taxonomy":"post_tag","embeddable":true,"href":"https:\/\/www.europesays.com\/es\/wp-json\/wp\/v2\/tags?post=303965"}],"curies":[{"name":"wp","href":"https:\/\/api.w.org\/{rel}","templated":true}]}}