{"id":303982,"date":"2025-12-23T22:11:14","date_gmt":"2025-12-23T22:11:14","guid":{"rendered":"https:\/\/www.europesays.com\/es\/303982\/"},"modified":"2025-12-23T22:11:14","modified_gmt":"2025-12-23T22:11:14","slug":"yo-hablo-lo-que-me-da-la-gana","status":"publish","type":"post","link":"https:\/\/www.europesays.com\/es\/303982\/","title":{"rendered":"\u00abYo hablo lo que me da la gana\u00bb"},"content":{"rendered":"<p style=\"\">La primera impresi\u00f3n entre <strong>Fabio<\/strong> (43) e <strong>Ilaria<\/strong> (41) <a href=\"https:\/\/www.abc.es\/play\/television\/noticias\/soltera-pies-cita-flipado-ante-proposicion-lugar-20251222221129-nt.html\" target=\"_self\" data-voc-vtm-id=\"in-text-traffic\" title=\"en &#039;First Dates&#039;\" data-mrf-link=\"www.abc.es\" rel=\"nofollow noopener\">en &#8216;First Dates&#8217;<\/a> no auguraba una cita muy prometedora. Sin embargo, ninguno imagin\u00f3 que buscar el amor en el &#8216;dating show&#8217; les costar\u00eda pasar una velada \u00abinc\u00f3moda\u00bb y \u00abdesagradable\u00bb. As\u00ed terminar\u00eda describiendo el  &#8230; boxeador italiano afincado en Barcelona el tiempo compartido con su pretendienta. <\/p>\n<p class=\"voc-p\" style=\"\">Un buen rato antes, el soltero con aspecto de \u00abtipo duro\u00bb, aunque de car\u00e1cter sensible, se presentaba en el restaurante en busca de una mujer sexualmente activa y sin grandes prejuicios. <\/p>\n<p class=\"voc-p\" style=\"\">El equipo de celestinos lo emparejaban con una compatriota a la que le hab\u00eda ido tambi\u00e9n fatal en el amor. Aunque nada m\u00e1s verlo, supo que <strong>Fabio<\/strong> no se sumar\u00eda a su lista de conquistas. \u00abLa primera impresi\u00f3n no ha sido nada buena. Me hubiera gustado un chico m\u00e1s atractivo. Prefiero una pareja espa\u00f1ola porque son m\u00e1s abiertos de mente. Son m\u00e1s modernos\u00bb, declaraba en los totales. Tal disgusto se llev\u00f3 que se plante\u00f3 incluso marcharse en ese momento, pero seg\u00fan ella no lo hizo por educaci\u00f3n. <\/p>\n<p>\nIlaria se niega a darle un beso a Fabio\n<\/p>\n<p class=\"voc-p\" style=\"\">Quiz\u00e1 de esa manera se hubiera ahorrado una cita tensa e inc\u00f3moda en la que volaron los cuchillos. <strong>Fabio<\/strong> abri\u00f3 la veda comentado que prefer\u00eda a una chica con pelo largo. \u00abPues yo hab\u00eda pedido a un chico alto y t\u00fa no eres alto\u00bb, apostill\u00f3 la italiana, con evidente tono de fastidio. A \u00e9l no le hizo ninguna gracia la r\u00e9plica de su acompa\u00f1ante, hasta el punto de poner en pie para demostrar que \u00absi te quitas los zapatos, eres m\u00e1s bajita que yo\u00bb. <\/p>\n<p class=\"voc-p\" style=\"\">Tras el combativo arranque de la cena, amagaron con mantener una conversaci\u00f3n para conocerse. Pero el &#8216;feeling&#8217; brill\u00f3 por su ausencia. <strong>Ilaria<\/strong> se quej\u00f3 de que <strong>Fabio<\/strong> no par\u00f3 de cortarla e imponi\u00e9ndose. \u00abEst\u00e1 todo el rato hablando \u00e9l\u00bb, apunt\u00f3 ante el equipo de <strong>&#8216;First Dates<\/strong>&#8216;. Por su parte, el boxeador apuntaba que no le gustaban las italianas porque suelen tener mucho car\u00e1cter. <\/p>\n<p><img decoding=\"async\" loading=\"lazy\" src=\"https:\/\/www.europesays.com\/es\/wp-content\/uploads\/2025\/12\/dates_20251223213531-U10587506668BUg-760x427@diario_abc.png\" class=\"voc-img\" width=\"760\" height=\"427\" alt=\"Otro momento de la cita\" data-voc-vtm-id=\"in-text-traffic\"\/><\/p>\n<p>Otro momento de la cita<\/p>\n<p>Cuatro<\/p>\n<p class=\"voc-p\" style=\"\">Al percibir la tensi\u00f3n en el ambiente, incluso al hablar de sexo, el &#8216;staff&#8217; del restaurante opt\u00f3 por un \u00faltimo intento de que acercaran posturas en la intimidad del reservado. A trav\u00e9s de un juego, le propon\u00edan a Ilaria a \u00abdarle un beso sexy a <strong>Fabio<\/strong>\u00bb, algo a lo que la soltera se negaba de forma tajante y con desprecio. \u00abEres un poco desagradable. Me he sentido muy inc\u00f3modo. Hay que tener un poco m\u00e1s de tacto. Queda muy feo lo que haces. Yo no lo har\u00eda\u00bb, le reprochaba el soltero. La soltera intentaba defenderse, sin embargo, \u00e9l la mandaba callar. \u00abYo hablo lo que me da la gana\u00bb, espetaba, notablemente cabreada. \u00abA m\u00ed tampoco me gustas f\u00edsicamente, pero no estoy metiendo el dedo en la llaga\u00bb, contraatac\u00f3 <strong>Fabio<\/strong>. <\/p>\n<p class=\"voc-p\" style=\"\">Evidentemente, la decisi\u00f3n final de ambos estaba clara. De hecho, la redactora del programa no tuvo ni que preguntar si quer\u00edan una segunda cita. <strong>Ilaria<\/strong> se encarg\u00f3 de dejar claro que la respuesta era un rotundo &#8216;no&#8217;.<\/p>\n","protected":false},"excerpt":{"rendered":"La primera impresi\u00f3n entre Fabio (43) e Ilaria (41) en &#8216;First Dates&#8217; no auguraba una cita muy prometedora.&hellip;\n","protected":false},"author":2,"featured_media":303983,"comment_status":"","ping_status":"","sticky":false,"template":"","format":"standard","meta":{"footnotes":""},"categories":[171],"tags":[10341,2721,71959,146,147,25,24,9915,2720,4355,13331,2145,7714,23,575,214],"class_list":{"0":"post-303982","1":"post","2":"type-post","3":"status-publish","4":"format-standard","5":"has-post-thumbnail","7":"category-tv","8":"tag-citas","9":"tag-dates","10":"tag-desagradables","11":"tag-entertainment","12":"tag-entretenimiento","13":"tag-es","14":"tag-espana","15":"tag-estalla","16":"tag-first","17":"tag-gana","18":"tag-hablo","19":"tag-programa","20":"tag-soltera","21":"tag-spain","22":"tag-tras","23":"tag-tv"},"share_on_mastodon":{"url":"https:\/\/pubeurope.com\/@es\/115771178406063357","error":""},"_links":{"self":[{"href":"https:\/\/www.europesays.com\/es\/wp-json\/wp\/v2\/posts\/303982","targetHints":{"allow":["GET"]}}],"collection":[{"href":"https:\/\/www.europesays.com\/es\/wp-json\/wp\/v2\/posts"}],"about":[{"href":"https:\/\/www.europesays.com\/es\/wp-json\/wp\/v2\/types\/post"}],"author":[{"embeddable":true,"href":"https:\/\/www.europesays.com\/es\/wp-json\/wp\/v2\/users\/2"}],"replies":[{"embeddable":true,"href":"https:\/\/www.europesays.com\/es\/wp-json\/wp\/v2\/comments?post=303982"}],"version-history":[{"count":0,"href":"https:\/\/www.europesays.com\/es\/wp-json\/wp\/v2\/posts\/303982\/revisions"}],"wp:featuredmedia":[{"embeddable":true,"href":"https:\/\/www.europesays.com\/es\/wp-json\/wp\/v2\/media\/303983"}],"wp:attachment":[{"href":"https:\/\/www.europesays.com\/es\/wp-json\/wp\/v2\/media?parent=303982"}],"wp:term":[{"taxonomy":"category","embeddable":true,"href":"https:\/\/www.europesays.com\/es\/wp-json\/wp\/v2\/categories?post=303982"},{"taxonomy":"post_tag","embeddable":true,"href":"https:\/\/www.europesays.com\/es\/wp-json\/wp\/v2\/tags?post=303982"}],"curies":[{"name":"wp","href":"https:\/\/api.w.org\/{rel}","templated":true}]}}