{"id":303990,"date":"2025-12-23T22:15:11","date_gmt":"2025-12-23T22:15:11","guid":{"rendered":"https:\/\/www.europesays.com\/es\/303990\/"},"modified":"2025-12-23T22:15:11","modified_gmt":"2025-12-23T22:15:11","slug":"sanidad-insta-a-las-personas-con-sintomas-gripales-a-usar-mascarilla-para-evitar-la-transmision-de-virus-respiratorios-gomera-verde","status":"publish","type":"post","link":"https:\/\/www.europesays.com\/es\/303990\/","title":{"rendered":"Sanidad insta a las personas con s\u00edntomas gripales a usar mascarilla para evitar la transmisi\u00f3n de virus respiratorios | Gomera Verde"},"content":{"rendered":"<p>La vacunaci\u00f3n contra la gripe se ha incrementado un quince por ciento respecto al mismo per\u00edodo del a\u00f1o anterior, lo que implica que 246.000 personas se han vacunado ya contra este virus respiratorio<\/p>\n<p><img decoding=\"async\" alt=\"[Img #101878]\" class=\"RichTextAlignCenter\" src=\"https:\/\/www.europesays.com\/es\/wp-content\/uploads\/2025\/12\/9767_00.jpg\"\/><\/p>\n<p>\u00a0<\/p>\n<p>La Consejer\u00eda de Sanidad del Gobierno de Canarias recuerda la importancia del uso de la mascarilla quir\u00fargica para todas aquellas personas que presenten s\u00edntomas gripales, con el objetivo de prevenir la transmisi\u00f3n de la enfermedad y reducir el riesgo de contagio sobre todo a la poblaci\u00f3n m\u00e1s vulnerable.<\/p>\n<p>En este sentido, y teniendo en cuenta que nos encontramos en fechas de reencuentros familiares, que tienen lugar en su mayor\u00eda en espacios cerrados, se recuerda a aquellas personas que presentan s\u00edntomas como tos, fiebre, malestar general, dolor de garganta, congesti\u00f3n y secreci\u00f3n nasal, entre otros, que es recomendable el uso de mascarilla para evitar la transmisi\u00f3n del virus.<\/p>\n<p><strong>En caso de tener s\u00edntomas gripales, adem\u00e1s del uso de la mascarilla, se recomienda:<\/strong><\/p>\n<p>\u00b7 Incrementar la ventilaci\u00f3n de las estancias.<\/p>\n<p>\u00b7 Realizar higiene de manos con frecuencia, sobre todo tras sonarse la nariz o toser.<\/p>\n<p>\u00b7 Taparse la boca y la nariz al estornudar o toser con el brazo o con un pa\u00f1uelo de papel.<\/p>\n<p>\u00b7 Utilizar pa\u00f1uelos desechables, tir\u00e1ndolos tras cada uso.<\/p>\n<p>\u00b7 Evitar el contacto muy cercano con personas vulnerables.<\/p>\n<p>\u00b7 No compartir vasos, cubiertos, toallas y otros objetos que hayan podido estar en contacto con saliva o secreciones.<\/p>\n<p>Recomendaciones en el \u00e1mbito sanitario<\/p>\n<p>Tambi\u00e9n se recomienda el uso de mascarilla quir\u00fargica a todas las personas, tanto personal sanitario como pacientes y acompa\u00f1antes, en \u00e1mbitos vulnerables de centros sanitarios como las salas de tratamientos quimioter\u00e1picos, unidades de trasplante, sala de urgencias y UCIs.<\/p>\n<p>Recomendaci\u00f3n de la vacunaci\u00f3n<\/p>\n<p>La campa\u00f1a de vacunaci\u00f3n estacional contra la gripe se ha incrementado un 14,94 por ciento con respecto al mismo periodo de 2024, seg\u00fan los datos de la Direcci\u00f3n General de Salud P\u00fablica del Servicio Canario de la Salud (SCS).<\/p>\n<p>En total se ha vacunado a 246.194 personas, de las cuales 11.612 dosis han sido suministradas en la \u00faltima semana, lo que supone un incremento del 40,5 por ciento con respecto a la misma semana del a\u00f1o 2024.<\/p>\n<p>La Direcci\u00f3n General de Salud P\u00fablica, adem\u00e1s, recuerda la importancia de la vacunaci\u00f3n como principal herramienta para prevenir complicaciones en caso de contagio.<\/p>\n<p>Incidencia de la gripe en Canarias<\/p>\n<p>Seg\u00fan el informe de vigilancia de infecci\u00f3n respiratoria aguda (IRA) en Canarias elaborado por la Direcci\u00f3n General de Salud P\u00fablica del SCS correspondiente a la semana del 8 al 14de diciembre, publicado el pasado viernes, la tasa de incidencia de la gripe es de 151,4 casos por 100.000 habitantes, lo que sit\u00faa a Canarias en escenario 1, de riesgo moderado. Si bien, los datos indican que estamos en un per\u00edodo de ascenso cercano al escenario 2 por lo que es importante que tanto el sistema sanitario como la poblaci\u00f3n tome medidas de protecci\u00f3n simples pero efectivas como es el uso de la mascarilla cuando se tiene s\u00edntomas gripales.<\/p>\n<p>\u00a0<\/p>\n","protected":false},"excerpt":{"rendered":"La vacunaci\u00f3n contra la gripe se ha incrementado un quince por ciento respecto al mismo per\u00edodo del a\u00f1o&hellip;\n","protected":false},"author":2,"featured_media":303991,"comment_status":"","ping_status":"","sticky":false,"template":"","format":"standard","meta":{"footnotes":""},"categories":[92],"tags":[1896,14491,168,25,24,14490,14493,14487,165,14489,14488,10,166,14492,23],"class_list":{"0":"post-303990","1":"post","2":"type-post","3":"status-publish","4":"format-standard","5":"has-post-thumbnail","7":"category-salud","8":"tag-canarias","9":"tag-chacaras","10":"tag-deportes","11":"tag-es","12":"tag-espana","13":"tag-esquelas","14":"tag-folklore","15":"tag-gomeraverde","16":"tag-health","17":"tag-lagomera","18":"tag-necrologicas","19":"tag-noticias","20":"tag-salud","21":"tag-silbo","22":"tag-spain"},"share_on_mastodon":{"url":"https:\/\/pubeurope.com\/@es\/115771194067152913","error":""},"_links":{"self":[{"href":"https:\/\/www.europesays.com\/es\/wp-json\/wp\/v2\/posts\/303990","targetHints":{"allow":["GET"]}}],"collection":[{"href":"https:\/\/www.europesays.com\/es\/wp-json\/wp\/v2\/posts"}],"about":[{"href":"https:\/\/www.europesays.com\/es\/wp-json\/wp\/v2\/types\/post"}],"author":[{"embeddable":true,"href":"https:\/\/www.europesays.com\/es\/wp-json\/wp\/v2\/users\/2"}],"replies":[{"embeddable":true,"href":"https:\/\/www.europesays.com\/es\/wp-json\/wp\/v2\/comments?post=303990"}],"version-history":[{"count":0,"href":"https:\/\/www.europesays.com\/es\/wp-json\/wp\/v2\/posts\/303990\/revisions"}],"wp:featuredmedia":[{"embeddable":true,"href":"https:\/\/www.europesays.com\/es\/wp-json\/wp\/v2\/media\/303991"}],"wp:attachment":[{"href":"https:\/\/www.europesays.com\/es\/wp-json\/wp\/v2\/media?parent=303990"}],"wp:term":[{"taxonomy":"category","embeddable":true,"href":"https:\/\/www.europesays.com\/es\/wp-json\/wp\/v2\/categories?post=303990"},{"taxonomy":"post_tag","embeddable":true,"href":"https:\/\/www.europesays.com\/es\/wp-json\/wp\/v2\/tags?post=303990"}],"curies":[{"name":"wp","href":"https:\/\/api.w.org\/{rel}","templated":true}]}}