{"id":304003,"date":"2025-12-23T22:27:12","date_gmt":"2025-12-23T22:27:12","guid":{"rendered":"https:\/\/www.europesays.com\/es\/304003\/"},"modified":"2025-12-23T22:27:12","modified_gmt":"2025-12-23T22:27:12","slug":"nalbandian-desvela-los-secretos-de-mar-del-plata-la-final-ante-espana-en-la-copa-davis-2008-la-teniamos-que-haber-ganado-sin-ninguna-duda","status":"publish","type":"post","link":"https:\/\/www.europesays.com\/es\/304003\/","title":{"rendered":"Nalbandian desvela los secretos de Mar del Plata: \u201cLa final ante Espa\u00f1a en la Copa Davis 2008 la ten\u00edamos que haber ganado, sin ninguna duda\u201d"},"content":{"rendered":"<p>17 a\u00f1os despu\u00e9s de una de las grandes haza\u00f1as del tenis espa\u00f1ol en su historia, David Nalbandian ha sacado a la luz los errores que llevaron a la sorprendente derrota de Argentina ante \u2018La Armada\u2019 en Mar del Plata<\/p>\n<p class=\"parrafo\"><strong>El tenis espa\u00f1ol ha tenido a lo largo de la historia multitud de momentos que han pasado a la historia<\/strong> por su epicidad, su grandeza o por el hecho de las victorias en s\u00ed mismo. Pero hay pocos que se asemejen a <strong>la final de la Copa Davis 2008<\/strong>. All\u00ed fueron cinco guerreros hasta Mar del Plata para luchar, sin Rafa Nadal, ausente por lesi\u00f3n, por ganar el torneo en el feudo de un equipo argentino que parec\u00eda muy poderoso, <strong>m\u00e1s sin el astro de Manacor y con el fervoroso p\u00fablico de su lado<\/strong>. Y contra todo pron\u00f3stico, lo lograron.<\/p>\n<p class=\"parrafo\">Ahora, 18 a\u00f1os despu\u00e9s, ha salido la gran estrella albiceleste de ese momento, David Nalbandian, a desgranar los por qu\u00e9s de una derrota que en su opini\u00f3n, no se deb\u00eda de haber producido. \u201c<strong>La final ante Espa\u00f1a en la Copa Davis 2008 la ten\u00edamos que haber ganado, sin ninguna duda<\/strong>\u201d. Sin embargo, se dio el caso de que mientras los espa\u00f1oles estaban todos a una, los argentinos llegaron en peor forma, cada uno en un estado diferente.<\/p>\n<p><img decoding=\"async\" src=\"https:\/\/www.europesays.com\/es\/wp-content\/uploads\/2025\/12\/b13c9ba3-eec4-423d-b3f0-b2b3366f557d_800x514.jpeg\" loading=\"lazy\"\/><\/p>\n<p class=\"parrafo\">De hecho, <strong>se\u00f1ala a uno en especial, a Juan Mart\u00edn del Potro, quien perdi\u00f3 un partido contra Feliciano L\u00f3pez<\/strong> que dio inicio a la sorpresa, y que, sobre todo, no salt\u00f3 a la pista en el cuarto punto, en el que Fernando Verdasco certific\u00f3 la corona. Y ese fue precisamente el gran error que se\u00f1ala Nalbandian: \u201c<strong>Del Potro no quiso jugar el cuarto punto de la eliminatoria<\/strong> y Calleri tampoco. Le toc\u00f3 jugar a Acasuso, que no estaba ni para jugar el dobles\u201d.<\/p>\n<p><a class=\"elementos-rel-t2\" href=\"https:\/\/www.estadiodeportivo.com\/tenis\/gabrielle-muguruza-ultima-pronunciarse-sobre-separacion-ferrero-carlos-alcaraz-20251223-524610.html\" title=\"Garbi\u00f1e Muguruza, la \u00faltima en pronunciarse sobre la separaci\u00f3n de Ferrero y Carlos Alcaraz\" rel=\"nofollow noopener\" target=\"_blank\"><\/p>\n<p class=\"titular titulo-4\">Garbi\u00f1e Muguruza, la \u00faltima en pronunciarse sobre la separaci\u00f3n de Ferrero y Carlos Alcaraz<\/p>\n<p><img decoding=\"async\" src=\"https:\/\/www.europesays.com\/es\/wp-content\/uploads\/2025\/12\/bf6a1875-ec46-40cc-aafd-672ea5e0c942_320x180.jpeg\" alt=\"Garbi\u00f1e Muguruza, la \u00faltima en pronunciarse sobre la separaci\u00f3n de Ferrero y Carlos Alcaraz\"\/><\/a><a class=\"elementos-rel-t2\" href=\"https:\/\/www.estadiodeportivo.com\/tenis\/rafa-nadal-reaparece-para-felicitar-navidad-20251223-524634.html\" title=\"Rafa Nadal reaparece para felicitar la Navidad\" rel=\"nofollow noopener\" target=\"_blank\"><\/p>\n<p class=\"titular titulo-4\">Rafa Nadal reaparece para felicitar la Navidad<\/p>\n<p><img decoding=\"async\" src=\"https:\/\/www.europesays.com\/es\/wp-content\/uploads\/2025\/12\/22c4e7b5-c895-43e9-ab70-24c7b087c7b8_320x180.jpeg\" alt=\"Rafa Nadal reaparece para felicitar la Navidad\"\/><\/a><a class=\"elementos-rel-t2\" href=\"https:\/\/www.estadiodeportivo.com\/tenis\/bartoli-advierte-sobre-futuro-carlos-alcaraz-necesita-estructura-podria-abandonar-tenis-20251223-524574.html\" title=\"Bartoli advierte sobre el futuro de Carlos Alcaraz: &#039;&#039;Necesita estructura o podr\u00eda abandonar el tenis&#039;&#039;\" rel=\"nofollow noopener\" target=\"_blank\"><\/p>\n<p class=\"titular titulo-4\">Bartoli advierte sobre el futuro de Carlos Alcaraz: \u00bbNecesita estructura o podr\u00eda abandonar el tenis\u00bb<\/p>\n<p><img decoding=\"async\" src=\"https:\/\/www.europesays.com\/es\/wp-content\/uploads\/2025\/12\/b0f3c60f-84b9-4ef1-b808-b4e8172543f4_320x180.jpeg\" alt=\"Bartoli advierte sobre el futuro de Carlos Alcaraz: ''Necesita estructura o podr\u00eda abandonar el tenis''\"\/><\/a>Una leyenda del tenis argentino<\/p>\n<p class=\"parrafo\">David Nalbandian es uno de esos tenistas que durante a\u00f1os pele\u00f3 contra el Big 3, <strong>chocando contra el muro en demasiadas ocasiones, pero que a\u00fan as\u00ed us\u00f3 a lo grande el talento que ten\u00eda<\/strong>, el cu\u00e1l le permit\u00eda estar entre ese grupo de elegidos que peleaba por el m\u00ednimo resquicio que le dejaban Nadal, Djokovic y Federer. Precisamente \u00e9l tiene un recuerdo que es historia del tenis, en concreto <strong>el Masters Series de Madrid 2007<\/strong>, en el que se llev\u00f3 el t\u00edtulo ganando a los tres, uno de los \u2018peaks\u2019 de su carrera, como ha confesado la misma entrevista: \u201d<strong>Son cosas que te pasan una vez en la vida y me toc\u00f3 esa semana<\/strong>. Los tres estaban en sus mejores momentos, porque a veces uno estaba bien, el otro mal, y eran m\u00e1s desparejos en la regularidad del a\u00f1o. Ah\u00ed los tres estaban a tope\u201d.<\/p>\n","protected":false},"excerpt":{"rendered":"17 a\u00f1os despu\u00e9s de una de las grandes haza\u00f1as del tenis espa\u00f1ol en su historia, David Nalbandian ha&hellip;\n","protected":false},"author":2,"featured_media":304004,"comment_status":"","ping_status":"","sticky":false,"template":"","format":"standard","meta":{"footnotes":""},"categories":[274],"tags":[283,13877,168,25,24,284,23,167,327,326],"class_list":{"0":"post-304003","1":"post","2":"type-post","3":"status-publish","4":"format-standard","5":"has-post-thumbnail","7":"category-tenis","8":"tag-argentina","9":"tag-copa-davis","10":"tag-deportes","11":"tag-es","12":"tag-espana","13":"tag-estadio-deportivo","14":"tag-spain","15":"tag-sports","16":"tag-tenis","17":"tag-tennis"},"share_on_mastodon":{"url":"https:\/\/pubeurope.com\/@es\/115771241306898890","error":""},"_links":{"self":[{"href":"https:\/\/www.europesays.com\/es\/wp-json\/wp\/v2\/posts\/304003","targetHints":{"allow":["GET"]}}],"collection":[{"href":"https:\/\/www.europesays.com\/es\/wp-json\/wp\/v2\/posts"}],"about":[{"href":"https:\/\/www.europesays.com\/es\/wp-json\/wp\/v2\/types\/post"}],"author":[{"embeddable":true,"href":"https:\/\/www.europesays.com\/es\/wp-json\/wp\/v2\/users\/2"}],"replies":[{"embeddable":true,"href":"https:\/\/www.europesays.com\/es\/wp-json\/wp\/v2\/comments?post=304003"}],"version-history":[{"count":0,"href":"https:\/\/www.europesays.com\/es\/wp-json\/wp\/v2\/posts\/304003\/revisions"}],"wp:featuredmedia":[{"embeddable":true,"href":"https:\/\/www.europesays.com\/es\/wp-json\/wp\/v2\/media\/304004"}],"wp:attachment":[{"href":"https:\/\/www.europesays.com\/es\/wp-json\/wp\/v2\/media?parent=304003"}],"wp:term":[{"taxonomy":"category","embeddable":true,"href":"https:\/\/www.europesays.com\/es\/wp-json\/wp\/v2\/categories?post=304003"},{"taxonomy":"post_tag","embeddable":true,"href":"https:\/\/www.europesays.com\/es\/wp-json\/wp\/v2\/tags?post=304003"}],"curies":[{"name":"wp","href":"https:\/\/api.w.org\/{rel}","templated":true}]}}