{"id":304009,"date":"2025-12-23T22:31:25","date_gmt":"2025-12-23T22:31:25","guid":{"rendered":"https:\/\/www.europesays.com\/es\/304009\/"},"modified":"2025-12-23T22:31:25","modified_gmt":"2025-12-23T22:31:25","slug":"no-hay-ninguna-posibilidad-de-que-se-vaya","status":"publish","type":"post","link":"https:\/\/www.europesays.com\/es\/304009\/","title":{"rendered":"No hay ninguna posibilidad de que se vaya"},"content":{"rendered":"<p class=\"ft-text\">Esteban Andrada no saldr\u00e1 del <a class=\"ft-link ft-link--decoration\" href=\"https:\/\/www.elperiodicodearagon.com\/tags\/real-zaragoza\/\" target=\"_blank\" rel=\"nofollow noopener\">Real Zaragoza<\/a> en el mercado de enero. As\u00ed lo confirma el director deportivo del club aragon\u00e9s, Txema Indias, que rechaza rotundamente la marcha del cancerbero, que cuenta con el inter\u00e9s de Argentinos Juniors y Colo Colo. \u00abAlgo nos comunic\u00f3 su representante sobre una posible salida, pero la respuesta es tajante,\u00a0<strong>el jugador no se va de Zaragoza\u00bb<\/strong>, asever\u00f3 el donostiarra al medio chileno La Tercera.<\/p>\n<p class=\"ft-text\">Indias tiene claro que Andrada, cedido en el Zaragoza por el Monterrey, acabar\u00e1 la temporada en el Zaragoza: \u00ab<strong>No existe ninguna posibilidad de que se vaya, Esteban es una pieza fundamental de nuestro proyecto y no queremos que se marche.\u00a0<\/strong>Al menos, en lo inmediato, el portero se quedar\u00e1 con nosotros hasta junio, cuando cumpla su contrato con Zaragoza\u00bb, a\u00f1ade el director deportivo en unas declaraciones en las que asegura desconocer el inter\u00e9s del Colo Colo: \u00bb <strong>Es primera noticia que tenemos sobre el inter\u00e9s de Colo Colo, se lo aseguro<\/strong>.Se rumoreaba tambi\u00e9n del inter\u00e9s de un equipo de Argentina, pero tampoco es viable para nosotros\u00bb, zanja Indias.<\/p>\n<p class=\"ft-text\">Se refiere Indias al inter\u00e9s del Argentinos Juniors, que ya habr\u00eda sido trasladado de manera formal a los agentes del arquero a trav\u00e9s del presidente de la entidad <strong>Cristian Malaspina<\/strong>. Sin embargo, la opci\u00f3n se top\u00f3 de bruces con la firme postura del Zaragoza, que rechaza de plano cualquier movimiento destinado a la salida de un efectivo que el cuerpo t\u00e9cnico considera clave de cara a lograr el objetivo de la salvaci\u00f3n. De este modo, Argentinos Juniors ve frustrado su deseo de hacerse con el cancerbero de cara al inicio del Torneo Apertura en 2026 a finales de enero.<\/p>\n<p class=\"ft-text\">Porque, como ya inform\u00f3 este diario, el Zaragoza le ha transmitido a Esteban Andrada en los \u00faltimos d\u00edas que no contempla su salida en enero. El arquero argentino es indispensable para Rub\u00e9n Sell\u00e9s y Txema Indias y no se va a hacer ning\u00fan movimiento para dejar sin efecto el pr\u00e9stamo desde el club mexicano que comenz\u00f3 el pasado 1 de septiembre, justo en el final del mercado estival de fichajes. <strong>La cesi\u00f3n <\/strong>se puede romper si hay un acuerdo entre los clubs y el meta, que s e ha afianzado en la titularidad despu\u00e9s de un vaiv\u00e9n en la porter\u00eda que parece haber zanjado el argentino, con actuaciones muy destacadas en los \u00faltimos encuentros, sobre todo, a ra\u00edz de la llegada al banquillo de Rub\u00e9n Sell\u00e9s.<\/p>\n<p class=\"ft-text\">De hecho, <strong>en las cinco victorias (cuatro en Liga y una en Copa) logradas durante el curso por el conjunto aragon\u00e9s Andrada ha sido el portero titular.<\/strong> Frente a la Mutilvera en el torneo del KO (1-4) y en la competici\u00f3n dom\u00e9stica frente al Mirand\u00e9s en Mendizorroza (0-1), en Eibar (1-2) y en el Ibercaja Estadio frente a Huesca (1-0) y Legan\u00e9s (3-2), el argentino fue providencial con actuaciones de m\u00e9rito que han contribuido decisivamente al resurgir del Zaragoza.<\/p>\n<p class=\"ft-text\">Andrada se encuentra cedido por Monterrey desde el 1 de septiembre pasado y el Zaragoza se hace cargo de algo<strong> menos del 20% de la ficha<\/strong> del portero, que seg\u00fan algunas fuentes supera los dos millones de d\u00f3lares, estableci\u00e9ndose una opci\u00f3n de compra de 1,5 millones de d\u00f3lares obligada en caso de un improbable ascenso a Primera Divisi\u00f3n:<strong> \u00abYo no he venido al Zaragoza de paso, sino a ayudarlo a ascender\u00bb<\/strong>, dijo el meta, de 34 a\u00f1os, a comienzos de octubre.<\/p>\n","protected":false},"excerpt":{"rendered":"Esteban Andrada no saldr\u00e1 del Real Zaragoza en el mercado de enero. As\u00ed lo confirma el director deportivo&hellip;\n","protected":false},"author":2,"featured_media":304010,"comment_status":"","ping_status":"","sticky":false,"template":"","format":"standard","meta":{"footnotes":""},"categories":[268],"tags":[44092,283,1798,1779,168,25,24,280,282,14380,3041,799,281,23,167,28212],"class_list":{"0":"post-304009","1":"post","2":"type-post","3":"status-publish","4":"format-standard","5":"has-post-thumbnail","7":"category-futbol","8":"tag-andrada","9":"tag-argentina","10":"tag-club","11":"tag-confirma","12":"tag-deportes","13":"tag-es","14":"tag-espana","15":"tag-football","16":"tag-futbol","17":"tag-indias","18":"tag-queda","19":"tag-real-zaragoza","20":"tag-soccer","21":"tag-spain","22":"tag-sports","23":"tag-txema"},"share_on_mastodon":{"url":"https:\/\/pubeurope.com\/@es\/115771256652229161","error":""},"_links":{"self":[{"href":"https:\/\/www.europesays.com\/es\/wp-json\/wp\/v2\/posts\/304009","targetHints":{"allow":["GET"]}}],"collection":[{"href":"https:\/\/www.europesays.com\/es\/wp-json\/wp\/v2\/posts"}],"about":[{"href":"https:\/\/www.europesays.com\/es\/wp-json\/wp\/v2\/types\/post"}],"author":[{"embeddable":true,"href":"https:\/\/www.europesays.com\/es\/wp-json\/wp\/v2\/users\/2"}],"replies":[{"embeddable":true,"href":"https:\/\/www.europesays.com\/es\/wp-json\/wp\/v2\/comments?post=304009"}],"version-history":[{"count":0,"href":"https:\/\/www.europesays.com\/es\/wp-json\/wp\/v2\/posts\/304009\/revisions"}],"wp:featuredmedia":[{"embeddable":true,"href":"https:\/\/www.europesays.com\/es\/wp-json\/wp\/v2\/media\/304010"}],"wp:attachment":[{"href":"https:\/\/www.europesays.com\/es\/wp-json\/wp\/v2\/media?parent=304009"}],"wp:term":[{"taxonomy":"category","embeddable":true,"href":"https:\/\/www.europesays.com\/es\/wp-json\/wp\/v2\/categories?post=304009"},{"taxonomy":"post_tag","embeddable":true,"href":"https:\/\/www.europesays.com\/es\/wp-json\/wp\/v2\/tags?post=304009"}],"curies":[{"name":"wp","href":"https:\/\/api.w.org\/{rel}","templated":true}]}}