{"id":304011,"date":"2025-12-23T22:32:07","date_gmt":"2025-12-23T22:32:07","guid":{"rendered":"https:\/\/www.europesays.com\/es\/304011\/"},"modified":"2025-12-23T22:32:07","modified_gmt":"2025-12-23T22:32:07","slug":"no-es-casual-ni-unicamente-estetico","status":"publish","type":"post","link":"https:\/\/www.europesays.com\/es\/304011\/","title":{"rendered":"No es casual ni \u00fanicamente est\u00e9tico"},"content":{"rendered":"<p class=\"c-paragraph\">El comienzo de un nuevo a\u00f1o simboliza una nueva etapa, nuevos retos y nuevas ilusiones y, por supuesto, <b>los cambios de look se vuelven muy populares durante estas fechas.\u00a0<\/b><\/p>\n<p class=\"c-paragraph\"><b>Karol G<\/b> es una de las famosas que ha sorprendido con una nueva imagen, diciendo adi\u00f3s a su melena larga y atrevi\u00e9ndose con un corte bob, uno de los m\u00e1s populares, que adem\u00e1s ha decidido realizarse ella misma en casa.\u00a0\u00a0<\/p>\n<p class=\"c-paragraph\">El corte de pelo bob es uno de los m\u00e1s demandados en los salones de lo peluquer\u00eda. B\u00e1sicamente, c<b>onsiste en dejar el cabello a la altura de la mand\u00edbula<\/b> (si es en versi\u00f3n short) o de los hombros (si es en versi\u00f3n long bob, o tambi\u00e9n llamado lob).<\/p>\n<p class=\"c-paragraph\"><b>Karol G<\/b> se ha atrevido con este peinado y ha acertado, ya que en su caso o ha realizado con las puntas desiguales, lo que da un toque desenfadado a su imagen y con un largo por debajo de la mand\u00edbula. Pero,<b> \u00bfse trata de un arrebato o la colombiana quiere lanzar alg\u00fan tipo de mensaje con su nuevo peinado?<\/b><\/p>\n<p class=\"c-paragraph\">Gema Casas, experta en peluquer\u00eda, asegura que \u00abeste corte no es casual ni \u00fanicamente est\u00e9tico\u00bb. A lo que a\u00f1ade que \u00abt\u00e9cnicamente, hablamos de un corte que redefine proporciones y aporta limpieza visual. Al acortar el cabello, <b>se elimina peso innecesario y se consigue que el rostro gane presencia<\/b>\u00ab.\u00a0<\/p>\n<p class=\"c-paragraph\"><b>Karol G<\/b>, con este look, ha conseguido realzar la expresi\u00f3n, iluminar sus rasgos y transmitir frescura sin perder car\u00e1cter. \u00abEs una elecci\u00f3n coherente con una mujer que ya conoce su imagen y<b> no necesita esconderse detr\u00e1s de un look excesivo<\/b>\u00ab, a\u00f1ade Casas. \u00abEn nuestro sal\u00f3n, cuando una clienta decide cortarse el pelo de forma significativa, suele estar en un momento de toma de decisiones importantes y en Gema Casas lo vemos constantemente; el cabello act\u00faa como una extensi\u00f3n emocional.<b> Cortarlo es liberar, ordenar y empezar de nuevo<\/b>\u00ab.\u00a0<\/p>\n<p class=\"c-paragraph\">No obstante, la experta en peluquer\u00eda asegura que el hecho de que Karol G se haya cortado el cabello sola <b>puede tener un trasfondo emocional<\/b> aunque, puntualiza que, \u00abes importante aclarar que no es recomendable ni seguro cortarse el pelo en casa\u00bb. \u00bfLa raz\u00f3n?\u00a0<b>El cabello tiene direcciones, pesos, ca\u00eddas y estructuras que no se perciben sin una experiencia profesional.<\/b>\u00a0Un corte mal ejecutado puede generar desequilibrios dif\u00edciles de corregir y obligar despu\u00e9s a cortar mucho m\u00e1s. No es solo longitud: es arquitectura. Y una vez cortado, no hay marcha atr\u00e1s inmediata\u00bb.\u00a0<\/p>\n<p class=\"c-paragraph\">Por su parte, <b>Mar\u00eda Verardini<\/b>, experta en comunicaci\u00f3n e imagen personal, habla del cabello como uno de los c\u00f3digos\u00a0m\u00e1s poderosos dentro de la comunicaci\u00f3n no verbal femenina. \u00abUn cambio de corte comunica antes incluso de que la persona hable. Bajo mi punto de vista, en figuras p\u00fablicas como Karol G, <b>cada ajuste est\u00e9tico tiene un impacto simb\u00f3lico: este corte habla de evoluci\u00f3n<\/b>, de control sobre su narrativa y de una identidad que se reafirma\u00bb.\u00a0<\/p>\n<p class=\"c-paragraph\">La experta, asegura que \u00abno es un corte que busque provocar, sino posicionar. Refuerza una imagen de mujer segura, consciente y madura. Cuando una mujer se corta el pelo de forma radical, suele estar diciendo: \u00abme permito soltar lo que fui para sostener mejor qui\u00e9n soy ahora\u00bb\u00bb. Asimismo, <b>Verardini tambi\u00e9n destaca el gesto de cort\u00e1rselo ella misma como algo simb\u00f3lico<\/b>, \u00abya que comunica un acto de control personal, de necesidad de romper con algo de forma inmediata, pero aqu\u00ed es importante diferenciar el significado emocional del resultado est\u00e9tico\u00bb, a\u00f1ade.\u00a0<\/p>\n<p class=\"c-paragraph\">Por su parte, \u00abel mensaje puede ser potente, pero la imagen final necesita coherencia y cuidado para no transmitir desorden, impulsividad o p\u00e9rdida de equilibrio visual. En el caso de Karol G, el gesto tiene fuerza simb\u00f3lica y narrativa, pero es importante no romantizarlo como pr\u00e1ctica general. <b>El cambio de imagen m\u00e1s potente es aquel que une emoci\u00f3n y t\u00e9cnica, impulso y conciencia<\/b>\u00ab, finaliza la experta.\u00a0<\/p>\n","protected":false},"excerpt":{"rendered":"El comienzo de un nuevo a\u00f1o simboliza una nueva etapa, nuevos retos y nuevas ilusiones y, por supuesto,&hellip;\n","protected":false},"author":2,"featured_media":235846,"comment_status":"","ping_status":"","sticky":false,"template":"","format":"standard","meta":{"footnotes":""},"categories":[174],"tags":[255,146,147,25,24,14836,256,4596,2074,9872,23,20877],"class_list":{"0":"post-304011","1":"post","2":"type-post","3":"status-publish","4":"format-standard","5":"has-post-thumbnail","7":"category-famosos","8":"tag-celebrities","9":"tag-entertainment","10":"tag-entretenimiento","11":"tag-es","12":"tag-espana","13":"tag-experta","14":"tag-famosos","15":"tag-habla","16":"tag-que","17":"tag-significa","18":"tag-spain","19":"tag-una"},"share_on_mastodon":{"url":"https:\/\/pubeurope.com\/@es\/115771260811121968","error":""},"_links":{"self":[{"href":"https:\/\/www.europesays.com\/es\/wp-json\/wp\/v2\/posts\/304011","targetHints":{"allow":["GET"]}}],"collection":[{"href":"https:\/\/www.europesays.com\/es\/wp-json\/wp\/v2\/posts"}],"about":[{"href":"https:\/\/www.europesays.com\/es\/wp-json\/wp\/v2\/types\/post"}],"author":[{"embeddable":true,"href":"https:\/\/www.europesays.com\/es\/wp-json\/wp\/v2\/users\/2"}],"replies":[{"embeddable":true,"href":"https:\/\/www.europesays.com\/es\/wp-json\/wp\/v2\/comments?post=304011"}],"version-history":[{"count":0,"href":"https:\/\/www.europesays.com\/es\/wp-json\/wp\/v2\/posts\/304011\/revisions"}],"wp:featuredmedia":[{"embeddable":true,"href":"https:\/\/www.europesays.com\/es\/wp-json\/wp\/v2\/media\/235846"}],"wp:attachment":[{"href":"https:\/\/www.europesays.com\/es\/wp-json\/wp\/v2\/media?parent=304011"}],"wp:term":[{"taxonomy":"category","embeddable":true,"href":"https:\/\/www.europesays.com\/es\/wp-json\/wp\/v2\/categories?post=304011"},{"taxonomy":"post_tag","embeddable":true,"href":"https:\/\/www.europesays.com\/es\/wp-json\/wp\/v2\/tags?post=304011"}],"curies":[{"name":"wp","href":"https:\/\/api.w.org\/{rel}","templated":true}]}}