{"id":304018,"date":"2025-12-23T22:37:14","date_gmt":"2025-12-23T22:37:14","guid":{"rendered":"https:\/\/www.europesays.com\/es\/304018\/"},"modified":"2025-12-23T22:37:14","modified_gmt":"2025-12-23T22:37:14","slug":"la-pelicula-de-animacion-familiar-de-las-navidades-no-da-respiro","status":"publish","type":"post","link":"https:\/\/www.europesays.com\/es\/304018\/","title":{"rendered":"la pel\u00edcula de animaci\u00f3n familiar de las Navidades no da respiro"},"content":{"rendered":"<p class=\"c-paragraph\">Bob Esponja y Patricio,<b> los maeshtros de la voz shibilante<\/b> (y de tantas otras cosas) de Mariano Rajoy, vuelven a la gran pantalla a soplarpompasshh con sus animaladas sint\u00e1cticas y gramaticales. Su cuarta aventura en el largometraje, primera desde la muerte de su creador Stephen Hillenburg, <b>es la m\u00e1s lograda a nivel de animaci\u00f3n<\/b>.<\/p>\n<p class=\"c-paragraph\">La complejidad se refleja en <b>la abundancia de t\u00e9cnicas y personajes<\/b>, que alcanza su c\u00e9nit en el nada velado homenaje a los esqueletos de Harry Harryhausen en Jas\u00f3n y los argonautas (Chaffey, 1963).\u00a0<\/p>\n<p class=\"c-paragraph\">Partiendo de la leyenda del <a href=\"https:\/\/www.20minutos.es\/cinemania\/noticias\/santiago-segura-bob-esponja-mark-hamill-cerca-ser-jedi_6911111_0.html\" rel=\"nofollow noopener\" target=\"_blank\">Holand\u00e9s Errante<\/a>, matizada aqu\u00ed con el ansia de Bob por convertirse en \u00abun t\u00edo grande\u00bb, el filme <b>se convierte en un festival de easter eggs <\/b>(tal vez ser\u00eda mejor hablar de \u00abladrillos de la suerte\u00bb) que se suceden a un ritmo m\u00e1s de TikTok que de cine, que <b>requiere de la misma \u00abfortaleza intestinal\u00bb de la que hace gala su h\u00e9roe para no marearse<\/b>.\u00a0<\/p>\n<p class=\"c-paragraph\">Aun as\u00ed,<b> la apolog\u00eda de la ingenuidad y de la renuncia al mundo adulto<\/b> de sus \u00abcabezas de percebes\u00bb protagonistas son un buf\u00e9 libre de cangreburgers aderezadas con salsa t\u00e1rtara para los fans. Porque adem\u00e1s, de verdad, <b>una pel\u00edcula en la que suena Holiday in Cambodia de los Dead Kennedys nunca puede ser mala.<\/b><\/p>\n<p>T\u00edtulo &#8216;Bob Esponja: Una aventura pirata&#8217;<\/p>\n<ul class=\"c-card__movie__data\">\n<li class=\"c-card__movie__data__item\"> Director\n<p class=\"c-card__movie__data__item__txt\">Derek Drymon<\/p>\n<\/li>\n<li class=\"c-card__movie__data__item\"> G\u00e9nero\n<p class=\"c-card__movie__data__item__txt\">Animaci\u00f3n<\/p>\n<\/li>\n<li class=\"c-card__movie__data__item\"> Pa\u00eds\n<p class=\"c-card__movie__data__item__txt\">EEUU<\/p>\n<\/li>\n<li class=\"c-card__movie__data__item\"> Sinopsis\n<p class=\"c-card__movie__data__item__txt\">Desesperado por demostrar que es un t\u00edo grande, Bob Esponja decide demostrar su valent\u00eda ante el se\u00f1or Cangrejo siguiendo al Holand\u00e9s Errante, el misterioso legendario pirata fantasma. As\u00ed comienza una aventura mar\u00edtima que lo lleva a las profundidades m\u00e1s remotas del oc\u00e9ano, donde ninguna esponja ha llegado jam\u00e1s.<\/p>\n<\/li>\n<li class=\"c-card__movie__data__item\"> Gui\u00f3n\n<p class=\"c-card__movie__data__item__txt\">Derek Drymon<\/p>\n<\/li>\n<li class=\"c-card__movie__data__item\"> Duraci\u00f3n\n<p class=\"c-card__movie__data__item__txt\">95 min<\/p>\n<\/li>\n<li class=\"c-card__movie__data__item\"> Distribuidora\n<p class=\"c-card__movie__data__item__txt\">Paramount<\/p>\n<\/li>\n<li class=\"c-card__movie__data__item\"> Reparto <\/li>\n<li class=\"c-card__movie__data__item\"> Estreno\n<p class=\"c-card__movie__data__item__txt\">25 de diciembre<\/p>\n<\/li>\n<li class=\"c-card__movie__data__item\">\n<p class=\"c-card__movie__data__item__txt\"><b>Reparto:<br \/><\/b>Animaci\u00f3n\u200b<\/p>\n<\/li>\n<\/ul>\n<p><img decoding=\"async\" loading=\"lazy\" alt=\"'Bob Esponja' cartel\" width=\"250\" height=\"375\" src=\"https:\/\/www.europesays.com\/es\/wp-content\/uploads\/2025\/12\/694920dc9fcdf2-75385940.jpeg\"\/><\/p>\n","protected":false},"excerpt":{"rendered":"Bob Esponja y Patricio, los maeshtros de la voz shibilante (y de tantas otras cosas) de Mariano Rajoy,&hellip;\n","protected":false},"author":2,"featured_media":304019,"comment_status":"","ping_status":"","sticky":false,"template":"","format":"standard","meta":{"footnotes":""},"categories":[169],"tags":[10689,70387,66788,177,1497,146,147,25,24,176,175,23],"class_list":{"0":"post-304018","1":"post","2":"type-post","3":"status-publish","4":"format-standard","5":"has-post-thumbnail","7":"category-cine","8":"tag-animacion","9":"tag-aventura-pirata","10":"tag-bob-esponja","11":"tag-cine","12":"tag-critica","13":"tag-entertainment","14":"tag-entretenimiento","15":"tag-es","16":"tag-espana","17":"tag-film","18":"tag-movies","19":"tag-spain"},"share_on_mastodon":{"url":"https:\/\/pubeurope.com\/@es\/115771280378667975","error":""},"_links":{"self":[{"href":"https:\/\/www.europesays.com\/es\/wp-json\/wp\/v2\/posts\/304018","targetHints":{"allow":["GET"]}}],"collection":[{"href":"https:\/\/www.europesays.com\/es\/wp-json\/wp\/v2\/posts"}],"about":[{"href":"https:\/\/www.europesays.com\/es\/wp-json\/wp\/v2\/types\/post"}],"author":[{"embeddable":true,"href":"https:\/\/www.europesays.com\/es\/wp-json\/wp\/v2\/users\/2"}],"replies":[{"embeddable":true,"href":"https:\/\/www.europesays.com\/es\/wp-json\/wp\/v2\/comments?post=304018"}],"version-history":[{"count":0,"href":"https:\/\/www.europesays.com\/es\/wp-json\/wp\/v2\/posts\/304018\/revisions"}],"wp:featuredmedia":[{"embeddable":true,"href":"https:\/\/www.europesays.com\/es\/wp-json\/wp\/v2\/media\/304019"}],"wp:attachment":[{"href":"https:\/\/www.europesays.com\/es\/wp-json\/wp\/v2\/media?parent=304018"}],"wp:term":[{"taxonomy":"category","embeddable":true,"href":"https:\/\/www.europesays.com\/es\/wp-json\/wp\/v2\/categories?post=304018"},{"taxonomy":"post_tag","embeddable":true,"href":"https:\/\/www.europesays.com\/es\/wp-json\/wp\/v2\/tags?post=304018"}],"curies":[{"name":"wp","href":"https:\/\/api.w.org\/{rel}","templated":true}]}}