{"id":304054,"date":"2025-12-23T23:09:23","date_gmt":"2025-12-23T23:09:23","guid":{"rendered":"https:\/\/www.europesays.com\/es\/304054\/"},"modified":"2025-12-23T23:09:23","modified_gmt":"2025-12-23T23:09:23","slug":"martin-bianchi-explica-el-sexto-sentido-real-de-ana-obregon-con-los-hombres-le-persiguen-unos-fantasmas-muy-dificiles-de-quitarse-gente","status":"publish","type":"post","link":"https:\/\/www.europesays.com\/es\/304054\/","title":{"rendered":"Mart\u00edn Bianchi explica el \u00absexto sentido\u00bb real de Ana Obreg\u00f3n con los hombres: \u00abLe persiguen unos fantasmas muy dif\u00edciles de quitarse\u00bb | Gente"},"content":{"rendered":"<p class=\"loc\">Madrid<\/p>\n<p>Hace ya varios d\u00edas, concretamente el pasado 16 de diciembre, el diario estadounidense The New York Times informaba de que Jeffrey Epstein mantuvo un romance con Ana Obreg\u00f3n en los a\u00f1os 80. Todo ello en un art\u00edculo titulado <a href=\"https:\/\/www.nytimes.com\/2025\/12\/16\/magazine\/jeffrey-epstein-money-scams-investigation.html\" target=\"_blank\" rel=\"nofollow noopener\" title=\"https:\/\/www.nytimes.com\/2025\/12\/16\/magazine\/jeffrey-epstein-money-scams-investigation.html\">Estafas, esquemas y estafas despiadadas: La historia no contada de c\u00f3mo Jeffrey Epstein se enriqueci\u00f3<\/a>, donde trata de explicar c\u00f3mo Epstein consigui\u00f3 su fortuna. Seg\u00fan cuenta el citado art\u00edculo, <a href=\"https:\/\/cadenaser.com\/nacional\/2025\/12\/16\/the-new-york-times-desvela-que-ana-obregon-mantuvo-un-romance-con-jeffrey-epstein-quedo-fascinada-cadena-ser\/\" target=\"_blank\" rel=\"noreferrer nofollow noopener\" title=\"https:\/\/cadenaser.com\/nacional\/2025\/12\/16\/the-new-york-times-desvela-que-ana-obregon-mantuvo-un-romance-con-jeffrey-epstein-quedo-fascinada-cadena-ser\/\">el romance en cuesti\u00f3n tuvo lugar en el a\u00f1o 1982,<\/a> cuando un amigo en com\u00fan les present\u00f3 mientras ambos estaban en Estados Unidos. Un primer encuentro al que le sigui\u00f3 una cita cuanto menos sorprendente: \u00abEn su primera cita, la llev\u00f3 a toda velocidad por Manhattan en un Rolls-Royce. Ella qued\u00f3 fascinada por su encanto y su belleza, pero al final solo quer\u00eda ser su amiga\u00bb.<\/p>\n<p>M\u00e1s informaci\u00f3n<\/p>\n<p>A pesar de que Ana Obreg\u00f3n no estaba aparentemente interesada en Jeffrey Epstein, la presentadora de televisi\u00f3n y sus familiares fueron clave para conseguir su fortuna, tal y como se\u00f1ala el citado medio: \u00abEpstein ten\u00eda pareja por aquel entonces, pero eso no le impidi\u00f3 perseguir a otras mujeres, especialmente a aquellas con dinero o contactos. Durante su aventura con Obreg\u00f3n, la firma Drysdale Securities se desmoron\u00f3. Los Obreg\u00f3n, junto con otras familias espa\u00f1olas adineradas, pronto contrataron a Epstein para que les ayudara a encontrar sus millones desaparecidos. Ahora s\u00ed que era un cazarrecompensas\u00bb. <\/p>\n<p>\u00abEs mi historia favorita del a\u00f1o\u00bb<\/p>\n<p>Gracias a ello, Epstein comenz\u00f3 a amasar una gran fortuna y convertirse en una de las personas m\u00e1s influyentes de Estados Unidos. Tras la publicaci\u00f3n de este reportaje, Ana Obreg\u00f3n ha asegurado en declaraciones al programa Y ahora Sonsoles que su relaci\u00f3n con Jeffrey Epstein era de simple amistad. Mientras tanto, sus familiares tambi\u00e9n han tratado de desmentir a toda costa <a href=\"https:\/\/cadenaser.com\/nacional\/2025\/12\/21\/las-primeras-palabras-de-los-hermanos-de-ana-obregon-tras-la-vinculacion-de-jeffrey-epstein-con-su-familia-hay-muchos-problemas-en-el-mundo-para-hablar-de-gilipolleces-cadena-ser\/\" target=\"_blank\" rel=\"noreferrer nofollow noopener\" title=\"https:\/\/cadenaser.com\/nacional\/2025\/12\/21\/las-primeras-palabras-de-los-hermanos-de-ana-obregon-tras-la-vinculacion-de-jeffrey-epstein-con-su-familia-hay-muchos-problemas-en-el-mundo-para-hablar-de-gilipolleces-cadena-ser\/\">su supuesta relaci\u00f3n con Jeffrey Epstein y sus negocios<\/a>. Un tema sobre el que hemos hablado en los 15 minutos de fama de Mart\u00edn Bianchi, en los que ha analizado junto a \u00c0ngels Barcel\u00f3 el que sin duda alguna es uno de los grandes bombazos de 2025.<\/p>\n<p>Todo ello a ra\u00edz de la pregunta de la directora del programa, quien ha querido saber c\u00f3mo ha digerido Mart\u00edn Bianchi toda esta informaci\u00f3n: \u00abOye, que solo me queda un minutito. \u00bfQu\u00e9 me dices de las revelaciones estas de Epstein y Ana Obreg\u00f3n?\u00bb. Y el periodista argentino ha reconocido que est\u00e1 fascinado: \u00abAquel romance de juventud de Ana Obreg\u00f3n en los a\u00f1os 80 con Jeffrey Epstein es mi historia favorita de fin de a\u00f1o. El New York Times dice que parte de la fortuna de Epstein se debe a los Obreg\u00f3n y a otras familias espa\u00f1olas, que habr\u00e1 que investigar cu\u00e1les son las otras familias espa\u00f1olas que ayudaron a Epstein a ser rico\u00bb.<\/p>\n<p>El sexto sentido de Ana Obreg\u00f3n<\/p>\n<p>Todo ello para, a continuaci\u00f3n, recordar que Ana Obreg\u00f3n ya ha salido a desmentir esa supuesta relaci\u00f3n, donde asegur\u00f3 tener un sexto sentido para los hombres: \u00abLas mujeres tenemos un sexto sentido y no s\u00e9 si ya ten\u00eda ese comportamiento repugnante en aquel momento, pero lo rechac\u00e9\u00bb. Sea como fuere, Mart\u00edn Bianchi no cree que ese sexto sentido haya funcionado del todo bien a lo largo de su vida. M\u00e1s a\u00fan si tenemos en cuenta su historial rom\u00e1ntico \u00abun poco complicado\u00bb. Y \u00c0ngels Barcel\u00f3 le ha dado la raz\u00f3n: \u00abSi tuviera un sexto sentido no hubiera tenido ese historial rom\u00e1ntico\u00bb.<\/p>\n<p>Entonces, Mart\u00edn Bianchi le ha explicado que tal vez sea un sexto sentido negativo: \u00abYo creo que tiene el sexto sentido para muertos vivientes, porque pobre Ana. La verdad que le persiguen unos fantasmas muy dif\u00edciles de quitarse. Pero me encant\u00f3 porque ella dijo que no tuvo nada con \u00e9l, cuando yo creo que hay bastantes pruebas de que quiz\u00e1 hubo m\u00e1s que una amistad con Jeffrey Epstein\u00bb. Porque ahora hemos conocido la trama que le vincula a Jeffrey Epstein, pero, hace unos meses, tambi\u00e9n descubrimos los malos tratos de Alessandro Lecquio<a href=\"https:\/\/cadenaser.com\/nacional\/2025\/11\/19\/telecinco-despide-a-alessandro-lecquio-tras-las-acusaciones-de-violencia-machista-de-antonia-dellatte-cadena-ser\/\" target=\"_blank\" rel=\"noreferrer nofollow noopener\" title=\"https:\/\/cadenaser.com\/nacional\/2025\/11\/19\/telecinco-despide-a-alessandro-lecquio-tras-las-acusaciones-de-violencia-machista-de-antonia-dellatte-cadena-ser\/\"> hacia Antonia Dell&#8217;Atte<\/a>, por los que fue despedido de inmediato de Telecinco. <\/p>\n","protected":false},"excerpt":{"rendered":"Madrid Hace ya varios d\u00edas, concretamente el pasado 16 de diciembre, el diario estadounidense The New York Times&hellip;\n","protected":false},"author":2,"featured_media":304055,"comment_status":"","ping_status":"","sticky":false,"template":"","format":"standard","meta":{"footnotes":""},"categories":[91],"tags":[1765,146,147,25,24,23,1766],"class_list":{"0":"post-304054","1":"post","2":"type-post","3":"status-publish","4":"format-standard","5":"has-post-thumbnail","7":"category-entretenimiento","8":"tag-bestof","9":"tag-entertainment","10":"tag-entretenimiento","11":"tag-es","12":"tag-espana","13":"tag-spain","14":"tag-topix"},"share_on_mastodon":{"url":"https:\/\/pubeurope.com\/@es\/115771406093605831","error":""},"_links":{"self":[{"href":"https:\/\/www.europesays.com\/es\/wp-json\/wp\/v2\/posts\/304054","targetHints":{"allow":["GET"]}}],"collection":[{"href":"https:\/\/www.europesays.com\/es\/wp-json\/wp\/v2\/posts"}],"about":[{"href":"https:\/\/www.europesays.com\/es\/wp-json\/wp\/v2\/types\/post"}],"author":[{"embeddable":true,"href":"https:\/\/www.europesays.com\/es\/wp-json\/wp\/v2\/users\/2"}],"replies":[{"embeddable":true,"href":"https:\/\/www.europesays.com\/es\/wp-json\/wp\/v2\/comments?post=304054"}],"version-history":[{"count":0,"href":"https:\/\/www.europesays.com\/es\/wp-json\/wp\/v2\/posts\/304054\/revisions"}],"wp:featuredmedia":[{"embeddable":true,"href":"https:\/\/www.europesays.com\/es\/wp-json\/wp\/v2\/media\/304055"}],"wp:attachment":[{"href":"https:\/\/www.europesays.com\/es\/wp-json\/wp\/v2\/media?parent=304054"}],"wp:term":[{"taxonomy":"category","embeddable":true,"href":"https:\/\/www.europesays.com\/es\/wp-json\/wp\/v2\/categories?post=304054"},{"taxonomy":"post_tag","embeddable":true,"href":"https:\/\/www.europesays.com\/es\/wp-json\/wp\/v2\/tags?post=304054"}],"curies":[{"name":"wp","href":"https:\/\/api.w.org\/{rel}","templated":true}]}}