{"id":304058,"date":"2025-12-23T23:11:16","date_gmt":"2025-12-23T23:11:16","guid":{"rendered":"https:\/\/www.europesays.com\/es\/304058\/"},"modified":"2025-12-23T23:11:16","modified_gmt":"2025-12-23T23:11:16","slug":"la-xunta-da-luz-verde-al-parque-eolico-de-inditex-en-la-coruna","status":"publish","type":"post","link":"https:\/\/www.europesays.com\/es\/304058\/","title":{"rendered":"La Xunta da luz verde al parque e\u00f3lico de Inditex en La Coru\u00f1a"},"content":{"rendered":"<p>Madrid \u2013 Tras someter el proyecto a informaci\u00f3n p\u00fablica a finales de 2024, la Conseller\u00eda de Medio Ambiente y Cambio Clim\u00e1tico de la Xunta de Galicia termina por dar luz verde al parque e\u00f3lico que Inditex pretende levantar en el municipio coru\u00f1\u00e9s de Arteixo, con la concesi\u00f3n de una declaraci\u00f3n de impacto ambiental (DIA) favorable. Una autorizaci\u00f3n que eso s\u00ed se otorga de manera condicionada, a que se cumplan cada uno de los condicionantes que se han establecido en la resoluci\u00f3n.<\/p>\n<p>Tal y como a este respecto ya adelant\u00e1bamos en detalle desde <a rel=\"noopener noreferrer nofollow\" href=\"https:\/\/fashionunited.es\/noticias\/empresas\/inditex-avanza-en-su-proyecto-para-la-construccion-de-un-parque-eolico-en-el-puerto-exterior-de-la-coruna\/2024102844280\" target=\"_blank\">FashionUnited<\/a> a finales de octubre de 2024, coincidiendo justamente con la apertura del procedimiento de informaci\u00f3n p\u00fablica de la iniciativa, desde Inditex vienen trabajando desde el a\u00f1o 2021 en el proyecto de construcci\u00f3n de un parque e\u00f3lico en la d\u00e1rsena del Puerto Exterior de La Coru\u00f1a. Unas instalaciones a las que contemplaban llegar a destinar una inversi\u00f3n de unos 21,7 millones de euros, para la construcci\u00f3n de tres aerogeneradores tripala con una potencia nominal unitaria de 6,6 megavatios, de tres centros de transformaci\u00f3n trif\u00e1sicos, de una torre anemom\u00e9trica de medici\u00f3n permanente de 115 metros, y del resto de las infraestructuras asociadas para el buen funcionamiento del parque e\u00f3lico, as\u00ed como a ampliar la subestaci\u00f3n el\u00e9ctrica transformadora de Inditex en el pol\u00edgono industrial de Sab\u00f3n, y a construir la l\u00ednea subterr\u00e1nea de alta tensi\u00f3n que posibilite la conexi\u00f3n entre el parque e\u00f3lico y esa subestaci\u00f3n el\u00e9ctrica.<\/p>\n<p>Adem\u00e1s, naturalmente, de esos tres aerogeneradores, esa subestaci\u00f3n el\u00e9ctrica de Inditex se presenta como un elemento especialmente clave de todo este proyecto, puesto que ser\u00e1 la que sirva de conexi\u00f3n entre el parque e\u00f3lico y las propias instalaciones de Inditex en ese pol\u00edgono de Sab\u00f3n donde mantiene su sede central, as\u00ed como con la red general de distribuci\u00f3n el\u00e9ctrica. Una infraestructura a la que se volcar\u00e1 toda la energ\u00eda que generen los aerogeneradores y que no sea consumida ni por Inditex, ni por el propio Puerto Exterior de La Coru\u00f1a al que tambi\u00e9n presentar\u00e1n servicios, permitiendo con ello que la promotora del proyecto, la sociedad\u00a0Inditex Renovables SL fundada por la multinacional de la moda en abril de 2021, hasta incluso sea capaz de generar ingresos extra. Un extremo al que en cualquier caso se llegar\u00eda, tal y como quedaba recogido en la documentaci\u00f3n sometida a informaci\u00f3n p\u00fablica en octubre de 2024, tras una primera fase en la que se prev\u00e9 que el parque e\u00f3lico genere \u00fanicamente energ\u00eda para el autoconsumo de Inditex y del Puerto Exterior de La Coru\u00f1a, por al menos durante cerca de un a\u00f1o.<\/p>\n<p>Con 178 alegaciones<\/p>\n<p>Durante ese proceso de sometimiento a informaci\u00f3n p\u00fablica, que se abr\u00eda en 2021 por un periodo de 30 d\u00edas a contar a partir del d\u00eda siguiente al de su publicaci\u00f3n en el Diario Oficial de Galicia, llegaron a presentarse hasta 178 alegaciones al proyecto, tanto por parte de particulares como de organizaciones ambientales. Alegaciones de las que se han tenido en cuenta solamente aquellas que afectaban de manera precisa al \u00e1mbito competencial de la Conseller\u00eda de Medio Ambiente para pronunciarse a favor o en contra de conceder la necesaria declaraci\u00f3n de impacto ambiental al proyecto. Un acto del que se ha terminado de informar este lunes, 22 de diciembre, con la publicaci\u00f3n en el Diario Oficial de Galicia de la Direcci\u00f3n General de Calidad Ambiental y Sostenibilidad, por el que se hace p\u00fablica la declaraci\u00f3n de impacto ambiental del proyecto de parque e\u00f3lico \u201cPuerto Exterior de A Coru\u00f1a\u201d, en el ayuntamiento de Arteixo, promovido por la sociedad Inditex Renovables.<\/p>\n<p>Junto a esa publicaci\u00f3n en el DOG, desde la misma Xunta de Galicia han informado de manera m\u00e1s detallada a trav\u00e9s de un comunicado sobre esta resoluci\u00f3n favorable de impacto ambiental, haciendo un especial hincapi\u00e9, primero, en el hecho de que es una resoluci\u00f3n condicionada; y segundo, en el que la misma llega limitada a que desde Inditex cumplan, citamos, con \u201ctanto lo recogido en el estudio de impacto ambiental y en el resto de la documentaci\u00f3n evaluada\u201d, como con \u201clos condicionantes y el programa de vigilancia que figuran en la presente DIA\u201d. Aspectos que no dejan se ser los mismos que, de manera ya mucho m\u00e1s extensa, se recogen en el informe de resoluci\u00f3n, al que ha tenido acceso FashionUnited, de la Direcci\u00f3n General de Calidad Ambiental y Sostenibilidad, por el que se formula la declaraci\u00f3n favorable de impacto ambiental de la Xunta de Galicia al proyecto de parque e\u00f3lico de Inditex en el Puerto Exterior de La Coru\u00f1a.<\/p>\n<p>A este respecto, y tal y como queda recogido en esa documentaci\u00f3n, la Xunta ha impuesto como condicionantes una serie de cuestiones tanto de \u00edndole t\u00e9cnica como ambiental, que podr\u00edamos resumir en torno a un total de cinco apartados: medidas para la efectiva protecci\u00f3n de la fauna, y en espec\u00edfico de aves y murci\u00e9lagos; para la protecci\u00f3n de las aguas, con medidas que eviten los derrames accidentales y el arrastre de tierras al medio marino, tanto durante la fase de construcci\u00f3n como de operatividad del parque; y para garantizar la integraci\u00f3n paisaj\u00edstica y la restauraci\u00f3n de los terrenos, a pesar de que se reconoce que se trata de un entorno ya profundamente alterado por la mano del hombre. Completando esta serie de condicionantes con las medidas de protecci\u00f3n del patrimonio cultural, dirigidas a advertir y a proteger nuevos hallazgos del yacimiento arqueol\u00f3gico de Castro do Coci\u00f1adoiro, desaparecido como tal \u2014salvo una serie de elementos actualmente ya protegidos\u2014 con motivo de la construcci\u00f3n del puerto; y con las de garant\u00edas econ\u00f3micas y de vigilancia. Apartado que englobar\u00eda el deber de Inditex de redactar y ejecutar un programa de vigilancia ambiental (PVA), en l\u00ednea con las observaciones recogidas en el informe elaborado por el Ministerio para la Transici\u00f3n Ecol\u00f3gica y el Reto Demogr\u00e1fico, y que deber\u00e1 incorporar acciones de seguimiento de la colonia nidificante de cormor\u00e1n mo\u00f1udo identificada en la zona; y del otro lado, a la obligatoriedad de tener que depositar un aval econ\u00f3mico \u2014por un importe a determinar por la Direcci\u00f3n General de Energ\u00edas Renovables y Cambio Clim\u00e1tico\u2014, para \u201cgarantizar el cumplimiento de las medidas correctoras y responder ante la reparaci\u00f3n de posibles da\u00f1os que se pudieran causar en el medioambiente y frente al coste de la restauraci\u00f3n\u201d del entorno al final de la vida \u00fatil del parque.<\/p>\n<p>Tras su sometimiento a informaci\u00f3n p\u00fablica, la tramitaci\u00f3n de la DIA del parque e\u00f3lico sigui\u00f3 con la tramitaci\u00f3n habitual para este tipo de procedimientos, contando para ello con las aportaciones de \u201c12 organismos consultados\u201d, adem\u00e1s de las alegaciones tenidas en consideraci\u00f3n de entre esas 178 que llegaron a presentarse. \u201cFruto de las consultas realizadas\u201d, detallan al respecto desde la Xunta, \u201clos informes emitidos realizaron la valoraci\u00f3n correspondiente y establecieron una serie de condicionantes\u201d que se suman \u201ca los incluidos en el propio programa de vigilancia ambiental que recoge la resoluci\u00f3n de la Direcci\u00f3n Xeral de Calidade Ambiental e Sostibilidade\u201d. Debiendo de destacar a este respecto, remarcan, el hecho de que \u201ctodos los organismos consultados consideran que el proyecto no va a tener impactos significativos en los distintos \u00e1mbitos analizados\u201d, y \u201cque ser\u00eda viable su puesta en marcha\u201d, eso s\u00ed, \u201csiempre que se cumpla\u201d con los \u201ccondicionantes establecidos en sus respectivos informes\u201d, y que abarcan \u201caspectos tales como la protecci\u00f3n de la atm\u00f3sfera; de las aguas y cauces fluviales; del suelo e infraestructuras; de la fauna, vegetaci\u00f3n y h\u00e1bitats naturales; gesti\u00f3n de residuos e integraci\u00f3n paisaj\u00edstica y restauraci\u00f3n, entre otros\u201d.<\/p>\n<p>Dando car\u00e1cter de oficialidad a esas interpretaciones, lo que se resuelve de manera precisa y exacta es \u201cformular la declaraci\u00f3n de impacto ambiental del proyecto\u201d de parque e\u00f3lico \u201cPuerto exterior de La Coru\u00f1a\u201d de Inditex, \u201cconcluyendo que el proyecto es ambientalmente viable siempre que se cumplan, adem\u00e1s de lo recogido en el estudio de impacto ambiental y en la restante documentaci\u00f3n evaluada, los condicionantes y el programa de vigilancia ambiental que figuran\u201d en la resoluci\u00f3n, y que adem\u00e1s \u201cprevalecer\u00e1n sobre todo lo anterior\u201d. Una supeditaci\u00f3n a la que suman el recordatorio de que la concesi\u00f3n de la declaraci\u00f3n de impacto ambiental (DIA) \u201cno exime\u201d a Inditex de \u201cla obligaci\u00f3n de obtener todas las autorizaciones, licencias, permisos e informes que sean legalmente exigibles para la ejecuci\u00f3n y el funcionamiento del proyecto\u201d, para el que deber\u00e1 solicitar una nueva DIA si transcurridos 6 a\u00f1os no se han empezado las obras de construcci\u00f3n del parque e\u00f3lico. Unas instalaciones que se estiman que ocupen una superficie total de unos 19 732,1 metros cuadrados, de los que 1 315,3 ser\u00e1n ocupados \u00fanicamente de manera temporal durante la fase de obras, y para las que, una vez recibidas todas las autorizaciones y permisos, se contemplan un plazo de ejecuci\u00f3n de 12 meses.<\/p>\n<p> Tambi\u00e9n te puede interesar:<\/p>\n","protected":false},"excerpt":{"rendered":"Madrid \u2013 Tras someter el proyecto a informaci\u00f3n p\u00fablica a finales de 2024, la Conseller\u00eda de Medio Ambiente&hellip;\n","protected":false},"author":2,"featured_media":304059,"comment_status":"","ping_status":"","sticky":false,"template":"","format":"standard","meta":{"footnotes":""},"categories":[80],"tags":[82,95,94,25,24,23],"class_list":{"0":"post-304058","1":"post","2":"type-post","3":"status-publish","4":"format-standard","5":"has-post-thumbnail","7":"category-economia","8":"tag-business","9":"tag-economia","10":"tag-economy","11":"tag-es","12":"tag-espana","13":"tag-spain"},"share_on_mastodon":{"url":"https:\/\/pubeurope.com\/@es\/115771414000297548","error":""},"_links":{"self":[{"href":"https:\/\/www.europesays.com\/es\/wp-json\/wp\/v2\/posts\/304058","targetHints":{"allow":["GET"]}}],"collection":[{"href":"https:\/\/www.europesays.com\/es\/wp-json\/wp\/v2\/posts"}],"about":[{"href":"https:\/\/www.europesays.com\/es\/wp-json\/wp\/v2\/types\/post"}],"author":[{"embeddable":true,"href":"https:\/\/www.europesays.com\/es\/wp-json\/wp\/v2\/users\/2"}],"replies":[{"embeddable":true,"href":"https:\/\/www.europesays.com\/es\/wp-json\/wp\/v2\/comments?post=304058"}],"version-history":[{"count":0,"href":"https:\/\/www.europesays.com\/es\/wp-json\/wp\/v2\/posts\/304058\/revisions"}],"wp:featuredmedia":[{"embeddable":true,"href":"https:\/\/www.europesays.com\/es\/wp-json\/wp\/v2\/media\/304059"}],"wp:attachment":[{"href":"https:\/\/www.europesays.com\/es\/wp-json\/wp\/v2\/media?parent=304058"}],"wp:term":[{"taxonomy":"category","embeddable":true,"href":"https:\/\/www.europesays.com\/es\/wp-json\/wp\/v2\/categories?post=304058"},{"taxonomy":"post_tag","embeddable":true,"href":"https:\/\/www.europesays.com\/es\/wp-json\/wp\/v2\/tags?post=304058"}],"curies":[{"name":"wp","href":"https:\/\/api.w.org\/{rel}","templated":true}]}}