{"id":304070,"date":"2025-12-23T23:28:12","date_gmt":"2025-12-23T23:28:12","guid":{"rendered":"https:\/\/www.europesays.com\/es\/304070\/"},"modified":"2025-12-23T23:28:12","modified_gmt":"2025-12-23T23:28:12","slug":"decision-drastica-en-el-betis-deportivo-dani-fragoso-por-javi-medina","status":"publish","type":"post","link":"https:\/\/www.europesays.com\/es\/304070\/","title":{"rendered":"Decisi\u00f3n dr\u00e1stica en el Betis Deportivo: Dani Fragoso por Javi Medina"},"content":{"rendered":"<p>La derrota en Elda ha colmado el vaso de la paciencia de los responsables de cantera verdiblancos, que ya comunicaron al de El Garrobo su destituci\u00f3n este lunes; habr\u00e1 promoci\u00f3n interna<\/p>\n<p class=\"parrafo\"><a href=\"https:\/\/www.estadiodeportivo.com\/futbol\/betis\/betis-deportivo-alcorcon-remontada-expres-para-creer-salvacion-20251212-523533.html\" target=\"_blank\" class=\"intext-link\" rel=\"nofollow noopener\">El triunfo de hace dos jornadas &#8216;in extremis&#8217; contra la <strong\/>AD Alcorc\u00f3n<\/a> parec\u00eda otorgar una &#8216;bala extra&#8217; a <strong>Javi Medina<\/strong>, pero la cruda realidad reapareci\u00f3 en la visita al <strong>CD Eldense<\/strong>, confirmando que la <strong>segunda victoria en 17 jornadas<\/strong> del <strong>Betis Deportivo<\/strong> no hab\u00eda ejercido del deseado <strong>punto de inflexi\u00f3n<\/strong>. As\u00ed las cosas, a falta de una confirmaci\u00f3n oficial que se antoja <strong>inminente<\/strong>, el director de f\u00fatbol formativo del <strong>Real Betis<\/strong> comunicaba este lunes al de <strong>El Garrobo<\/strong> y sus ayudantes su destituci\u00f3n, por lo que ante el <strong>CE Europa<\/strong> el pr\u00f3ximo <strong>domingo 4 de enero<\/strong> a partir de las <strong>18:45 horas<\/strong> se sentar\u00e1 ya su sustituto. Que, si no hay sorpresas de \u00faltima hora, ser\u00e1 <strong>Dani Fragoso<\/strong>, entrenador del primer equipo juvenil desde el salto de <strong>Arzu<\/strong> al primer filial a finales de <strong>marzo de 2024<\/strong>. <\/p>\n<p><img decoding=\"async\" src=\"https:\/\/www.europesays.com\/es\/wp-content\/uploads\/2025\/12\/32171505-2742-4f2b-9cd8-c1ad7a5ade37_800x640.jpeg\" loading=\"lazy\"\/><\/p>\n<p class=\"parrafo\">Responsable de la primera clasificaci\u00f3n en la historia del <strong>Divisi\u00f3n de Honor <\/strong>a la <strong>UEFA Youth League<\/strong> y de repetir ya con el t\u00edtulo de la <strong>Copa de Campeones<\/strong> bajo el brazo, liderar\u00e1 a una generaci\u00f3n que ha dirigido recientemente, con exponentes como <strong>Manu Gonz\u00e1lez<\/strong>, <strong>Jorge Oreiro<\/strong>, <strong>\u00d3scar Masqu\u00e9<\/strong>, <strong>Adri\u00e1n Mart\u00edn<\/strong>, <strong>Kwame Sosu<\/strong>, <strong>Jos\u00e9 Antonio Morante<\/strong> o <strong>Rodrigo Marina<\/strong>, algunos de los cuales recuper\u00f3 puntualmente para la <strong>Champions League<\/strong> sub 19, en la que su hasta ahora equipo est\u00e1 brillando a\u00fan m\u00e1s, con goleada en la ida y el vuelta al <strong>Oporto<\/strong> y <a href=\"https:\/\/www.estadiodeportivo.com\/futbol\/betis\/betis-recibira-tottenham-los-dieciseisavos-uefa-youth-league-20251212-523517.html\" target=\"_blank\" class=\"intext-link\" rel=\"nofollow noopener\">nueva prueba de fuego en dieciseisavos de final (a partido \u00fanico, el 3 o 4 de febrero) ante el Tottenham<\/a>, am\u00e9n de haberse clasificado para la <strong>Copa del Rey<\/strong> con tres jornadas de antelaci\u00f3n para el ocaso de la primera vuelta. <strong>Javi Medina <\/strong>se marcha con el equipo que trajo del <strong>Antequera CF<\/strong>, qued\u00e1ndose solamente de su &#8216;staff&#8217; el preparador de porteros, <strong>David Rela\u00f1o<\/strong>, y el analista <strong>Alejandro Mendoza<\/strong>, ambos con contrato previo con la entidad verdiblanca.<\/p>\n<p><a class=\"elementos-rel-t2\" href=\"https:\/\/www.estadiodeportivo.com\/futbol\/betis\/eldense-betis-deportivo-vuelta-dura-realidad-para-acabar-ano-20251220-524310.html\" title=\"Eldense 2-0 Betis Deportivo: Vuelta a la dura realidad para acabar el a\u00f1o\" rel=\"nofollow noopener\" target=\"_blank\"><\/p>\n<p class=\"titular titulo-4\">Eldense 2-0 Betis Deportivo: Vuelta a la dura realidad para acabar el a\u00f1o<\/p>\n<p><img decoding=\"async\" src=\"https:\/\/www.europesays.com\/es\/wp-content\/uploads\/2025\/12\/ce5d8b36-ac4b-4e94-ab69-b2300af35b10_320x180.jpeg\" alt=\"Eldense 2-0 Betis Deportivo: Vuelta a la dura realidad para acabar el a\u00f1o\"\/><\/a><a class=\"elementos-rel-t2\" href=\"https:\/\/www.estadiodeportivo.com\/futbol\/primera-rfef\/antequera-betis-tardio-despertar-que-evita-otro-fiasco-20251207-522947.html\" title=\"Antequera 2-1 Betis B: Tard\u00edo despertar que no evita otro fiasco\" rel=\"nofollow noopener\" target=\"_blank\"><\/p>\n<p class=\"titular titulo-4\">Antequera 2-1 Betis B: Tard\u00edo despertar que no evita otro fiasco<\/p>\n<p><img decoding=\"async\" src=\"https:\/\/www.europesays.com\/es\/wp-content\/uploads\/2025\/12\/3a3e972d-b75d-431b-b780-78ef02591ed8_320x180.jpeg\" alt=\"Antequera 2-1 Betis B: Tard\u00edo despertar que no evita otro fiasco\"\/><\/a><a class=\"elementos-rel-t2\" href=\"https:\/\/www.estadiodeportivo.com\/futbol\/betis\/maxima-crueldad-cantera-del-betis-hemos-entendido-mal-20251116-520503.html\" title=\"Maxima crueldad en la cantera del Betis: &quot;Lo hemos entendido mal&quot;\" rel=\"nofollow noopener\" target=\"_blank\"><\/p>\n<p class=\"titular titulo-4\">Maxima crueldad en la cantera del Betis: \u00abLo hemos entendido mal\u00bb<\/p>\n<p><img decoding=\"async\" src=\"https:\/\/www.europesays.com\/es\/wp-content\/uploads\/2025\/12\/578072f3-7e74-43cb-8361-2780af7200e6_320x180.jpeg\" alt=\"Maxima crueldad en la cantera del Betis: &quot;Lo hemos entendido mal&quot;\"\/><\/a>La reestructuraci\u00f3n de los equipos &#8216;tocados&#8217;, con cautela<\/p>\n<p class=\"parrafo\">El m\u00e1ximo responsable de la cantera del <strong>Real Betis<\/strong>, <strong>Miguel Calzado<\/strong>, mantiene desde hace d\u00edas reuniones a varias bandas con sus asesores m\u00e1s directos para que el relevo al frente del primer filial, tratado bajo la premisa de la estricta <strong>promoci\u00f3n interna<\/strong>, no altere en lo posible los cuerpos t\u00e9cnicos de los equipos afectados. Al menos, no demasiado. A falta de confirmaci\u00f3n, el sustituto de <strong>Dani Fragoso<\/strong> al frente del juvenil A ser\u00e1 <strong>Javi<\/strong> <strong>Barrero<\/strong>, que estaba al frente del prometedor infantil B, tercero de la clasificaci\u00f3n del <strong>Grupo 1 de Primera Andaluza infantil<\/strong>, pero con <strong>13 puntos <\/strong>de ventaja sobre el eterno rival. En teor\u00eda, su segundo, <strong>Joaqu\u00edn Bornes<\/strong>, se quedar\u00eda al frente, porque el ayudante del otrora auxiliar de <strong>Antonio Fern\u00e1ndez<\/strong> el curso pasado en el <strong>Xerez DFC<\/strong> ser\u00e1 el que ejerc\u00eda como tal con <strong>Miguel \u00c1ngel Caro<\/strong> en el juvenil de <strong>Liga Nacional<\/strong> estos \u00faltimos a\u00f1os, <strong>Hip\u00f3lito Fern\u00e1ndez<\/strong> &#8216;<strong>Poli<\/strong>&#8216;.<strong\/><\/p>\n<p><img decoding=\"async\" src=\"https:\/\/www.europesays.com\/es\/wp-content\/uploads\/2025\/12\/507ceb37-1fa6-4861-bbfc-5a756cb239fb_800x800.jpeg\" loading=\"lazy\"\/><\/p>\n","protected":false},"excerpt":{"rendered":"La derrota en Elda ha colmado el vaso de la paciencia de los responsables de cantera verdiblancos, que&hellip;\n","protected":false},"author":2,"featured_media":304071,"comment_status":"","ping_status":"","sticky":false,"template":"","format":"standard","meta":{"footnotes":""},"categories":[268],"tags":[8900,2512,168,25,24,284,280,282,71976,6958,286,281,23,167,39912],"class_list":{"0":"post-304070","1":"post","2":"type-post","3":"status-publish","4":"format-standard","5":"has-post-thumbnail","7":"category-futbol","8":"tag-betis-deportivo","9":"tag-cantera","10":"tag-deportes","11":"tag-es","12":"tag-espana","13":"tag-estadio-deportivo","14":"tag-football","15":"tag-futbol","16":"tag-javi-medina","17":"tag-primera-rfef","18":"tag-real-betis-balompie","19":"tag-soccer","20":"tag-spain","21":"tag-sports","22":"tag-youth-league"},"share_on_mastodon":{"url":"https:\/\/pubeurope.com\/@es\/115771482522898434","error":""},"_links":{"self":[{"href":"https:\/\/www.europesays.com\/es\/wp-json\/wp\/v2\/posts\/304070","targetHints":{"allow":["GET"]}}],"collection":[{"href":"https:\/\/www.europesays.com\/es\/wp-json\/wp\/v2\/posts"}],"about":[{"href":"https:\/\/www.europesays.com\/es\/wp-json\/wp\/v2\/types\/post"}],"author":[{"embeddable":true,"href":"https:\/\/www.europesays.com\/es\/wp-json\/wp\/v2\/users\/2"}],"replies":[{"embeddable":true,"href":"https:\/\/www.europesays.com\/es\/wp-json\/wp\/v2\/comments?post=304070"}],"version-history":[{"count":0,"href":"https:\/\/www.europesays.com\/es\/wp-json\/wp\/v2\/posts\/304070\/revisions"}],"wp:featuredmedia":[{"embeddable":true,"href":"https:\/\/www.europesays.com\/es\/wp-json\/wp\/v2\/media\/304071"}],"wp:attachment":[{"href":"https:\/\/www.europesays.com\/es\/wp-json\/wp\/v2\/media?parent=304070"}],"wp:term":[{"taxonomy":"category","embeddable":true,"href":"https:\/\/www.europesays.com\/es\/wp-json\/wp\/v2\/categories?post=304070"},{"taxonomy":"post_tag","embeddable":true,"href":"https:\/\/www.europesays.com\/es\/wp-json\/wp\/v2\/tags?post=304070"}],"curies":[{"name":"wp","href":"https:\/\/api.w.org\/{rel}","templated":true}]}}