{"id":304107,"date":"2025-12-23T23:56:16","date_gmt":"2025-12-23T23:56:16","guid":{"rendered":"https:\/\/www.europesays.com\/es\/304107\/"},"modified":"2025-12-23T23:56:16","modified_gmt":"2025-12-23T23:56:16","slug":"casi-6-anos-despues-los-fans-no-perdonan-a-netflix-por-haber-cancelado-una-de-sus-series-mas-divertidas","status":"publish","type":"post","link":"https:\/\/www.europesays.com\/es\/304107\/","title":{"rendered":"Casi 6 a\u00f1os despu\u00e9s, los fans no perdonan a Netflix por haber cancelado una de sus series m\u00e1s divertidas"},"content":{"rendered":"<p class=\"c-paragraph\">A estas alturas no es ninguna sorpresa que <a href=\"https:\/\/www.hobbyconsolas.com\/hobbycine\/stranger-things-esta-plagada-referencias-stephen-king-su-obra-repasamos-las-mejores_6884241_0.html\" title=\"Stranger Things est\u00e1 plagada de referencias a Stephen King y su obra: repasamos las mejores\" rel=\"nofollow noopener\" target=\"_blank\">Netflix<\/a> es muy dada a sacar a guillotina y fulminar sus <b>series<\/b> que consideran que no tienen la audiencia necesaria, a pesar de ser muy aclamadas entre la cr\u00edtica y\/o el p\u00fablico.<\/p>\n<p class=\"c-paragraph\"><a href=\"https:\/\/www.hobbyconsolas.com\/listas\/series-canceladas-netflix-647309\" title=\"Series canceladas de Netflix que deber\u00edan tener una segunda oportunidad\" rel=\"nofollow noopener\" target=\"_blank\">Ejemplos tenemos a patadas<\/a> (m\u00e1s los que est\u00e9n por venir), pero pocos han sido tan dolorosos como el de <a href=\"https:\/\/www.hobbyconsolas.com\/reviews\/critica-santa-clarita-diet-temporada-3-ya-netflix-397609\" title=\"Cr\u00edtica de Santa Clarita Diet temporada 3, ya en Netflix\" rel=\"nofollow noopener\" target=\"_blank\">Santa Clarita Diet<\/a>, una divertida <b>serie<\/b> de comedia negra protagonizada por <b>Drew Barrymore<\/b> y <b>Timothy Olyphant<\/b>.<\/p>\n<p class=\"c-paragraph\">Creada por <b>Victor Fresco<\/b>, la trama de la ficci\u00f3n sigue la historia de Sheila y Joel Hammond, agentes inmobiliarios casados que viven una vida aparentemente normal en los suburbios de California.<\/p>\n<p class=\"c-paragraph\">Sin embargo, esa normalidad se rompe r\u00e1pidamente cuando <b>Sheila sufre una misteriosa transformaci\u00f3n que la deja con un antojo de carne humana<\/b>.<\/p>\n<p>Por qu\u00e9 Netflix cancel\u00f3 Santa Clarita Diet<\/p>\n<p class=\"c-paragraph\">La serie enseguida se gan\u00f3 los elogios tanto de la cr\u00edtica como del p\u00fablico, lo que hizo que Netflix llegara a renovar Santa Clarita Diet dos temporadas m\u00e1s.<\/p>\n<p class=\"c-paragraph\">Pero, a pesar de su \u00e9xito, <b>la plataforma decidi\u00f3 cerrar el grifo y cancelar la serie tras su tercera temporada<\/b>, dejando la trama completamente abierta y enfureciendo a los fans, quienes siguen sin perdonar a Netflix casi seis a\u00f1os despu\u00e9s de su cancelaci\u00f3n.<\/p>\n<p class=\"c-paragraph\">La cancelaci\u00f3n de Santa Clarita Diet por parte de Netflix fue impactante para todo el mundo, pues el servicio de transmisi\u00f3n apenas dio explicaciones al respecto cuando anunci\u00f3 en abril de 2019 que la serie no contar\u00eda con m\u00e1s temporadas.<\/p>\n<p class=\"c-paragraph\">Tiempo despu\u00e9s, su creador, <a href=\"https:\/\/www.hobbyconsolas.com\/listas\/raro-puedes-ver-netflix-818299\" title=\"Esto es lo m\u00e1s raro que puedes ver en Netflix\" rel=\"nofollow noopener\" target=\"_blank\">Victor Fresco<\/a>, coment\u00f3 que <b>la cancelaci\u00f3n de Santa Clarita Diet se debi\u00f3 principalmente a que no compensaba realizar el costo de su producci\u00f3n con respecto al crecimiento de su audiencia<\/b>, que al parecer no era el suficiente.<\/p>\n<p class=\"c-paragraph\">El prematuro final de Santa Clarita Diet se convirti\u00f3 en un s\u00edmbolo del problema principal de Netflix, pues no son pocos los que creen que cancelar <a href=\"https:\/\/www.hobbyconsolas.com\/listas\/10-series-todavia-siguen-emision-tienen-demasiadas-temporadas-1136165\" title=\"10 series que todav\u00eda siguen emisi\u00f3n y ya tienen demasiadas temporadas\" rel=\"nofollow noopener\" target=\"_blank\">series<\/a> con buenas cr\u00edticas antes de que puedan desarrollarse por completo no es precisamente la mejor de las ideas. \u00bfQu\u00e9 otras producciones consideras que deber\u00edan haber seguido adelante en la plataforma en lugar de ser canceladas?<\/p>\n","protected":false},"excerpt":{"rendered":"A estas alturas no es ninguna sorpresa que Netflix es muy dada a sacar a guillotina y fulminar&hellip;\n","protected":false},"author":2,"featured_media":304108,"comment_status":"","ping_status":"","sticky":false,"template":"","format":"standard","meta":{"footnotes":""},"categories":[171],"tags":[6832,988,28488,987,146,147,25,24,4417,23,214],"class_list":{"0":"post-304107","1":"post","2":"type-post","3":"status-publish","4":"format-standard","5":"has-post-thumbnail","7":"category-tv","8":"tag-6832","9":"tag-anos","10":"tag-casi","11":"tag-despues","12":"tag-entertainment","13":"tag-entretenimiento","14":"tag-es","15":"tag-espana","16":"tag-los","17":"tag-spain","18":"tag-tv"},"share_on_mastodon":{"url":"https:\/\/pubeurope.com\/@es\/115771591244242462","error":""},"_links":{"self":[{"href":"https:\/\/www.europesays.com\/es\/wp-json\/wp\/v2\/posts\/304107","targetHints":{"allow":["GET"]}}],"collection":[{"href":"https:\/\/www.europesays.com\/es\/wp-json\/wp\/v2\/posts"}],"about":[{"href":"https:\/\/www.europesays.com\/es\/wp-json\/wp\/v2\/types\/post"}],"author":[{"embeddable":true,"href":"https:\/\/www.europesays.com\/es\/wp-json\/wp\/v2\/users\/2"}],"replies":[{"embeddable":true,"href":"https:\/\/www.europesays.com\/es\/wp-json\/wp\/v2\/comments?post=304107"}],"version-history":[{"count":0,"href":"https:\/\/www.europesays.com\/es\/wp-json\/wp\/v2\/posts\/304107\/revisions"}],"wp:featuredmedia":[{"embeddable":true,"href":"https:\/\/www.europesays.com\/es\/wp-json\/wp\/v2\/media\/304108"}],"wp:attachment":[{"href":"https:\/\/www.europesays.com\/es\/wp-json\/wp\/v2\/media?parent=304107"}],"wp:term":[{"taxonomy":"category","embeddable":true,"href":"https:\/\/www.europesays.com\/es\/wp-json\/wp\/v2\/categories?post=304107"},{"taxonomy":"post_tag","embeddable":true,"href":"https:\/\/www.europesays.com\/es\/wp-json\/wp\/v2\/tags?post=304107"}],"curies":[{"name":"wp","href":"https:\/\/api.w.org\/{rel}","templated":true}]}}