{"id":304109,"date":"2025-12-23T23:57:22","date_gmt":"2025-12-23T23:57:22","guid":{"rendered":"https:\/\/www.europesays.com\/es\/304109\/"},"modified":"2025-12-23T23:57:22","modified_gmt":"2025-12-23T23:57:22","slug":"loquillo-cumple-65-anos-por-que-su-sombra-sigue-siendo-alargada-en-el-rock-espanol-los40-classic","status":"publish","type":"post","link":"https:\/\/www.europesays.com\/es\/304109\/","title":{"rendered":"Loquillo cumple 65 a\u00f1os: por qu\u00e9 su sombra sigue siendo alargada en el rock espa\u00f1ol | LOS40 Classic"},"content":{"rendered":"<p>El 21 de diciembre no es solo el d\u00eda en que comienza oficialmente el invierno: tambi\u00e9n es el cumplea\u00f1os de <a href=\"https:\/\/los40.com\/2025\/09\/26\/loquillo-con-la-situacion-politica-en-espana-tienen-que-salir-un-monton-de-artistas-jovenes-gritando\/\" target=\"_blank\" rel=\"noreferrer nofollow noopener\" title=\"https:\/\/los40.com\/2025\/09\/26\/loquillo-con-la-situacion-politica-en-espana-tienen-que-salir-un-monton-de-artistas-jovenes-gritando\/\">Loquillo<\/a>, una de esas figuras que explican por s\u00ed solas qu\u00e9 significa el rock en Espa\u00f1a cuando deja de ser una pose y se convierte en una forma de estar en el mundo. Hablar de \u00e9l no es repasar una biograf\u00eda \u2014eso ya est\u00e1 escrito\u2014, sino entender por qu\u00e9 su presencia ha sido estructural, por qu\u00e9<b> su voz, su imagen y su discurso han marcado a varias generaciones<\/b> y por qu\u00e9, cuatro d\u00e9cadas despu\u00e9s, sigue siendo un referente inc\u00f3modo, elegante y absolutamente reconocible.<\/p>\n<p>Loquillo no es importante solo por las canciones \u2014que las tiene\u2014, sino porque encarn\u00f3 algo que el rock espa\u00f1ol necesitaba con urgencia a principios de los ochenta: identidad. Mientras la Movida apostaba por la iron\u00eda pop, el colorismo y cierta ligereza hedonista, Loquillo eligi\u00f3 otra v\u00eda: la del rock cl\u00e1sico filtrado por la ciudad, la nocturnidad, el existencialismo y una est\u00e9tica heredada tanto de Elvis como del cine negro. No fue una oposici\u00f3n frontal, pero s\u00ed una alternativa clara. <b>Frente al efervescente \u201ctodo vale\u201d, \u00e9l propuso car\u00e1cter. <\/b>Y eso, en un pa\u00eds que estrenaba democracia y buscaba referentes, no fue poca cosa.<\/p>\n<p><img decoding=\"async\" src=\"https:\/\/www.europesays.com\/es\/wp-content\/uploads\/2025\/12\/DHAAWUJCWZFNXEZWSXJ7TZZ6J4.jpg\" alt=\"\u00a1Feliz Navidad! 210 frases, im\u00e1genes y gifs originales para felicitar la Nochebuena o la Navidad a tu familia o tus grupos de WhatsApp\" width=\"165\" height=\"138\"  loading=\"lazy\"\/><\/p>\n<p>Con <b>Los Trogloditas<\/b>, Loquillo ayud\u00f3 a fijar un canon de rock urbano que no necesitaba pedir perd\u00f3n ni disfrazarse de modernidad. Canciones como \u201cCadillac solitario\u201d, \u201cEl ritmo del garaje\u201d o \u201cQuiero un cami\u00f3n\u201d no solo resistieron el paso del tiempo: se convirtieron en un lenguaje com\u00fan. Ah\u00ed estaba la clave: Loquillo hablaba de coches, noches largas, derrotas sentimentales y orgullo personal sin iron\u00eda ni condescendencia. <b>Rock directo, narrativo, con \u00e9pica de barrio.<\/b> Una f\u00f3rmula que muchos han intentado imitar y pocos han sabido sostener sin caer en la caricatura.<\/p>\n<p><img decoding=\"async\" src=\"https:\/\/los40.com\/pf\/resources\/img\/logo-40-v-c.svg?d=922\" alt=\"LOS40 Classic\" class=\"i-pro\" width=\"68\" height=\"68\" loading=\"lazy\"\/><img loading=\"lazy\" decoding=\"async\" src=\"https:\/\/www.europesays.com\/es\/wp-content\/uploads\/2025\/12\/1766534242_165_maxresdefault.jpg\" width=\"16\" height=\"9\"\/><\/p>\n<p>Pero reducir su importancia al rock urbano ser\u00eda quedarse corto. A lo largo de su carrera, Loquillo ha demostrado algo poco habitual en figuras de su generaci\u00f3n: inquietud. Su aproximaci\u00f3n a la poes\u00eda \u2014de <b>Luis Alberto de Cuenca <\/b>a <b>Jaime Gil de Biedma<\/b>\u2014 no fue un capricho tard\u00edo, sino una ampliaci\u00f3n natural de su universo. Con esos proyectos, Loquillo legitim\u00f3 un cruce que en Espa\u00f1a siempre hab\u00eda generado recelos: rock y alta literatura. Y lo hizo sin solemnidad, sin perder calle, demostrando que la cultura no tiene por qu\u00e9 dividirse en compartimentos estancos.<\/p>\n<p>Su influencia se percibe tanto en lo musical como en lo actitudinal. Artistas como<a href=\"https:\/\/los40.com\/2025\/10\/24\/fito-cabrales-la-edad-si-que-te-da-una-ventaja-no-normalizar-el-exito\/\" target=\"_blank\" rel=\"noreferrer nofollow noopener\" title=\"https:\/\/los40.com\/2025\/10\/24\/fito-cabrales-la-edad-si-que-te-da-una-ventaja-no-normalizar-el-exito\/\"> Fito Cabrales<\/a>, <a href=\"https:\/\/los40.com\/2024\/12\/13\/carlos-tarque-presenta-su-documental-donde-nace-el-rock-and-roll\/\" target=\"_blank\" rel=\"noreferrer nofollow noopener\" title=\"https:\/\/los40.com\/2024\/12\/13\/carlos-tarque-presenta-su-documental-donde-nace-el-rock-and-roll\/\">Carlos Tarque<\/a> o <a href=\"https:\/\/los40.com\/2025\/09\/05\/enrique-bunbury-imparable-tras-el-lanzamiento-de-la-version-en-vivo-de-las-chingadas-ganas-de-llorar-huracan-ambulante-2025\/\" target=\"_blank\" rel=\"noreferrer nofollow noopener\" title=\"https:\/\/los40.com\/2025\/09\/05\/enrique-bunbury-imparable-tras-el-lanzamiento-de-la-version-en-vivo-de-las-chingadas-ganas-de-llorar-huracan-ambulante-2025\/\">Enrique Bunbury<\/a> \u2014cada uno desde territorios distintos\u2014 comparten con Loquillo esa idea del rock como discurso propio, no como simple g\u00e9nero. Incluso en generaciones posteriores, desde el indie que coquetea con el clasicismo hasta el pop que busca gravedad, su figura aparece como referencia impl\u00edcita:<b> la del artista que se toma en serio a s\u00ed mismo<\/b> sin caer en la pomposidad.<\/p>\n<p>Tambi\u00e9n ha sido clave su relaci\u00f3n con la imagen. Loquillo entendi\u00f3 antes que muchos que<b> el rock no es solo sonido, sino relato visual. <\/b>Su altura, su voz grave, su manera de ocupar el escenario construyeron un personaje coherente, reconocible, que nunca necesit\u00f3 reinventarse de forma desesperada. Ha cambiado, s\u00ed, pero siempre desde dentro. En un pa\u00eds donde el rock ha sufrido complejos cr\u00f3nicos, Loquillo aport\u00f3 autoestima: se pod\u00eda ser rockero en espa\u00f1ol sin pedir permiso ni disculpas.<\/p>\n<p>A sus 65 a\u00f1os, Loquillo sigue siendo relevante no por nostalgia, sino por vigencia. Sigue publicando discos, sigue girando, sigue opinando. No siempre cae simp\u00e1tico, y probablemente ah\u00ed radica parte de su valor. El rock, al fin y al cabo, no est\u00e1 para caer bien, sino para decir algo con convicci\u00f3n. Y en eso, Loquillo sigue siendo una referencia mayor: un artista que entendi\u00f3 que el rock no es cuesti\u00f3n de edad, sino de <b>actitud sostenida en el tiempo.<\/b> Y de eso, cumple a\u00f1os, pero no caduca.<\/p>\n","protected":false},"excerpt":{"rendered":"El 21 de diciembre no es solo el d\u00eda en que comienza oficialmente el invierno: tambi\u00e9n es el&hellip;\n","protected":false},"author":2,"featured_media":304110,"comment_status":"","ping_status":"","sticky":false,"template":"","format":"standard","meta":{"footnotes":""},"categories":[170],"tags":[146,147,25,24,71981,184,185,23],"class_list":{"0":"post-304109","1":"post","2":"type-post","3":"status-publish","4":"format-standard","5":"has-post-thumbnail","7":"category-musica","8":"tag-entertainment","9":"tag-entretenimiento","10":"tag-es","11":"tag-espana","12":"tag-live-music","13":"tag-music","14":"tag-musica","15":"tag-spain"},"share_on_mastodon":{"url":"https:\/\/pubeurope.com\/@es\/115771595268717569","error":""},"_links":{"self":[{"href":"https:\/\/www.europesays.com\/es\/wp-json\/wp\/v2\/posts\/304109","targetHints":{"allow":["GET"]}}],"collection":[{"href":"https:\/\/www.europesays.com\/es\/wp-json\/wp\/v2\/posts"}],"about":[{"href":"https:\/\/www.europesays.com\/es\/wp-json\/wp\/v2\/types\/post"}],"author":[{"embeddable":true,"href":"https:\/\/www.europesays.com\/es\/wp-json\/wp\/v2\/users\/2"}],"replies":[{"embeddable":true,"href":"https:\/\/www.europesays.com\/es\/wp-json\/wp\/v2\/comments?post=304109"}],"version-history":[{"count":0,"href":"https:\/\/www.europesays.com\/es\/wp-json\/wp\/v2\/posts\/304109\/revisions"}],"wp:featuredmedia":[{"embeddable":true,"href":"https:\/\/www.europesays.com\/es\/wp-json\/wp\/v2\/media\/304110"}],"wp:attachment":[{"href":"https:\/\/www.europesays.com\/es\/wp-json\/wp\/v2\/media?parent=304109"}],"wp:term":[{"taxonomy":"category","embeddable":true,"href":"https:\/\/www.europesays.com\/es\/wp-json\/wp\/v2\/categories?post=304109"},{"taxonomy":"post_tag","embeddable":true,"href":"https:\/\/www.europesays.com\/es\/wp-json\/wp\/v2\/tags?post=304109"}],"curies":[{"name":"wp","href":"https:\/\/api.w.org\/{rel}","templated":true}]}}