{"id":304127,"date":"2025-12-24T00:16:11","date_gmt":"2025-12-24T00:16:11","guid":{"rendered":"https:\/\/www.europesays.com\/es\/304127\/"},"modified":"2025-12-24T00:16:11","modified_gmt":"2025-12-24T00:16:11","slug":"la-vuelta-a-murcia-culminara-en-santomera-por-primera-vez-en-su-historia-esciclismo","status":"publish","type":"post","link":"https:\/\/www.europesays.com\/es\/304127\/","title":{"rendered":"La Vuelta a Murcia culminar\u00e1 en Santomera por primera vez en su historia &#8211; Esciclismo"},"content":{"rendered":"<ol>\n<li><a href=\"https:\/\/news.google.com\/rss\/articles\/CBMiakFVX3lxTE1tdVpwd3hCUTJYQ1JvNlUzYjdfOFVhOUhQYmZnY3JETzV1enh3UVVicGR1MkpTdjJXczFyZGJrc1lYUE1IaWFoeVlDc09SWnR1RjdUWC1wR1lKSUFhTWpabWYwZld5Q21RT0E?oc=5\" target=\"_blank\" rel=\"nofollow noopener\">La Vuelta a Murcia culminar\u00e1 en Santomera por primera vez en su historia<\/a>&nbsp;&nbsp;Esciclismo<\/li>\n<li><a href=\"https:\/\/news.google.com\/rss\/articles\/CBMipAJBVV95cUxOUVNlVHZXWkhlMkg1dUQ4bV9UNHlGY05hc0hhR20wbm9YNFYtT01lZmItQzg3SVhONm1yN1VVNW5yT295RU9Wb19LNndWUEtWQktuc3VZVzhWSUtGaEk2WS1TVHJlSHB3Rkl2ZW9TdzZWZTdLMGt0QmRabGJvRFZtV0xzRlRLbFRVWkgxWkVab3Y4QnlVVnVxV081UGpRUXM5RnhWd1VySDMzcldlUF9PR2puOVpwdkE2T2x0SG80TzJPSE1xQ0hpZnR0MXVmYWMtbVZMM0g0eHp2ZFhVTEktdFB4ZGs1b25rd0YzWkdxeVZFaXR5enk2elJZV0x5d1o0UmZkcGx3NjJKT3RBeHRSS2l3c1dHY2RMbmRmZlFZN05Sb1Mw0gGqAkFVX3lxTE1PR0NEM3F2eU0yMmNObDZsRFZVZERZOVlTaTJ2RG5rcDhCU1pNWFh6S2JaU0Z4UmxFSDU3YUtweTAtY2V0dXRER0dlSDNUSVlOREhrRl82Um04c3NkLUJENlg0TUdkd0hIeGRUcld1TU10SnVkbWE4OG11RUFNRFZiblhMTG5YUUF5X2swZkFKczRkaW5VQW5mZXdVRGZJTVZSYjdMdXVzR2p3M2lIbWNyNW1wMzhia1RmVDFSY1Q0X0dTR1dGbW9kUjc1UnJJcEE3WUNHVTQydDNKR0JHVlhiTXhWRk1wUXpYbmprR1NpNDJBMUM2UGZsYjl2TEJSNF8xa3JZZkpxSVhoRU5vN3dXUVI1SmMwUUpNb1hpSzhTMU5rMzFTT2l1Q3c?oc=5\" target=\"_blank\" rel=\"nofollow noopener\">Santomera se estrena como meta final de la Vuelta Ciclista a la Regi\u00f3n de Murcia 2026<\/a>&nbsp;&nbsp;COPE<\/li>\n<li><a href=\"https:\/\/news.google.com\/rss\/articles\/CBMiwAFBVV95cUxOYWhPekRlOTRLc0RoVi1TbjQxcElieWNyV1VCUVpWS1dxNWVHZXFpRGt2MEZhRXRCcVdwd3ZmZkVFbnZsUmVUT0tKWnIxRlBIU1dUai1jMDZkRlhna0NqUWVQMENrSU9NMm94NUluMXp4ODYxMXRxMlZJTVpyY2pycE55VWFmQU91VmFOd0xYNHZGejZvRW1BWnN2eHlKUzdyOG92NFRlaGppSVVNOFRMc2ZyLTBKT2FfYmdZMnZmdkU?oc=5\" target=\"_blank\" rel=\"nofollow noopener\">La Vuelta a Espa\u00f1a 2026 contar\u00e1 con una etapa con salida y meta en la Regi\u00f3n de Murcia<\/a>&nbsp;&nbsp;La Verdad<\/li>\n<li><a href=\"https:\/\/news.google.com\/rss\/articles\/CBMigAFBVV95cUxQMmZzZnV6X2pGbGtvMElFODc2Z2t2NV9CVXJUa0JKV2h2QjNnWjNTOVM2RzA1dFBFdW5sNXQ4bU56RmN6czMwY0U5UUJwNVlSdVVYQ284X1JwV0pnQ05QcS1taktoUnpSd0tzbkxvYlpUdTdsd3c1SHpoeGR0c3ZBTw?oc=5\" target=\"_blank\" rel=\"nofollow noopener\">Cartagena se consolida como destino de turismo deportivo con la salida de una etapa de La Vuelta a Espa\u00f1a 2026<\/a>&nbsp;&nbsp;Ayuntamiento de Cartagena<\/li>\n<li><a href=\"https:\/\/news.google.com\/rss\/articles\/CBMiywFBVV95cUxNckx6c3V6VVM1QVBweHJQT3BXdWZ5X01ncENZTXc1VVBkSzh2YTl1LWozN0lGWk55U0t1Yi1fSjZDTlVULS1adEdfRVBQSmhkMVp0MlVZNEEyNnR0ekxjbVdKVHhITHp3SlBVVzZuaTZkOFdPUVFNT0lSLUNYWm10VDgtb1lNRW9VUjA2RmpVN2dtZUIwdzYzWG56Z3hyMm10WHZQb2lVd0R6WE5FaXFua1UyOF9UcTNXbm4yNEhfaUNIcEdCamNBTmtROA?oc=5\" target=\"_blank\" rel=\"nofollow noopener\">La Vuelta Ciclista a la Regi\u00f3n de Murcia finalizar\u00e1 en Santomera el pr\u00f3ximo 14 de febrero<\/a>&nbsp;&nbsp;Europa Press<\/li>\n<\/ol>\n","protected":false},"excerpt":{"rendered":"La Vuelta a Murcia culminar\u00e1 en Santomera por primera vez en su historia&nbsp;&nbsp;Esciclismo Santomera se estrena como meta&hellip;\n","protected":false},"author":2,"featured_media":304128,"comment_status":"","ping_status":"","sticky":false,"template":"","format":"standard","meta":{"footnotes":""},"categories":[273],"tags":[1611,313,1757,312,168,4007,2197,25,24,1478,847,3850,2761,6192,71990,23,167,602,1357],"class_list":{"0":"post-304127","1":"post","2":"type-post","3":"status-publish","4":"format-standard","5":"has-post-thumbnail","7":"category-ciclismo","8":"tag-ano","9":"tag-ciclismo","10":"tag-ciclista","11":"tag-cycling","12":"tag-deportes","13":"tag-destacado","14":"tag-edicion","15":"tag-es","16":"tag-espana","17":"tag-murcia","18":"tag-papel","19":"tag-proxima","20":"tag-prueba","21":"tag-region","22":"tag-santomera","23":"tag-spain","24":"tag-sports","25":"tag-tendra","26":"tag-vuelta"},"share_on_mastodon":{"url":"https:\/\/pubeurope.com\/@es\/115771669447802482","error":""},"_links":{"self":[{"href":"https:\/\/www.europesays.com\/es\/wp-json\/wp\/v2\/posts\/304127","targetHints":{"allow":["GET"]}}],"collection":[{"href":"https:\/\/www.europesays.com\/es\/wp-json\/wp\/v2\/posts"}],"about":[{"href":"https:\/\/www.europesays.com\/es\/wp-json\/wp\/v2\/types\/post"}],"author":[{"embeddable":true,"href":"https:\/\/www.europesays.com\/es\/wp-json\/wp\/v2\/users\/2"}],"replies":[{"embeddable":true,"href":"https:\/\/www.europesays.com\/es\/wp-json\/wp\/v2\/comments?post=304127"}],"version-history":[{"count":0,"href":"https:\/\/www.europesays.com\/es\/wp-json\/wp\/v2\/posts\/304127\/revisions"}],"wp:featuredmedia":[{"embeddable":true,"href":"https:\/\/www.europesays.com\/es\/wp-json\/wp\/v2\/media\/304128"}],"wp:attachment":[{"href":"https:\/\/www.europesays.com\/es\/wp-json\/wp\/v2\/media?parent=304127"}],"wp:term":[{"taxonomy":"category","embeddable":true,"href":"https:\/\/www.europesays.com\/es\/wp-json\/wp\/v2\/categories?post=304127"},{"taxonomy":"post_tag","embeddable":true,"href":"https:\/\/www.europesays.com\/es\/wp-json\/wp\/v2\/tags?post=304127"}],"curies":[{"name":"wp","href":"https:\/\/api.w.org\/{rel}","templated":true}]}}