{"id":304133,"date":"2025-12-24T00:20:13","date_gmt":"2025-12-24T00:20:13","guid":{"rendered":"https:\/\/www.europesays.com\/es\/304133\/"},"modified":"2025-12-24T00:20:13","modified_gmt":"2025-12-24T00:20:13","slug":"alba-flores-confiesa-como-salio-del-armario-con-su-madre-ana-villa-con-trece-anos-lo-pase-fatal","status":"publish","type":"post","link":"https:\/\/www.europesays.com\/es\/304133\/","title":{"rendered":"Alba Flores confiesa como sali\u00f3 del armario con su madre, Ana Villa, con trece a\u00f1os: \u201cLo pas\u00e9 fatal\u201d"},"content":{"rendered":"\n<p> Sumida en un viaje \u00edntimo y cat\u00e1rtico, Alba Flores explora en \u2018Flores para Antonio\u2019 los recuerdos que durante d\u00e9cadas hab\u00edan permanecido ocultos. Nieta de la ic\u00f3nica Lola Flores e hija del homenajeado Antonio Flores, enfrenta la ausencia de su padre, fallecido en 1995 cuando apenas ten\u00eda nueve a\u00f1os. Tras m\u00e1s de tres d\u00e9cadas, aquella herida se convierte en el eje de un relato que mezcla memoria, reconciliaci\u00f3n y homenaje. <strong>Entre la celebraci\u00f3n de su legado y la b\u00fasqueda de cerrar viejas heridas<\/strong>, la actriz confronta los estigmas que marcaron al cantante y <a href=\"https:\/\/www.vanitatis.elconfidencial.com\/famosos\/2025-09-30\/lolita-flores-casa-piso-madrid-decoracion-salon-goya_4141105\/\" target=\"_self\" rel=\"nofollow noopener\">redefine su propia historia familiar.<\/a> <\/p>\n<p> No solo ha sido la propia realizaci\u00f3n <a href=\"https:\/\/www.vanitatis.elconfidencial.com\/famosos\/2025-09-28\/alba-flores-documental-serie-antonio-pasado-reconciliacion-lolita_4216248\/\" target=\"_self\" rel=\"nofollow noopener\">del documental, dirigido por Isaki Lacuesta y Elena Molina<\/a>, tambi\u00e9n durante la propia promoci\u00f3n de la pieza audiovisual ha servido para conocer m\u00e1s de cerca a Los Flores y de la propia Alba. La actriz, unas de las m\u00e1s desconocidas en el clan, <strong>ha confesado como fue su salida del armario en su entorno familiar.<\/strong> <\/p>\n<p>               La actriz Alba Flores en la gala de la 31.\u00aa edici\u00f3n de los Premios Forqu\u00e9. (EFE)             <\/p>\n<p> \u201cEra adolescente y lo pas\u00e9 fatal\u201d, confes\u00f3 al responder a una pregunta de Nerea P\u00e9rez de las Heras en el p\u00f3dcast \u2018Est\u00e1 el horno para bollos\u2019, que presenta junto a Judith Tiral. Alba explic\u00f3 que fue con apenas 13 a\u00f1os cuando empez\u00f3 a cuestionarse su orientaci\u00f3n sexual, al darse cuenta de que sent\u00eda algo m\u00e1s que amistad por una compa\u00f1era de clase. <strong>\u201cSab\u00eda que no pod\u00eda decirlo<\/strong>. Era alguien muy cercana, muy amiga, y pensaba que aquello no le estaba pasando a ella, solo me estaba pasando a m\u00ed y no puedo decir nada\u201d, relat\u00f3. <\/p>\n<p> Una confesi\u00f3n <a href=\"https:\/\/www.vanitatis.elconfidencial.com\/famosos\/2023-09-20\/nerea-perez-hernand-accidente-pierna-amputada_3738696\/\" target=\"_self\" rel=\"nofollow noopener\">en la que tanto Nerea como Judith se vieron reflejadas<\/a>, al tratarse de una vivencia propia de la pubertad, \u201ccon las hormonas a flor de piel\u201d, como a\u00f1ad\u00edan entre risas. Alba record\u00f3 que estaba profundamente enamorada y que un d\u00eda su compa\u00f1era hab\u00eda estado en su casa viendo \u2018El \u00faltimo suspiro\u2019, una pel\u00edcula que defini\u00f3 como \u201cbollodram\u00e1tica\u201d. \u201cMe dijo que me parec\u00eda a la protagonista y yo por dentro me mor\u00eda, porque no pod\u00eda decirle cu\u00e1nto me identificaba\u201d, <strong>explic\u00f3 en referencia al personaje interpretado por Piper Perabo.<\/strong> <\/p>\n<blockquote class=\"tiktok-embed\" cite=\"https:\/\/www.tiktok.com\/@playz\/video\/7586736542446570784\" data-video-id=\"7586736542446570784\" style=\"max-width: 605px;min-width: 325px;\"><p>  <a target=\"_blank\" title=\"@playz\" href=\"https:\/\/www.tiktok.com\/@playz?refer=embed\" rel=\"nofollow noopener\">@playz<\/a> \u00bfC\u00f3mo fue la salida del armario de <a title=\"albaflores?\" target=\"_blank\" href=\"https:\/\/www.tiktok.com\/tag\/albaflores%3F?refer=embed\" rel=\"nofollow noopener\">#albaflores?<\/a> \u00abEst\u00e1 el horno para bollos\u00bb, ya disponible en <a title=\"rtveplay,\" target=\"_blank\" href=\"https:\/\/www.tiktok.com\/tag\/rtveplay%2C?refer=embed\" rel=\"nofollow noopener\">#rtveplay,<\/a> nuestro canal de YouTube y en las principales plataformas de audio <a title=\"lgtbi\" target=\"_blank\" href=\"https:\/\/www.tiktok.com\/tag\/lgtbi?refer=embed\" rel=\"nofollow noopener\">#lgtbi<\/a> <a title=\"relaciones\" target=\"_blank\" href=\"https:\/\/www.tiktok.com\/tag\/relaciones?refer=embed\" rel=\"nofollow noopener\">#relaciones<\/a> <a title=\"relacionessanas\" target=\"_blank\" href=\"https:\/\/www.tiktok.com\/tag\/relacionessanas?refer=embed\" rel=\"nofollow noopener\">#relacionessanas<\/a> <a title=\"estaelhornoparabollos\" target=\"_blank\" href=\"https:\/\/www.tiktok.com\/tag\/estaelhornoparabollos?refer=embed\" rel=\"nofollow noopener\">#estaelhornoparabollos<\/a> <a target=\"_blank\" title=\"\u266c sonido original  - Playz\" href=\"https:\/\/www.tiktok.com\/music\/sonido-original-Playz-7586736617717566241?refer=embed\" rel=\"nofollow noopener\">\u266c sonido original  &#8211; Playz<\/a>  <\/p><\/blockquote>\n<p> Tras despedirse de aquella amiga, se qued\u00f3 tumbada en el suelo del sal\u00f3n, <strong>abrazada al coj\u00edn que ella hab\u00eda usado<\/strong>. \u201cEn ese momento entr\u00f3 mi madre, me vio as\u00ed y me pregunt\u00f3 qu\u00e9 me pasaba. Entonces se lo solt\u00e9: \u2018Mam\u00e1, creo que soy bisexual\u2019. En aquella \u00e9poca lo dec\u00edamos as\u00ed por qu\u00e9 parec\u00eda demasiado fuerte decir que eras bollera\u201d, relat\u00f3. <a href=\"https:\/\/www.vanitatis.elconfidencial.com\/famosos\/2023-11-28\/alba-flores-herencia_3782502\/\" target=\"_self\" rel=\"nofollow noopener\">La reacci\u00f3n materna fue tan inesperada como liberadora:<\/a> \u201cHija m\u00eda, qu\u00e9 suerte. A m\u00ed me habr\u00eda encantado, porque te puede gustar toda la poblaci\u00f3n del planeta y no solo la mitad\u201d. <\/p>\n<p> Un testimonio que evidencia el clima de libertad y <strong>comprensi\u00f3n que siempre ha reinado en su entorno familiar.<\/strong> No es la primera vez que Alba se pronuncia p\u00fablicamente sobre su orientaci\u00f3n sexual: en 2023 <a href=\"https:\/\/www.vanitatis.elconfidencial.com\/famosos\/2025-07-06\/orgullo-madrid-lgtbiq-2025-famosos_4166884\/\" target=\"_self\" rel=\"nofollow noopener\">fue una de las pregoneras del Orgullo de Madrid<\/a>, donde reivindic\u00f3 la lucha colectiva como motor de los avances sociales. \u201cNunca nos han regalado nada. Cada derecho conquistado ha sido fruto de la movilizaci\u00f3n de personas que han puesto el cuerpo; la verdadera pol\u00edtica es la del pueblo\u201d, afirm\u00f3 entonces. <\/p>\n<p>               Las Fiestas del Orgullo MADO 2023  con Alba Flores. (EFE)             <\/p>\n<p> El respaldo dentro del clan Flores ha sido constante. D\u00edas antes de aquel preg\u00f3n, s<strong>u t\u00eda Lolita tambi\u00e9n expres\u00f3 su compromiso con el colectivo,<\/strong> recordando la educaci\u00f3n recibida por parte de su madre. \u201cSi algo ten\u00eda bueno mi madre es que valoraba a las personas con buen coraz\u00f3n. Nos ense\u00f1\u00f3 a querer a este colectivo porque siempre form\u00f3 parte de nuestra casa\u201d, explic\u00f3 durante los Premios MADO 2023. <\/p>\n<p> Sumida en un viaje \u00edntimo y cat\u00e1rtico, Alba Flores explora en \u2018Flores para Antonio\u2019 los recuerdos que durante d\u00e9cadas hab\u00edan permanecido ocultos. Nieta de la ic\u00f3nica Lola Flores e hija del homenajeado Antonio Flores, enfrenta la ausencia de su padre, fallecido en 1995 cuando apenas ten\u00eda nueve a\u00f1os. Tras m\u00e1s de tres d\u00e9cadas, aquella herida se convierte en el eje de un relato que mezcla memoria, reconciliaci\u00f3n y homenaje. <strong>Entre la celebraci\u00f3n de su legado y la b\u00fasqueda de cerrar viejas heridas<\/strong>, la actriz confronta los estigmas que marcaron al cantante y <a href=\"https:\/\/www.vanitatis.elconfidencial.com\/famosos\/2025-09-30\/lolita-flores-casa-piso-madrid-decoracion-salon-goya_4141105\/\" target=\"_self\" rel=\"nofollow noopener\">redefine su propia historia familiar.<\/a> <\/p>\n<p>              <script async src=\"\/\/www.tiktok.com\/embed.js\"><\/script><\/p>\n","protected":false},"excerpt":{"rendered":"Sumida en un viaje \u00edntimo y cat\u00e1rtico, Alba Flores explora en \u2018Flores para Antonio\u2019 los recuerdos que durante&hellip;\n","protected":false},"author":2,"featured_media":304134,"comment_status":"","ping_status":"","sticky":false,"template":"","format":"standard","meta":{"footnotes":""},"categories":[174],"tags":[255,146,147,25,24,256,23],"class_list":{"0":"post-304133","1":"post","2":"type-post","3":"status-publish","4":"format-standard","5":"has-post-thumbnail","7":"category-famosos","8":"tag-celebrities","9":"tag-entertainment","10":"tag-entretenimiento","11":"tag-es","12":"tag-espana","13":"tag-famosos","14":"tag-spain"},"share_on_mastodon":{"url":"https:\/\/pubeurope.com\/@es\/115771685324518575","error":""},"_links":{"self":[{"href":"https:\/\/www.europesays.com\/es\/wp-json\/wp\/v2\/posts\/304133","targetHints":{"allow":["GET"]}}],"collection":[{"href":"https:\/\/www.europesays.com\/es\/wp-json\/wp\/v2\/posts"}],"about":[{"href":"https:\/\/www.europesays.com\/es\/wp-json\/wp\/v2\/types\/post"}],"author":[{"embeddable":true,"href":"https:\/\/www.europesays.com\/es\/wp-json\/wp\/v2\/users\/2"}],"replies":[{"embeddable":true,"href":"https:\/\/www.europesays.com\/es\/wp-json\/wp\/v2\/comments?post=304133"}],"version-history":[{"count":0,"href":"https:\/\/www.europesays.com\/es\/wp-json\/wp\/v2\/posts\/304133\/revisions"}],"wp:featuredmedia":[{"embeddable":true,"href":"https:\/\/www.europesays.com\/es\/wp-json\/wp\/v2\/media\/304134"}],"wp:attachment":[{"href":"https:\/\/www.europesays.com\/es\/wp-json\/wp\/v2\/media?parent=304133"}],"wp:term":[{"taxonomy":"category","embeddable":true,"href":"https:\/\/www.europesays.com\/es\/wp-json\/wp\/v2\/categories?post=304133"},{"taxonomy":"post_tag","embeddable":true,"href":"https:\/\/www.europesays.com\/es\/wp-json\/wp\/v2\/tags?post=304133"}],"curies":[{"name":"wp","href":"https:\/\/api.w.org\/{rel}","templated":true}]}}