{"id":304156,"date":"2025-12-24T00:39:13","date_gmt":"2025-12-24T00:39:13","guid":{"rendered":"https:\/\/www.europesays.com\/es\/304156\/"},"modified":"2025-12-24T00:39:13","modified_gmt":"2025-12-24T00:39:13","slug":"la-fabrica-inagotable-quienes-son-los-juveniles-del-tenis-argentino-a-seguir-en-2026","status":"publish","type":"post","link":"https:\/\/www.europesays.com\/es\/304156\/","title":{"rendered":"La f\u00e1brica inagotable: qui\u00e9nes son los juveniles del tenis argentino a seguir en 2026"},"content":{"rendered":"<p><img alt=\"Lautaro Mid\u00f3n es uno de\" class=\"global-image\" decoding=\"async\" fetchpriority=\"high\" height=\"1080\" loading=\"eager\" src=\"https:\/\/www.europesays.com\/es\/wp-content\/uploads\/2025\/12\/IVYIBBW6MJB5TNIN6QCDCHC54Y.jpg\" width=\"1920\"\/>Lautaro Mid\u00f3n es uno de los juveniles argentinos con mayor proyecci\u00f3n <\/p>\n<p class=\"paragraph\">El tenis argentino es, en muchos sentidos, la expresi\u00f3n de un milagro: un semillero que contin\u00faa floreciendo pese a la notoria desigualdad de recursos frente a las federaciones m\u00e1s poderosas del mundo. Es cierto que en la \u00faltima d\u00e9cada no emergieron figuras del calibre de <b>Juan Mart\u00edn del Potro o Gabriela Sabatini<\/b>, emblemas de una era dorada. Sin embargo, el presente ofrece se\u00f1ales alentadoras<b>. En el circuito masculino, siete argentinos integran hoy el Top 100 del ranking ATP, con un promedio de edad que apenas supera los 24 a\u00f1os.<\/b><\/p>\n<p class=\"paragraph\">A ese dato se suma otro indicador revelador: las cinco mejores tenistas del pa\u00eds en el ranking femenino son menores de 25 a\u00f1os. En ese escenario de renovaci\u00f3n y proyecci\u00f3n, una pregunta surge con naturalidad: \u00bfqui\u00e9nes son los juveniles nacionales a seguir de cerca en 2026?<\/p>\n<p class=\"paragraph\">Uno de los nombres que comienza a instalarse con fuerza es el de <b>Lautaro Mid\u00f3n<\/b>. El correntino, de 21 a\u00f1os, ocupa actualmente el puesto 232\u00b0 del ranking mundial y protagoniz\u00f3 una temporada de progreso sostenido. Conquist\u00f3 dos t\u00edtulos <b>M25 en Yerba Buena y Luj\u00e1n,<\/b> disput\u00f3 sus dos primeras finales a nivel <b>Challenger en Santa Fe<\/b> y <b>Temuco<\/b> \u2014esta \u00faltima sobre superficie dura\u2014 y escal\u00f3 162 posiciones, lo que lo posiciona en zona de clasificaci\u00f3n para lo<b>s Grand Slam.<\/b> Adem\u00e1s, fue distinguido con la Beca Galper\u00edn al M\u00e9rito, reservada al tenista argentino que m\u00e1s puntos sum\u00f3 en torneos disputados en el pa\u00eds durante 2025.<\/p>\n<p class=\"paragraph\">Detr\u00e1s suyo asoma una camada que en la temporada concluida semanas atr\u00e1s dio sus primeros pasos y buscar\u00e1 consolidarse en el segundo escal\u00f3n de la \u00e9lite. All\u00ed aparecen <b>Luciano Ambrog<\/b>i (2003, 434\u00b0),<b> Juan Manuel La<\/b> <b>Serna<\/b> (2004, 439\u00b0),<b> Lucio Ratti <\/b>(2004, 611\u00b0), quien conquist\u00f3 su primer t\u00edtulo profesional sobre cemento; <b>Carlos Z\u00e1rate <\/b>(2005, 612\u00b0), que pas\u00f3 de no figurar en el ranking a fines de 2024 a sumar victorias en el circuito Challenger; y <b>Fernando Cavallo <\/b>(2005, 893\u00b0).<\/p>\n<p class=\"paragraph\">Dentro de ese grupo emergente, la gran revelaci\u00f3n fue<b> Juan Est\u00e9vez<\/b>. El jugador de <b>25 de Mayo, <\/b>de 20 a\u00f1os y 472\u00b0 del mundo, logr\u00f3 revertir un inicio de temporada irregular y se consagr\u00f3 en cuatro torneos M15 \u2014dos de ellos de manera consecutiva, en Lima y Santiago\u2014. Cerr\u00f3 el a\u00f1o con un balance de 43 triunfos y 26 derrotas y avanz\u00f3 154 posiciones en el escalaf\u00f3n.<\/p>\n<p><img alt=\"Dante Pagani esta temporada se\" class=\"global-image\" decoding=\"async\" fetchpriority=\"low\" height=\"1079\" loading=\"lazy\" src=\"https:\/\/www.europesays.com\/es\/wp-content\/uploads\/2025\/12\/7TNYHQA6C5B2RN24PE35DDHYQA.jpeg\" width=\"1920\"\/>Dante Pagani esta temporada se consagr\u00f3 campe\u00f3n del M15 de Olavarria <\/p>\n<p class=\"paragraph\">Otro apellido que despierta expectativa es el de<b> Dante Pagani<\/b>. El santafesino, de apenas 17 a\u00f1os, se distingue por la potencia de su drive y su servicio, adem\u00e1s de un f\u00edsico ya desarrollado para su edad.<b> Durante 2025 se consolid\u00f3 como uno de los juniors m\u00e1s destacados de la regi\u00f3n y se ubic\u00f3 entre los 30 mejores del mundo en la categor\u00eda Sub 18<\/b>. Pese a haber disputado solo diez torneos profesionales desde 2023, ya celebr\u00f3 su primer t\u00edtulo, obtenido a fines de noviembre en el<b> M15 de Olavarr\u00eda.<\/b><\/p>\n<p class=\"paragraph\">En esa misma l\u00ednea aparece<b> M\u00e1ximo Zeitune, <\/b>uno de los proyectos que viene madurando con constancia. Con 19 a\u00f1os (categor\u00eda 2006), rev\u00e9s a una mano y un f\u00edsico que le permite sostener intensidad, dio este a\u00f1o un paso significativo al alcanzar su primera final profesional.<b> Romeo Arcuschin<\/b> y <b>Valent\u00edn<\/b> <b>Garay<\/b>, ambos de 18 a\u00f1os (2007), transitan una etapa clave de reinserci\u00f3n competitiva tras superar lesiones que interrumpieron su continuidad.<\/p>\n<p class=\"paragraph\">En el cuadro femenino, m\u00e1s all\u00e1 de <b>Luisina Giovannini <\/b>(19 a\u00f1os) y <b>Solana Sierra<\/b> (21), ya consolidadas como realidades, emergen varios proyectos que buscar\u00e1n dar un salto cualitativo o iniciar su camino profesional en 2026. <b>Carla Markus,<\/b> hija de Gabriel, tiene 19 a\u00f1os y se meti\u00f3 entre las 500 mejores del mundo tras una temporada en la que disput\u00f3 torneos del circuito <b>WTA<\/b> y alcanz\u00f3 dos finales y dos semifinales.<\/p>\n<p><img alt=\"Candela V\u00e1zquez, ganadora de sus\" class=\"global-image\" decoding=\"async\" fetchpriority=\"low\" height=\"1080\" loading=\"lazy\" src=\"https:\/\/www.europesays.com\/es\/wp-content\/uploads\/2025\/12\/2RE3BX6O7BD5TC277AL42AW7RA.jpg\" width=\"1920\"\/>Candela V\u00e1zquez, ganadora de sus dos primeros t\u00edtulos profesionales en la temporada pasada<\/p>\n<p class=\"paragraph\">La camada 2008, integrada por jugadoras de 17 a\u00f1os, ofrece tres nombres seguidos desde hace tiempo y que tendr\u00e1n su oportunidad:<b> Candela V\u00e1zquez<\/b>, ganadora de sus dos primeros t\u00edtulos profesionales en la temporada pasada; <b>Luna Cinalli,<\/b> que en apenas cuatro torneos profesionales en 2025 alcanz\u00f3 una semifinal, aunque prioriz\u00f3 el circuito junior, donde lleg\u00f3 a los cuartos de final de<b> Roland Garros;<\/b> y <b>Sol<\/b> <b>Larraya<\/b> <b>Guidi<\/b>, quien combin\u00f3 su desarrollo entre el profesionalismo incipiente y el \u00e1mbito juvenil.<\/p>\n<p class=\"paragraph\">Tambi\u00e9n empiezan a asomar <b>Isabel<\/b> <b>Arabarco<\/b> (2010), <b>\u00c1mbar<\/b> <b>Corbal\u00e1n<\/b> (2010), <b>Emily<\/b> <b>Zornada<\/b> (2009) y <b>Mia<\/b> <b>Brayotta<\/b> (2009). En la base del proceso se destaca <b>Flor Mardones:<\/b> la salte\u00f1a viene de consagrarse campeona nacional Sub 16 pese a ser a\u00fan de segundo a\u00f1o en Sub 14 y ocupa actualmente el tercer puesto del ranking sudamericano. <b>Matilda Werle<\/b> completa el panorama formativo tras una temporada en la que se destac\u00f3 tanto en el<b> Sudamericano como en el Mundialito Sub 12.<\/b><\/p>\n<p class=\"paragraph\">Por \u00faltimo, en la categor\u00eda Sub 14, Argentina cuenta con un equipo altamente competitivo integrado por Rosario Jurado, becada para entrenar durante dos semanas en la<b> Rafa Nadal Academy; Mar\u00eda Luz Apas Ru\u00edz<\/b> y <b>Camila<\/b> <b>Aguirre<\/b> <b>Ramos<\/b>. En Sub 16, en tanto, habr\u00e1 que seguir de cerca la evoluci\u00f3n de<b> Caira Vega Gudi\u00f1o<\/b> y <b>Martina<\/b> <b>Piccolo.<\/b><\/p>\n<p class=\"paragraph\"><b>Franco Squillari<\/b>, director del <b>Departamento de Desarrollo de la Asociaci\u00f3n Argentina de Tenis, <\/b>traz\u00f3 una radiograf\u00eda del presente de los proyectos nacionales: \u201cFue un a\u00f1o complejo en t\u00e9rminos competitivos, con muchos jugadores atravesando su primera experiencia en torneos sudamericanos y con resultados que no siempre acompa\u00f1aron, en un contexto en el que el nivel regional ha crecido de manera sostenida. Ya no es autom\u00e1tico para Argentina acceder a los mundiales juveniles. Aun as\u00ed, basta recorrer los torneos nacionales para dimensionar la calidad existente\u201d.<\/p>\n<p><img alt=\"Sol Larraya Guidi, quien combin\u00f3\" class=\"global-image\" decoding=\"async\" fetchpriority=\"low\" height=\"1080\" loading=\"lazy\" src=\"https:\/\/www.europesays.com\/es\/wp-content\/uploads\/2025\/12\/24MOQ3GLSVGTPK2K7W2S5QKFRM.jpg\" width=\"1920\"\/>Sol Larraya Guidi, quien combin\u00f3 su desarrollo entre el profesionalismo incipiente y el \u00e1mbito juvenil <\/p>\n<p class=\"paragraph\"><b>\u201cNuestros jugadores maduran un poco m\u00e1s tarde, pero los proyectos est\u00e1n. Los nombres que hoy se encuentran en etapa de inserci\u00f3n son apuestas concretas a futuro, con potencial para aspirar, en algunos a\u00f1os, al Top 100. <\/b>El techo depender\u00e1 de m\u00faltiples factores: los entornos que construyan, sus equipos de trabajo, la capacidad de escuchar y sus ambiciones. No es habitual encontrar tantos nombres con proyecci\u00f3n en la regi\u00f3n, y eso explica por qu\u00e9 Argentina sigue gozando de buena salud ten\u00edstica\u201d, remarc\u00f3 el ex n\u00famero 11 del ranking ATP.<\/p>\n<p class=\"paragraph\">A su vez, <b>Squillari<\/b> reconoci\u00f3 que, pese a tratarse de edades tempranas, las divisiones formativas ofrecen motivos para el optimismo: \u201cM\u00e1s abajo resulta dif\u00edcil precisar, aunque hay proyectos muy s\u00f3lidos, especialmente en las categor\u00edas Sub 14, donde <b>Argentina cuenta con una camada realmente destacada, <\/b>de cinco o seis jugadores de alto nivel, y tambi\u00e9n en Sub 12. En el caso de las mujeres, las proyecciones tambi\u00e9n son alentadoras\u201d.<\/p>\n","protected":false},"excerpt":{"rendered":"Lautaro Mid\u00f3n es uno de los juveniles argentinos con mayor proyecci\u00f3n El tenis argentino es, en muchos sentidos,&hellip;\n","protected":false},"author":2,"featured_media":304157,"comment_status":"","ping_status":"","sticky":false,"template":"","format":"standard","meta":{"footnotes":""},"categories":[274],"tags":[49946,49824,15402,168,25,24,71994,39802,37356,11774,23,167,71995,327,15401,326],"class_list":{"0":"post-304156","1":"post","2":"type-post","3":"status-publish","4":"format-standard","5":"has-post-thumbnail","7":"category-tenis","8":"tag-aat","9":"tag-del-potro","10":"tag-deporte-argentino","11":"tag-deportes","12":"tag-es","13":"tag-espana","14":"tag-larraya-guidi","15":"tag-pagani","16":"tag-sabatini","17":"tag-sierra","18":"tag-spain","19":"tag-sports","20":"tag-squillari","21":"tag-tenis","22":"tag-tenis-argentino","23":"tag-tennis"},"share_on_mastodon":{"url":"https:\/\/pubeurope.com\/@es\/115771760433324651","error":""},"_links":{"self":[{"href":"https:\/\/www.europesays.com\/es\/wp-json\/wp\/v2\/posts\/304156","targetHints":{"allow":["GET"]}}],"collection":[{"href":"https:\/\/www.europesays.com\/es\/wp-json\/wp\/v2\/posts"}],"about":[{"href":"https:\/\/www.europesays.com\/es\/wp-json\/wp\/v2\/types\/post"}],"author":[{"embeddable":true,"href":"https:\/\/www.europesays.com\/es\/wp-json\/wp\/v2\/users\/2"}],"replies":[{"embeddable":true,"href":"https:\/\/www.europesays.com\/es\/wp-json\/wp\/v2\/comments?post=304156"}],"version-history":[{"count":0,"href":"https:\/\/www.europesays.com\/es\/wp-json\/wp\/v2\/posts\/304156\/revisions"}],"wp:featuredmedia":[{"embeddable":true,"href":"https:\/\/www.europesays.com\/es\/wp-json\/wp\/v2\/media\/304157"}],"wp:attachment":[{"href":"https:\/\/www.europesays.com\/es\/wp-json\/wp\/v2\/media?parent=304156"}],"wp:term":[{"taxonomy":"category","embeddable":true,"href":"https:\/\/www.europesays.com\/es\/wp-json\/wp\/v2\/categories?post=304156"},{"taxonomy":"post_tag","embeddable":true,"href":"https:\/\/www.europesays.com\/es\/wp-json\/wp\/v2\/tags?post=304156"}],"curies":[{"name":"wp","href":"https:\/\/api.w.org\/{rel}","templated":true}]}}