{"id":304176,"date":"2025-12-24T00:52:11","date_gmt":"2025-12-24T00:52:11","guid":{"rendered":"https:\/\/www.europesays.com\/es\/304176\/"},"modified":"2025-12-24T00:52:11","modified_gmt":"2025-12-24T00:52:11","slug":"no-se-si-manuel-esta-preparado-para-un-nuevo-amor-puede-que-veamos-algo-esta-nueva-temporada","status":"publish","type":"post","link":"https:\/\/www.europesays.com\/es\/304176\/","title":{"rendered":"No s\u00e9 si Manuel est\u00e1 preparado para un nuevo amor\u2026 Puede que veamos algo esta nueva temporada"},"content":{"rendered":"<p>\u00abMi memoria es muy mala, pero de todas formas, esta nueva temporada de <strong>La Promesa<\/strong> no se sustentar\u00e1 tanto en un <a href=\"https:\/\/www.elindependiente.com\/series-y-television\/2025\/12\/01\/la-promesa-salto-temporal-nuevos-capitulos-rtve\/\" rel=\"nofollow noopener\" target=\"_blank\">salto temporal<\/a>, sino en todo lo que va a cambiar tras las decisiones de Curro y los acontecimientos que ya se han emitido <a href=\"https:\/\/www.elindependiente.com\/series-y-television\/2025\/12\/15\/la-promesa-se-viste-de-luto-rtve-fija-final-temporada-envenenamiento-regreso-fraticidio\/\" rel=\"nofollow noopener\" target=\"_blank\">en el cebo de Televisi\u00f3n Espa\u00f1ola<\/a>\u00ab, asegura el actor Arturo Garc\u00eda Sancho en conversaci\u00f3n telef\u00f3nica con El Independiente. El int\u00e9rprete atiende la llamada junto a su compa\u00f1ero de reparto Xavi Lock (Curro en la ficci\u00f3n), en su camerino a punto de salir al escenario. En <strong>La Promesa<\/strong>, que ya ha superado las setecientas entregas tras tres a\u00f1os de emisi\u00f3n casi ininterrumpida, <strong>Arturo Garc\u00eda Sancho<\/strong> y <strong>Xavi Lock<\/strong> son Manuel y Curro, hermanos por parte de padre, el marqu\u00e9s de Luj\u00e1n (Manuel Regueiro).<\/p>\n<p>Digamos que, tras el asesinato de la protagonista, <a href=\"https:\/\/www.elindependiente.com\/series-y-television\/2025\/03\/09\/entrevista-ana-garces-jana-la-promesa\/\" rel=\"nofollow noopener\" target=\"_blank\">Jana (Ana Garc\u00e9s)<\/a>, sus caminos se separaron dr\u00e1sticamente. Manuel, roto de dolor por <a href=\"https:\/\/www.elindependiente.com\/series-y-television\/2025\/03\/10\/jana-muere-promesa\/\" rel=\"nofollow noopener\" target=\"_blank\">la muerte de su amada<\/a>, embarazada, se ha centrado en sus negocios como aviador e ingeniero. Curro, tras salir a la luz su parentesco real, aguant\u00f3 el embiste\u2026 y en <strong>La Promesa<\/strong>, como lacayo. El muchacho no gana para disgustos, pues tras <a href=\"https:\/\/www.elindependiente.com\/series-y-television\/2025\/09\/08\/quien-mato-jana-la-promesa\/\" rel=\"nofollow noopener\" target=\"_blank\">la violenta muerte de su hermana Jana<\/a>, su madre adoptiva Eugenia se precipit\u00f3 desde un torre\u00f3n. Y &#8216;ahora&#8217; (la acci\u00f3n debe rondar a finales de 1916 \u00f3 principios de 1917), a Curro se le morir\u00e1 entre sus brazos \u00c1ngela (Marta Costa), el amor de su vida. Aqu\u00ed hay gato encerrado, pero de momento hablamos con <strong>Arturo Garc\u00eda Sancho<\/strong> y <strong>Xavi Lock<\/strong> sobre el final de <a href=\"https:\/\/www.elindependiente.com\/series-y-television\/2025\/12\/16\/rtve-adelanta-el-final-de-la-cuarta-temporada-de-la-promesa-y-dobla-su-emision-en-dos-dias-senalados\/\" rel=\"nofollow noopener\" target=\"_blank\">la cuarta temporada de La Promesa<\/a> y el arranque de una quinta que emitir\u00e1 La 1 de TVE <a href=\"https:\/\/www.elindependiente.com\/series-y-television\/2025\/09\/18\/rtve-quinta-temporada-la-promesa-hasta-2027\/\" rel=\"nofollow noopener\" target=\"_blank\">hasta 2027<\/a>.<\/p>\n<p>\u00abLo que yo te puedo contar es que, como bien ha dicho Arturo, lo importante es c\u00f3mo termina esta temporada; Curro har\u00e1 ciertas cosas que no est\u00e1n muy bien, y que cambiar\u00e1 el transcurso de La Promesa, sobre todo porque Manuel se acercar\u00e1 a Curro para intentar hacerle entrar en raz\u00f3n. Pero Curro no atender\u00e1 a razones; se ve en el avance cuando est\u00e1 fuera de la caba\u00f1a tras haberse ido de ese palacio de los males. Podemos decir que esta nueva temporada, <strong>La Promesa<\/strong> va a cambiar\u00bb, a\u00f1ade Xavi Lock.<\/p>\n<p><img loading=\"lazy\" decoding=\"async\" width=\"990\" height=\"660\" src=\"data:image\/svg+xml,%3Csvg%20xmlns=\" http:=\"\" alt=\"\" class=\"wp-image-4400651\" data-lazy- data-lazy- data-lazy-src=\"https:\/\/www.europesays.com\/es\/wp-content\/uploads\/2025\/12\/lapromesabambuproducciones-cap741-ff-24-990x660.jpg\"\/><\/p>\n<p><img loading=\"lazy\" decoding=\"async\" width=\"990\" height=\"660\" src=\"data:image\/svg+xml,%3Csvg%20xmlns=\" http:=\"\" alt=\"\" class=\"wp-image-4400654\" data-lazy- data-lazy- data-lazy-src=\"https:\/\/www.europesays.com\/es\/wp-content\/uploads\/2025\/12\/lapromesabambuproducciones-cap741-ff-17-990x660.jpg\"\/><\/p>\n<p>No cambiar\u00e1 la relaci\u00f3n de hermanos de Manuel y Curro. El primero, cuando todav\u00eda cre\u00eda que el segundo era solamente su primo, se alist\u00f3 al ej\u00e9rcito franc\u00e9s para luchar en la Primera Guerra Mundial. Aquel trance estrech\u00f3 una relaci\u00f3n que la muerte de Jana, la mujer m\u00e1s importante para ambos hombres, sell\u00f3 para la eternidad. Xavi Lock reconoce que en esta cuarta temporada de La Promesa, cada uno ha tomado su camino, sobre todo porque ya no pertenecen a la misma clase social. Mientras Manuel, a su pesar, contin\u00faa siendo el heredero del marquesado de Luj\u00e1n; Curro lucha contra viento y marea para no perder su empleo como lacayo. \u00abPero, en realidad, los hermanos nunca se han separado, y es lo bonito de La Promesa; ese amor fraternal nunca desaparece. Es por ello que Manuel intentar\u00e1 reconducir a Curro en cuanto a sus actitudes y decisiones\u00bb.<\/p>\n<p>\u00abEs cierto que esta relaci\u00f3n de hermanos \u2013primos al principio\u2013 ha evolucionado mucho, y que esta temporada hemos podido contar [por separado] la historia de cada uno de ellos. Se han ido macerando unas historias que ahora van a eclosionar en la nueva temporada; sobre todo con la historia de Manuel y el hangar. Habr\u00e1 personajes nuevos que hagan a la serie dar un salto importante. El personaje de Curro necesitaba tener un viaje que no pasaba por estar al lado de Manuel; eso hubiese sido otra historia. Mientras Manuel estaba enfocado en los motores, en los aviones y en sacar a la familia adelante; Curro estaba enfocado en resolver la muerte de su hermana y en luchar por su amor con \u00c1ngela, y en contar la historia del servicio que se quedaba un tanto hu\u00e9rfana tras la muerte de Jana\u00bb, ampl\u00eda Arturo Garc\u00eda Sancho.<\/p>\n<p><strong>P.-<\/strong> Arturo, como int\u00e9rprete, \u00bfqu\u00e9 m\u00e1s hay que contar si se muere el amor de tu vida? \u00bfHay amor despu\u00e9s del amor? Con la llegada de <a href=\"https:\/\/www.elindependiente.com\/series-y-television\/2025\/06\/26\/sara-font-enora-la-promesa\/\" rel=\"nofollow noopener\" target=\"_blank\">Enora [Sara Font]<\/a>, un sector de la audiencia pod\u00eda pensar que ser\u00eda el relevo o reemplazo de Jana; al poco tiempo descubrimos que ven\u00eda para otra cosa.<\/p>\n<p><strong>R.- (Arturo Garc\u00eda Sancho)<\/strong> Eso demuestra las grandes contradicciones que tenemos. Las personas creemos que queremos una cosa y en el fondo, cuando a veces tenemos la suerte o la fortuna de conseguirlo, nos damos cuenta de que no era eso lo que necesit\u00e1bamos, lo que quer\u00edamos.\u00a0Es cierto que a la audiencia le dio una pena tremenda la muerte de Jana, ver a Manuel sin su final feliz. Algunos incluso dec\u00edan que ten\u00eda que volver a enamorarse porque el destino hab\u00eda sido muy cruel con \u00e9l.<\/p>\n<blockquote class=\"wp-block-quote is-layout-flow wp-block-quote-is-layout-flow\">\n<p>El p\u00fablico no estaba preparado para ver a Manuel con otra mujer tras la muerte de Jana<\/p>\n<p>Arturo Garc\u00eda Sancho<\/p><\/blockquote>\n<p>Y de repente lleg\u00f3 un personaje femenino que amag\u00f3 con que pod\u00eda llegar a ser algo para Manuel, y el p\u00fablico, en cierto modo, no estaba preparado para verlo. A m\u00ed me pareci\u00f3 muy bonito y muy divertido: que s\u00ed, que no, que s\u00ed, que no\u2026 Enora ha sido un gran apoyo para Manuel y un personaje muy necesario para la trama, para lo que ha pasado y para lo que pasar\u00e1. Toda esa trama va a evolucionar y dar un salto cualitativo. No s\u00e9 si Manuel est\u00e1 preparado para un nuevo amor\u2026 Puede que se vea algo, por ese lado, en esta nueva temporada.<\/p>\n<p>El int\u00e9rprete, aunque no para de trabajar, s\u00ed es sabedor de la pasi\u00f3n que despiertan en redes sociales Manuel y To\u00f1o (\u00c1lvaro Quintana) como algo m\u00e1s que amigos.<\/p>\n<p><strong>P.-<\/strong> \u00bfHay gente a vuestro alrededor que ve La Promesa y os pide saber qu\u00e9 pasar\u00e1 dentro de un mes o dos?<\/p>\n<p><strong>R.- (Xavi Lock) <\/strong>Todo lo contrario. S\u00ed es verdad que mucha gente, cuando te ven por la calle, siempre intenta tirarte de la lengua. Yo les digo que est\u00e9n pendientes y vean los cap\u00edtulos. Pero luego hay personas como mi abuela. Siempre que voy a verla me dice: &#8216;No me digas nada que no quiero saber&#8217;. Ah\u00ed est\u00e1 la sorpresa y por lo que la gente est\u00e1 enganchada a la serie.<\/p>\n<p>Italia, Finlandia\u2026 <strong>La Promesa<\/strong> es tambi\u00e9n un \u00e9xito fuera de Espa\u00f1a. A <strong>Xavi Lock<\/strong> le sorprendi\u00f3, haciendo turismo por Dubrovnik (Croacia), que un se\u00f1or cubano le reconociera, pues ve\u00eda <strong>La Promesa<\/strong>: \u00abYo alucin\u00e9\u00bb.<\/p>\n<p><strong>P.-<\/strong> A lo tonto llev\u00e1is m\u00e1s de tres a\u00f1os rodando La Promesa. En enero cumpl\u00eds tres a\u00f1os en antena. \u00bfC\u00f3mo responde el cuerpo a grabar una serie diaria? \u00bfC\u00f3mo os plante\u00e1is este viaje? Porque esta nueva temporada, en principio, dura 250 cap\u00edtulos. O sea, queda un a\u00f1o por delante.<\/p>\n<p><strong>R.- (Arturo Garc\u00eda Sancho) <\/strong>Evidentemente, mi compa\u00f1ero [Xavi Lock] lo lleva mejor que yo porque lo que ense\u00f1a en las secuencias con camiseta de tirantes es suyo. A m\u00ed se me notan las napolitanas de plat\u00f3 [se r\u00ede].<\/p>\n<p><strong>R.- (Xavi Lock)<\/strong> Al final se lleva todo tan bien porque somos como una peque\u00f1a familia. Trabajar cada d\u00eda es un placer. El equipo t\u00e9cnico, art\u00edstico, maquillaje y peluquer\u00eda\u2026 Son maravillosos. Todos nos vamos apoyando unos a otros; eso hace que sea muy leve dentro de la dificultad de estar grabando todos los d\u00edas. Ah\u00ed est\u00e1 el \u00e9xito de La Promesa, creo. Hay d\u00edas que est\u00e1s mejor y otros que est\u00e1s peor; y el compa\u00f1ero te va a apoyar y estar ah\u00ed. Es lo bonito.<\/p>\n<p><strong>Xavi Lock<\/strong> guarda muy buen recuerdo de la escena en que el personaje de Jana cant\u00f3 una nana a su hermano Curro. \u00c9l, tras leer el guion, no sab\u00eda muy bien c\u00f3mo iba a salir aquello. \u00abFue un momento hipn\u00f3tico\u00bb, recuerda. De cara a la quinta temporada, el int\u00e9rprete se queda con la escena, grabada por El Espinar (Segovia), en que Manuel visita a Curro fuera de palacio. \u00abLa disfrut\u00e9 mucho porque trabajar con Arturo es un placer. Te lo pone muy f\u00e1cil siempre y sabes que puedes ir a tope con \u00e9l. Me quedar\u00eda con esas escenas, aparte de todas las de la guerra, que fue espectacular\u00bb, a\u00f1ade. Xavi Lock tambi\u00e9n se deshace en elogios hacia su padre adoptivo en la ficci\u00f3n, <a href=\"https:\/\/www.elindependiente.com\/series-y-television\/2025\/11\/25\/guillermo-serrano-lorenzo-en-la-promesa-muere\/\" rel=\"nofollow noopener\" target=\"_blank\">Guillermo Serrano<\/a> (Lorenzo): \u00abEs un actor al que miras y sabes que va a ir a fuego\u00bb.<\/p>\n<p>Arturo Garc\u00eda Sancho devuelve los cumplidos a su compa\u00f1ero de reparto. Admite que las escenas m\u00e1s duras son las que conllevan m\u00e1s tiempo, m\u00e1s repeticiones. Las mejores, las m\u00e1s bonitas y placenteras, son aquellas secuencias en que todo el equipo se esfuerza el triple. \u00abSon mucho m\u00e1s exigentes porque no quieres hacerlo mal y quieres dar lo que se te pide\u00bb, admite. \u00abGracias a Dios llevamos tres a\u00f1os y medio en esta serie, y hemos tenido la fortuna de hacer cosas muy chulas en ella\u00bb, sentencia.<\/p>\n<p><strong>P.-<\/strong> \u00bfQu\u00e9 har\u00e9is por Navidad?<\/p>\n<p><strong>R.- (Xavi Lock) <\/strong>Mi plan es volver a Mallorca, a casita; estar con la familia y relajarme ah\u00ed.<\/p>\n<p><strong>R.- (Arturo Garc\u00eda Sancho)<\/strong> Yo siempre he sido muy familiar. Es cierto que hace dos a\u00f1os se fue mi padre, se me muri\u00f3, pero bueno\u2026 Tengo un hijo de 5 a\u00f1os y, por tanto, sigo siendo superfamiliar, as\u00ed que pasar\u00e9 las vacaciones en casita con la familia, recogido, y disfrutando un poquito.<\/p>\n<p>            <a class=\"articulo-relacionado__media\" href=\"https:\/\/www.elindependiente.com\/series-y-television\/2025\/12\/21\/avance-semanal-la-promesa-22-26-diciembre\/\" title=\"La Promesa, avance semanal del 22 al 26 de diciembre: final de la cuarta temporada e inicio de la quinta\" rel=\"nofollow noopener\" target=\"_blank\"><\/p>\n<p>                <img loading=\"lazy\" decoding=\"async\" src=\"data:image\/svg+xml,%3Csvg%20xmlns=\" http:=\"\" width=\"390\" height=\"220\" alt=\"La Promesa, avance semanal del 22 al 26 de diciembre: final de la cuarta temporada e inicio de la quinta\" data-lazy-src=\"https:\/\/www.europesays.com\/es\/wp-content\/uploads\/2025\/12\/la-promesa-final-2-390x220.jpg\"\/><\/p>\n<p>\t\t\t            <\/a><\/p>\n<p>PUBLICIDAD<\/p>\n","protected":false},"excerpt":{"rendered":"\u00abMi memoria es muy mala, pero de todas formas, esta nueva temporada de La Promesa no se sustentar\u00e1&hellip;\n","protected":false},"author":2,"featured_media":304177,"comment_status":"","ping_status":"","sticky":false,"template":"","format":"standard","meta":{"footnotes":""},"categories":[91],"tags":[146,147,25,24,11031,23],"class_list":{"0":"post-304176","1":"post","2":"type-post","3":"status-publish","4":"format-standard","5":"has-post-thumbnail","7":"category-entretenimiento","8":"tag-entertainment","9":"tag-entretenimiento","10":"tag-es","11":"tag-espana","12":"tag-la-promesa","13":"tag-spain"},"share_on_mastodon":{"url":"https:\/\/pubeurope.com\/@es\/115771811074584805","error":""},"_links":{"self":[{"href":"https:\/\/www.europesays.com\/es\/wp-json\/wp\/v2\/posts\/304176","targetHints":{"allow":["GET"]}}],"collection":[{"href":"https:\/\/www.europesays.com\/es\/wp-json\/wp\/v2\/posts"}],"about":[{"href":"https:\/\/www.europesays.com\/es\/wp-json\/wp\/v2\/types\/post"}],"author":[{"embeddable":true,"href":"https:\/\/www.europesays.com\/es\/wp-json\/wp\/v2\/users\/2"}],"replies":[{"embeddable":true,"href":"https:\/\/www.europesays.com\/es\/wp-json\/wp\/v2\/comments?post=304176"}],"version-history":[{"count":0,"href":"https:\/\/www.europesays.com\/es\/wp-json\/wp\/v2\/posts\/304176\/revisions"}],"wp:featuredmedia":[{"embeddable":true,"href":"https:\/\/www.europesays.com\/es\/wp-json\/wp\/v2\/media\/304177"}],"wp:attachment":[{"href":"https:\/\/www.europesays.com\/es\/wp-json\/wp\/v2\/media?parent=304176"}],"wp:term":[{"taxonomy":"category","embeddable":true,"href":"https:\/\/www.europesays.com\/es\/wp-json\/wp\/v2\/categories?post=304176"},{"taxonomy":"post_tag","embeddable":true,"href":"https:\/\/www.europesays.com\/es\/wp-json\/wp\/v2\/tags?post=304176"}],"curies":[{"name":"wp","href":"https:\/\/api.w.org\/{rel}","templated":true}]}}