{"id":304193,"date":"2025-12-24T01:06:09","date_gmt":"2025-12-24T01:06:09","guid":{"rendered":"https:\/\/www.europesays.com\/es\/304193\/"},"modified":"2025-12-24T01:06:09","modified_gmt":"2025-12-24T01:06:09","slug":"presentada-la-demanda-contra-unionistas-por-el-caso-hugo-parra","status":"publish","type":"post","link":"https:\/\/www.europesays.com\/es\/304193\/","title":{"rendered":"Presentada la demanda contra Unionistas por el \u2018caso Hugo Parra\u2019"},"content":{"rendered":"<p class=\"paragraph-atom &#10;        A-500-300-700-N A-550-300-700-N--md  \">El contencioso entre Hugo Parra y Unionistas de Salamanca da un paso m\u00e1s. Durante este martes, se ha presentado la demanda contra el club charro. La parte demandante se\u00f1ala que el futbolista super\u00f3 las doce convocatorias y considera que el convenio colectivo de Primera RFEF debe aplicarse sobre el jugador.<\/p>\n<p class=\"paragraph-atom &#10;        A-500-300-700-N A-550-300-700-N--md  \">Adem\u00e1s de eso, tambi\u00e9n reclama una cantidad econ\u00f3mica por los servicios prestados por el propio Hugo Parra como entrenador de la cantera (en este caso, como formador del Alev\u00edn B).<\/p>\n<p class=\"paragraph-atom &#10;        A-500-300-700-N A-550-300-700-N--md  \">El caso ya se encuentra derivado al Juzgado de lo Social n\u00famero 3 de Salamanca y ahora habr\u00e1 que esperar para la vista entre ambas partes (en una fecha todav\u00eda no determinada).<\/p>\n","protected":false},"excerpt":{"rendered":"El contencioso entre Hugo Parra y Unionistas de Salamanca da un paso m\u00e1s. Durante este martes, se ha&hellip;\n","protected":false},"author":2,"featured_media":304194,"comment_status":"","ping_status":"","sticky":false,"template":"","format":"standard","meta":{"footnotes":""},"categories":[268],"tags":[6985,6386,168,25,24,280,282,9026,29542,281,23,167,8849],"class_list":{"0":"post-304193","1":"post","2":"type-post","3":"status-publish","4":"format-standard","5":"has-post-thumbnail","7":"category-futbol","8":"tag-caso","9":"tag-demanda","10":"tag-deportes","11":"tag-es","12":"tag-espana","13":"tag-football","14":"tag-futbol","15":"tag-hugo","16":"tag-presentada","17":"tag-soccer","18":"tag-spain","19":"tag-sports","20":"tag-unionistas"},"share_on_mastodon":{"url":"https:\/\/pubeurope.com\/@es\/115771866189601154","error":""},"_links":{"self":[{"href":"https:\/\/www.europesays.com\/es\/wp-json\/wp\/v2\/posts\/304193","targetHints":{"allow":["GET"]}}],"collection":[{"href":"https:\/\/www.europesays.com\/es\/wp-json\/wp\/v2\/posts"}],"about":[{"href":"https:\/\/www.europesays.com\/es\/wp-json\/wp\/v2\/types\/post"}],"author":[{"embeddable":true,"href":"https:\/\/www.europesays.com\/es\/wp-json\/wp\/v2\/users\/2"}],"replies":[{"embeddable":true,"href":"https:\/\/www.europesays.com\/es\/wp-json\/wp\/v2\/comments?post=304193"}],"version-history":[{"count":0,"href":"https:\/\/www.europesays.com\/es\/wp-json\/wp\/v2\/posts\/304193\/revisions"}],"wp:featuredmedia":[{"embeddable":true,"href":"https:\/\/www.europesays.com\/es\/wp-json\/wp\/v2\/media\/304194"}],"wp:attachment":[{"href":"https:\/\/www.europesays.com\/es\/wp-json\/wp\/v2\/media?parent=304193"}],"wp:term":[{"taxonomy":"category","embeddable":true,"href":"https:\/\/www.europesays.com\/es\/wp-json\/wp\/v2\/categories?post=304193"},{"taxonomy":"post_tag","embeddable":true,"href":"https:\/\/www.europesays.com\/es\/wp-json\/wp\/v2\/tags?post=304193"}],"curies":[{"name":"wp","href":"https:\/\/api.w.org\/{rel}","templated":true}]}}