{"id":304195,"date":"2025-12-24T01:07:10","date_gmt":"2025-12-24T01:07:10","guid":{"rendered":"https:\/\/www.europesays.com\/es\/304195\/"},"modified":"2025-12-24T01:07:10","modified_gmt":"2025-12-24T01:07:10","slug":"mira-lo-que-tienes-y-veras-cuanto-te-sobra","status":"publish","type":"post","link":"https:\/\/www.europesays.com\/es\/304195\/","title":{"rendered":"Mira lo que tienes y ver\u00e1s cu\u00e1nto te sobra"},"content":{"rendered":"<p id=\"breadcrumb\">&#13;<a href=\"https:\/\/www.lecturas.com\/famosos\" data-ga4_event=\"custom_event\" data-ga4_event_name=\"click_topic\" data-ga4_link_text=\"famosos\" data-ga4_link_url=\"https:\/\/www.lecturas.com\/famosos\" data-ga4_element=\"breadcrumb\" title=\"famosos\" rel=\"nofollow noopener\" target=\"_blank\">famosos<\/a>&#13;\u00a0\u00b7\u00a0<a href=\"https:\/\/www.lecturas.com\/famosos\/maria-del-monte\" data-ga4_event=\"custom_event\" data-ga4_event_name=\"click_topic\" data-ga4_link_text=\"maria_del_monte\" data-ga4_link_url=\"https:\/\/www.lecturas.com\/famosos\/maria-del-monte\" data-ga4_element=\"breadcrumb\" title=\"Mar\u00eda del Monte\" rel=\"nofollow noopener\" target=\"_blank\">Mar\u00eda del Monte<\/a>&#13;<\/p>\n<p>&#13;Mar\u00eda del Monte, que ha pasado uno de los a\u00f1os m\u00e1s convulsos por el juicio de su sobrino Antonio Tejado, ha hecho una reflexi\u00f3n sobre este 2025<\/p>\n<p>&#13;<img loading=\"lazy\" decoding=\"async\"   src=\"https:\/\/www.europesays.com\/es\/wp-content\/uploads\/2025\/11\/adrian-lopez_2dface8e_230511165830_200x200.jpg\" alt=\"Adri\u00e1n L\u00f3pez\" class=\"lazyload\" width=\"200\" height=\"200\" data-aspectratio=\"200\/200\"\/>&#13;<\/p>\n<p><a href=\"https:\/\/www.lecturas.com\/autores\/adrian-lopez_45\" class=\"lnk-author   title-separator\" rel=\"nofollow noopener\" target=\"_blank\">Adri\u00e1n L\u00f3pez<\/a><\/p>\n<p class=\"title-author  \">Redactor digital de Lecturas<\/p>\n<p class=\"article-date ad-mobile-top\">&#13;Actualizado a 23 de diciembre de 2025, 22:47<\/p>\n<ul class=\"widget-social mangiroshare\">&#13;<\/p>\n<li class=\"social-element\"><a class=\"sm-icon icon-facebook\" title=\"Facebook\" data-ga4_event=\"custom_event\" data-ga4_event_name=\"click_share\" data-ga4_element=\"article\" data-ga4_content_type=\"facebook\" data-url=\"https:\/\/www.lecturas.com\/actualidad\/reflexion-maria-monte-tras-uno-sus-anos-mas-duros-mira-que-tienes-veras-cuanto-te-sobra_186363\" data-image=\"https:\/\/content25.lecturas.comx9wakr0\" data-text=\"La reflexi\u00f3n de Mar\u00eda del Monte tras uno de sus a\u00f1os m\u00e1s duros: \" mira=\"\" lo=\"\" que=\"\" tienes=\"\" y=\"\" ver=\"\" cu=\"\" te=\"\" sobra=\"\"\/><\/li>\n<p>&#13;<\/p>\n<li class=\"social-element\"><a class=\"sm-icon icon-whatsapp\" title=\"Whatsapp\" data-ga4_event=\"custom_event\" data-ga4_event_name=\"click_share\" data-ga4_element=\"article\" data-ga4_content_type=\"whatsapp\" data-url=\"https:\/\/www.lecturas.com\/actualidad\/reflexion-maria-monte-tras-uno-sus-anos-mas-duros-mira-que-tienes-veras-cuanto-te-sobra_186363\" data-image=\"https:\/\/content25.lecturas.comx9wakr0\" data-text=\"La reflexi\u00f3n de Mar\u00eda del Monte tras uno de sus a\u00f1os m\u00e1s duros: \" mira=\"\" lo=\"\" que=\"\" tienes=\"\" y=\"\" ver=\"\" cu=\"\" te=\"\" sobra=\"\"\/><\/li>\n<li class=\"btn share-container\">\n<ul class=\"mangiroshare-menu mangiroshare\">&#13;<\/p>\n<li>&#13;<a class=\"sm-icon icon-x\" title=\"X\" data-ga4_event=\"custom_event\" data-ga4_event_name=\"click_share\" data-ga4_element=\"article\" data-ga4_content_type=\"x\" data-url=\"https:\/\/www.lecturas.com\/actualidad\/reflexion-maria-monte-tras-uno-sus-anos-mas-duros-mira-que-tienes-veras-cuanto-te-sobra_186363\" data-image=\"https:\/\/content25.lecturas.comx9wakr0\" data-text=\"La reflexi\u00f3n de Mar\u00eda del Monte tras uno de sus a\u00f1os m\u00e1s duros: \" mira=\"\" lo=\"\" que=\"\" tienes=\"\" y=\"\" ver=\"\" cu=\"\" te=\"\" sobra=\"\">&#13;X&#13;<\/a>&#13;<\/li>\n<p>&#13;<\/p>\n<li>&#13;<a class=\"sm-icon icon-telegram\" title=\"Telegram\" data-ga4_event=\"custom_event\" data-ga4_event_name=\"click_share\" data-ga4_element=\"article\" data-ga4_content_type=\"telegram\" data-url=\"https:\/\/www.lecturas.com\/actualidad\/reflexion-maria-monte-tras-uno-sus-anos-mas-duros-mira-que-tienes-veras-cuanto-te-sobra_186363\" data-image=\"https:\/\/content25.lecturas.comx9wakr0\" data-text=\"La reflexi\u00f3n de Mar\u00eda del Monte tras uno de sus a\u00f1os m\u00e1s duros: \" mira=\"\" lo=\"\" que=\"\" tienes=\"\" y=\"\" ver=\"\" cu=\"\" te=\"\" sobra=\"\">&#13;Telegram&#13;<\/a>&#13;<\/li>\n<p>&#13;<\/p>\n<li>&#13;<a class=\"sm-icon icon-pinterest\" title=\"Pinterest\" data-ga4_event=\"custom_event\" data-ga4_event_name=\"click_share\" data-ga4_element=\"article\" data-ga4_content_type=\"pinterest\" data-url=\"https:\/\/www.lecturas.com\/actualidad\/reflexion-maria-monte-tras-uno-sus-anos-mas-duros-mira-que-tienes-veras-cuanto-te-sobra_186363\" data-image=\"https:\/\/content25.lecturas.comx9wakr0\" data-text=\"La reflexi\u00f3n de Mar\u00eda del Monte tras uno de sus a\u00f1os m\u00e1s duros: \" mira=\"\" lo=\"\" que=\"\" tienes=\"\" y=\"\" ver=\"\" cu=\"\" te=\"\" sobra=\"\">&#13;Pinterest&#13;<\/a>&#13;<\/li>\n<p>&#13;<\/p>\n<li>&#13;<a class=\"sm-icon icon-mail\" title=\"Mail\" data-ga4_event=\"custom_event\" data-ga4_event_name=\"click_share\" data-ga4_element=\"article\" data-ga4_content_type=\"mail\" data-url=\"https:\/\/www.lecturas.com\/actualidad\/reflexion-maria-monte-tras-uno-sus-anos-mas-duros-mira-que-tienes-veras-cuanto-te-sobra_186363\" data-image=\"https:\/\/content25.lecturas.comx9wakr0\" data-text=\"La reflexi\u00f3n de Mar\u00eda del Monte tras uno de sus a\u00f1os m\u00e1s duros: \" mira=\"\" lo=\"\" que=\"\" tienes=\"\" y=\"\" ver=\"\" cu=\"\" te=\"\" sobra=\"\">&#13;Mail&#13;<\/a>&#13;<\/li>\n<p>&#13;<\/ul>\n<\/li>\n<\/ul>\n","protected":false},"excerpt":{"rendered":"&#13;famosos&#13;\u00a0\u00b7\u00a0Mar\u00eda del Monte&#13; &#13;Mar\u00eda del Monte, que ha pasado uno de los a\u00f1os m\u00e1s convulsos por el juicio&hellip;\n","protected":false},"author":2,"featured_media":304196,"comment_status":"","ping_status":"","sticky":false,"template":"","format":"standard","meta":{"footnotes":""},"categories":[174],"tags":[255,146,147,25,24,256,23],"class_list":{"0":"post-304195","1":"post","2":"type-post","3":"status-publish","4":"format-standard","5":"has-post-thumbnail","7":"category-famosos","8":"tag-celebrities","9":"tag-entertainment","10":"tag-entretenimiento","11":"tag-es","12":"tag-espana","13":"tag-famosos","14":"tag-spain"},"share_on_mastodon":{"url":"https:\/\/pubeurope.com\/@es\/115771870353688528","error":""},"_links":{"self":[{"href":"https:\/\/www.europesays.com\/es\/wp-json\/wp\/v2\/posts\/304195","targetHints":{"allow":["GET"]}}],"collection":[{"href":"https:\/\/www.europesays.com\/es\/wp-json\/wp\/v2\/posts"}],"about":[{"href":"https:\/\/www.europesays.com\/es\/wp-json\/wp\/v2\/types\/post"}],"author":[{"embeddable":true,"href":"https:\/\/www.europesays.com\/es\/wp-json\/wp\/v2\/users\/2"}],"replies":[{"embeddable":true,"href":"https:\/\/www.europesays.com\/es\/wp-json\/wp\/v2\/comments?post=304195"}],"version-history":[{"count":0,"href":"https:\/\/www.europesays.com\/es\/wp-json\/wp\/v2\/posts\/304195\/revisions"}],"wp:featuredmedia":[{"embeddable":true,"href":"https:\/\/www.europesays.com\/es\/wp-json\/wp\/v2\/media\/304196"}],"wp:attachment":[{"href":"https:\/\/www.europesays.com\/es\/wp-json\/wp\/v2\/media?parent=304195"}],"wp:term":[{"taxonomy":"category","embeddable":true,"href":"https:\/\/www.europesays.com\/es\/wp-json\/wp\/v2\/categories?post=304195"},{"taxonomy":"post_tag","embeddable":true,"href":"https:\/\/www.europesays.com\/es\/wp-json\/wp\/v2\/tags?post=304195"}],"curies":[{"name":"wp","href":"https:\/\/api.w.org\/{rel}","templated":true}]}}