{"id":304199,"date":"2025-12-24T01:10:20","date_gmt":"2025-12-24T01:10:20","guid":{"rendered":"https:\/\/www.europesays.com\/es\/304199\/"},"modified":"2025-12-24T01:10:20","modified_gmt":"2025-12-24T01:10:20","slug":"la-unica-cadena-de-television-que-no-emitira-el-mensaje-de-nochebuena-del-rey","status":"publish","type":"post","link":"https:\/\/www.europesays.com\/es\/304199\/","title":{"rendered":"La \u00fanica cadena de televisi\u00f3n que no emitir\u00e1 el mensaje de Nochebuena del Rey"},"content":{"rendered":"<p class=\"v-mdl-ath__p v-mdl-ath__p--6\">\nMartes, 23 de diciembre 2025<\/p>\n<p>| Actualizado 24\/12\/2025 00:13h.<\/p>\n<p class=\"v-p\">Todas las televisiones privadas y p\u00fablicas, salvo una, emitir\u00e1n este mi\u00e9rcoles 24 de diciembre el tradicional mensaje de Nochebuena de <a href=\"https:\/\/www.lasprovincias.es\/temas\/personajes\/felipe-vi-rey-de-espana.html\" target=\"_blank\" title=\"www.lasprovincias.es\" data-voc-vtm-id=\"in-text-traffic\" data-mrf-link=\"www.lasprovincias.es\" rel=\"nofollow noopener\">Felipe VI<\/a>, seg\u00fan han adelantado los distintos medios.<\/p>\n<p class=\"v-p\">De este modo, cadenas generalistas de \u00e1mbito estatal p\u00fablicas y privadas, auton\u00f3micas p\u00fablicas integradas en la Federaci\u00f3n de Organismos de Radio y Televisi\u00f3n Auton\u00f3micos (FORTA), y otras como el Canal Extremadura, la privada Castilla y Le\u00f3n Televisi\u00f3n o Navarra Televisi\u00f3n, emitir\u00e1n el tradicional discurso navide\u00f1o del Rey, a partir de las 21.00 horas, del 24 de diciembre.<\/p>\n<p class=\"v-p\">A trav\u00e9s de RTVE, as\u00ed como en Antena 3, Telecinco, laSexta, Cuatro y Trece los espectadores podr\u00e1n seguir el discurso del monarca, que habitualmente repasa los temas que m\u00e1s repercusi\u00f3n han tenido en la sociedad a lo largo del a\u00f1o, a la vez que desea unas felices fiestas a todos los espa\u00f1oles.<\/p>\n<p><a href=\"http:\/\/www.lasprovincias.es\/culturas\/programacion-rtve-navidad-nochebuena-campanadas-especial-promesa-20251216020054-nt.html#vtm_modulosEngag=mod-rel:culturas:noticia:1:cmp:1-not\" class=\"v-a-link\" aria-label=\"Imagen\" rel=\"nofollow noopener\" target=\"_blank\"><\/p>\n<p><img decoding=\"async\" loading=\"lazy\" src=\"https:\/\/www.europesays.com\/es\/wp-content\/uploads\/2025\/12\/navidad22-knIH--366x256@Las Provincias.jpg\" class=\"v-a-img\" width=\"258\" height=\"180\" alt=\"\" data-voc-vtm-id=\"in-text-traffic\"\/><\/p>\n<p><\/a><\/p>\n<p class=\"v-p\">En el \u00e1mbito auton\u00f3mico, tambi\u00e9n ofrecer\u00e1n el discurso de Felipe VI, que suele grabarse d\u00edas antes de Nochebuena, televisiones y radios como las de Andaluc\u00eda, Madrid, Valencia, Galicia, Castilla-La Mancha, Arag\u00f3n, Asturias, Baleares, Canarias o Murcia.<\/p>\n<p>EiTB no emite el discurso<\/p>\n<p class=\"v-p\">Un a\u00f1o m\u00e1s, <strong>la televisi\u00f3n p\u00fablica vasca EiTB no da cabida al mensaje del monarca en su programaci\u00f3n del 24 de diciembre<\/strong>, mientras que en Catalu\u00f1a, como en los \u00faltimos a\u00f1os, el discurso del Rey se emitir\u00e1 por el canal 3CatInfo, nueva denominaci\u00f3n del canal 3\/24 de noticias.<\/p>\n<p class=\"v-p\">En lugar del discurso del Rey, la televisi\u00f3n vasca emitir\u00e1 una colecci\u00f3n especial de canciones y bailes de diferentes temporadas de la serie de televisi\u00f3n &#8216;Go!azen&#8217; (ETB1) y &#8216;Teleberri&#8217;, el informativo en castellano de su segundo canal (ETB2).<\/p>\n<p class=\"v-p\"><a href=\"https:\/\/www.lasprovincias.es\/\" target=\"_blank\" title=\"www.lasprovincias.es\" data-voc-vtm-id=\"in-text-traffic\" data-mrf-link=\"www.lasprovincias.es\" rel=\"nofollow noopener\">LAS PROVINCIAS<\/a> le ofrecer\u00e1 en directo el discurso de Rey y una posterior cr\u00f3nica que recoger\u00e1 los temas m\u00e1s importantes tratados por el monarca durante su parlamento. Adem\u00e1s de una cr\u00f3nica de color sobre todo aquello que rodea al mensaje real.<\/p>\n<p>Reporta un error<\/p>\n","protected":false},"excerpt":{"rendered":"Martes, 23 de diciembre 2025 | Actualizado 24\/12\/2025 00:13h. Todas las televisiones privadas y p\u00fablicas, salvo una, emitir\u00e1n&hellip;\n","protected":false},"author":2,"featured_media":304200,"comment_status":"","ping_status":"","sticky":false,"template":"","format":"standard","meta":{"footnotes":""},"categories":[171],"tags":[19680,8430,146,147,25,24,8079,70764,5330,23,807,214,3001],"class_list":{"0":"post-304199","1":"post","2":"type-post","3":"status-publish","4":"format-standard","5":"has-post-thumbnail","7":"category-tv","8":"tag-cadena","9":"tag-emitira","10":"tag-entertainment","11":"tag-entretenimiento","12":"tag-es","13":"tag-espana","14":"tag-mensaje","15":"tag-nochebuena","16":"tag-rey","17":"tag-spain","18":"tag-television","19":"tag-tv","20":"tag-unica"},"share_on_mastodon":{"url":"https:\/\/pubeurope.com\/@es\/115771882122964905","error":""},"_links":{"self":[{"href":"https:\/\/www.europesays.com\/es\/wp-json\/wp\/v2\/posts\/304199","targetHints":{"allow":["GET"]}}],"collection":[{"href":"https:\/\/www.europesays.com\/es\/wp-json\/wp\/v2\/posts"}],"about":[{"href":"https:\/\/www.europesays.com\/es\/wp-json\/wp\/v2\/types\/post"}],"author":[{"embeddable":true,"href":"https:\/\/www.europesays.com\/es\/wp-json\/wp\/v2\/users\/2"}],"replies":[{"embeddable":true,"href":"https:\/\/www.europesays.com\/es\/wp-json\/wp\/v2\/comments?post=304199"}],"version-history":[{"count":0,"href":"https:\/\/www.europesays.com\/es\/wp-json\/wp\/v2\/posts\/304199\/revisions"}],"wp:featuredmedia":[{"embeddable":true,"href":"https:\/\/www.europesays.com\/es\/wp-json\/wp\/v2\/media\/304200"}],"wp:attachment":[{"href":"https:\/\/www.europesays.com\/es\/wp-json\/wp\/v2\/media?parent=304199"}],"wp:term":[{"taxonomy":"category","embeddable":true,"href":"https:\/\/www.europesays.com\/es\/wp-json\/wp\/v2\/categories?post=304199"},{"taxonomy":"post_tag","embeddable":true,"href":"https:\/\/www.europesays.com\/es\/wp-json\/wp\/v2\/tags?post=304199"}],"curies":[{"name":"wp","href":"https:\/\/api.w.org\/{rel}","templated":true}]}}