{"id":304213,"date":"2025-12-24T01:19:09","date_gmt":"2025-12-24T01:19:09","guid":{"rendered":"https:\/\/www.europesays.com\/es\/304213\/"},"modified":"2025-12-24T01:19:09","modified_gmt":"2025-12-24T01:19:09","slug":"asamblea-nacional-4","status":"publish","type":"post","link":"https:\/\/www.europesays.com\/es\/304213\/","title":{"rendered":"Asamblea Nacional"},"content":{"rendered":"<p><b><br \/>\n\t\t\t\t    Periodista: Dinorat Menessini \/<\/p>\n<p>\t\t\t\t    Fotografo: Pedro Manuel Corredor Cadiz<\/p>\n<p>\t\t<\/b><\/p>\n<p style=\"text-align: justify;\">Con urgencia reglamentaria, la Asamblea Nacional (AN) sancion\u00f3 la Ley de Protecci\u00f3n de las Libertades de Navegaci\u00f3n y Comercio contra la Pirater\u00eda, el Bloqueo y otros Actos Il\u00edcitos Internacionales, en la sesi\u00f3n extraordinaria de este martes.<\/p>\n<p>&#13;<\/p>\n<p style=\"text-align: justify;\">Previo a la sanci\u00f3n se realiz\u00f3 la segunda discusi\u00f3n del contenido de la ley, de 15 art\u00edculos, que qued\u00f3 aprobada por unanimidad de la C\u00e1mara Plena y que contempla la aplicaci\u00f3n de la norma a personas jur\u00eddicas, naturales y extranjeras que cometan los delitos definidos en el documento.<\/p>\n<p>&#13;<\/p>\n<p style=\"text-align: justify;\">Esta ley establece en el Art\u00edculo 13 que \u00abtoda persona que promueva, instigue, solicite, invoque, favorezca, facilite, respalde, financie o participe en acciones de pirater\u00eda, bloqueo u otros actos il\u00edcitos internacionales contra personas jur\u00eddicas que realizan operaciones comerciales con la Rep\u00fablica y sus entidades por parte de estados, poderes, corporaciones o personas extranjeras ser\u00e1 sancionada con prisi\u00f3n de 15 a 20 a\u00f1os y, como pena accesoria, la imposici\u00f3n de multa por la cantidad en bol\u00edvares equivalentes a entre 100.000 y 1.000.000 de veces el tipo de cambio de mayor valor publicado por el Banco Central de Venezuela\u00bb.<\/p>\n<p>&#13;<\/p>\n<p style=\"text-align: justify;\">Asedio contra Venezuela<\/p>\n<p>La elaboraci\u00f3n de este texto legal se da como consecuencia del despliegue de buques de guerra estadounidenses en el Mar Caribe, cuyas acciones han generado m\u00e1s de 26 operaciones de ataques destruyendo 30 botes y provocado un saldo de 105 v\u00edctimas mortales, en ejecuciones extrajudiciales.<\/p>\n<p>&#13;<\/p>\n<p style=\"text-align: justify;\">Asimismo, por otros eventos ocurridos como el del pasado 10 de diciembre, donde las fuerzas norteamericanas incautaron frente a las costas de Venezuela el buque Skipper y posteriormente el Centuries, donde les fue confiscado el petr\u00f3leo que transportaban.<\/p>\n<p>&#13;<\/p>\n<p style=\"text-align: justify;\">Como se recordar\u00e1, el 17 de diciembre del presente a\u00f1o, Donald Trump, anunci\u00f3 un bloqueo contra Venezuela, impidiendo que buques petroleros salgan y entren a Venezuela, una medida criminal que busca atentar contra el aparato econ\u00f3mico de la naci\u00f3n y contra el pueblo venezolano.<\/p>\n<p>&#13;<\/p>\n<p style=\"text-align: justify;\">De all\u00ed que el Poder Legislativo, en uso de sus atribuciones legales, se vea en la necesidad de impulsar normativas de este tipo para preservar y defender la soberan\u00eda ante estos ataques del imperialismo norteamericano.<\/p>\n","protected":false},"excerpt":{"rendered":"Periodista: Dinorat Menessini \/ Fotografo: Pedro Manuel Corredor Cadiz Con urgencia reglamentaria, la Asamblea Nacional (AN) sancion\u00f3 la&hellip;\n","protected":false},"author":2,"featured_media":304214,"comment_status":"","ping_status":"","sticky":false,"template":"","format":"standard","meta":{"footnotes":""},"categories":[42],"tags":[17,18,13,14,11,61,62,63,64,19,20,9,10,15,16,12,21,22,65,66,67],"class_list":{"0":"post-304213","1":"post","2":"type-post","3":"status-publish","4":"format-standard","5":"has-post-thumbnail","7":"category-internacional","8":"tag-breaking-news","9":"tag-breakingnews","10":"tag-featured-news","11":"tag-featurednews","12":"tag-headlines","13":"tag-internacional","14":"tag-international","15":"tag-international-news","16":"tag-internationalnews","17":"tag-latest-news","18":"tag-latestnews","19":"tag-news","20":"tag-noticias","21":"tag-noticias-destacadas","22":"tag-noticiasdestacadas","23":"tag-titulares","24":"tag-ultimas-noticias","25":"tag-ultimasnoticias","26":"tag-world","27":"tag-world-news","28":"tag-worldnews"},"share_on_mastodon":{"url":"https:\/\/pubeurope.com\/@es\/115771917255511638","error":""},"_links":{"self":[{"href":"https:\/\/www.europesays.com\/es\/wp-json\/wp\/v2\/posts\/304213","targetHints":{"allow":["GET"]}}],"collection":[{"href":"https:\/\/www.europesays.com\/es\/wp-json\/wp\/v2\/posts"}],"about":[{"href":"https:\/\/www.europesays.com\/es\/wp-json\/wp\/v2\/types\/post"}],"author":[{"embeddable":true,"href":"https:\/\/www.europesays.com\/es\/wp-json\/wp\/v2\/users\/2"}],"replies":[{"embeddable":true,"href":"https:\/\/www.europesays.com\/es\/wp-json\/wp\/v2\/comments?post=304213"}],"version-history":[{"count":0,"href":"https:\/\/www.europesays.com\/es\/wp-json\/wp\/v2\/posts\/304213\/revisions"}],"wp:featuredmedia":[{"embeddable":true,"href":"https:\/\/www.europesays.com\/es\/wp-json\/wp\/v2\/media\/304214"}],"wp:attachment":[{"href":"https:\/\/www.europesays.com\/es\/wp-json\/wp\/v2\/media?parent=304213"}],"wp:term":[{"taxonomy":"category","embeddable":true,"href":"https:\/\/www.europesays.com\/es\/wp-json\/wp\/v2\/categories?post=304213"},{"taxonomy":"post_tag","embeddable":true,"href":"https:\/\/www.europesays.com\/es\/wp-json\/wp\/v2\/tags?post=304213"}],"curies":[{"name":"wp","href":"https:\/\/api.w.org\/{rel}","templated":true}]}}