{"id":304217,"date":"2025-12-24T01:22:13","date_gmt":"2025-12-24T01:22:13","guid":{"rendered":"https:\/\/www.europesays.com\/es\/304217\/"},"modified":"2025-12-24T01:22:13","modified_gmt":"2025-12-24T01:22:13","slug":"estrategia-para-el-fortalecimiento-de-la-milla-200","status":"publish","type":"post","link":"https:\/\/www.europesays.com\/es\/304217\/","title":{"rendered":"Estrategia para el fortalecimiento de la milla 200"},"content":{"rendered":"<p>En el marco de las acciones de detecci\u00f3n temprana de la pesca ilegal de buques extranjeros en la Zona Econ\u00f3mica Exclusiva Argentina se analizaron procedimientos y se acordaron criterios de trabajo entre diversas instituciones.<\/p>\n<p>Participaron del encuentro representantes del Instituto Nacional de Investigaci\u00f3n y Desarrollo Pesquero  (INIDEP), de la Subsecretar\u00eda de Recursos Acu\u00e1ticos y Pesca, Canciller\u00eda, la Prefectura Naval Argentina (PNA), la Armada Argentina, el Comando Conjunto Mar\u00edtimo y la Asociaci\u00f3n Argentina de Capitanes, Pilotos y Patrones de Pesca.<\/p>\n<p>En este sentido, se abord\u00f3 la necesidad de adecuar convenios entre las instituciones para fortalecer el control en la milla 200, se elaborar\u00e1n protocolos comunes de notificaci\u00f3n judicial conjunta y el apoyo a la pr\u00f3xima campa\u00f1a cient\u00edfica del INIDEP fuera de la Zona Econ\u00f3mica Exclusiva para reforzar la soberan\u00eda argentina sobre los fondos marinos de la plataforma continental.<\/p>\n<p>Asimismo, se acord\u00f3 avanzar en reuniones t\u00e9cnicas para consensuar criterios y procedimientos de actuaci\u00f3n ante casos de pesca ilegal.<\/p>\n<p>Se subray\u00f3 la importancia de la coordinaci\u00f3n interinstitucional y se celebr\u00f3 el compromiso asumido por los organismos presentes para garantizar un control eficaz de los recursos pesqueros nacionales.<\/p>\n","protected":false},"excerpt":{"rendered":"En el marco de las acciones de detecci\u00f3n temprana de la pesca ilegal de buques extranjeros en la&hellip;\n","protected":false},"author":2,"featured_media":304218,"comment_status":"","ping_status":"","sticky":false,"template":"","format":"standard","meta":{"footnotes":""},"categories":[5],"tags":[5063,5065,5059,5078,17,18,594,1639,25,24,693,13,14,5064,5066,582,5060,5069,5061,11,19,20,5073,813,9,10,15,16,5074,5075,5077,5076,4500,5062,4113,5071,5070,23,12,5067,5068,5072,21,22],"class_list":{"0":"post-304217","1":"post","2":"type-post","3":"status-publish","4":"format-standard","5":"has-post-thumbnail","7":"category-titulares","8":"tag-administracion","9":"tag-administracion-publica","10":"tag-argentino","11":"tag-beneficios","12":"tag-breaking-news","13":"tag-breakingnews","14":"tag-ciudadanos","15":"tag-digital","16":"tag-es","17":"tag-espana","18":"tag-estado","19":"tag-featured-news","20":"tag-featurednews","21":"tag-gestion","22":"tag-gestion-publica","23":"tag-gobierno","24":"tag-gobierno-argentino","25":"tag-gobierno-digital","26":"tag-gobierno-nacional","27":"tag-headlines","28":"tag-latest-news","29":"tag-latestnews","30":"tag-modernizacion","31":"tag-nacional","32":"tag-news","33":"tag-noticias","34":"tag-noticias-destacadas","35":"tag-noticiasdestacadas","36":"tag-organismo","37":"tag-organismo-publico","38":"tag-organismos","39":"tag-organismos-publicos","40":"tag-publica","41":"tag-republica-argentina","42":"tag-servicios","43":"tag-servicios-digitales","44":"tag-servicios-en-linea","45":"tag-spain","46":"tag-titulares","47":"tag-tramites","48":"tag-tramites-en-linea","49":"tag-transparencia","50":"tag-ultimas-noticias","51":"tag-ultimasnoticias"},"share_on_mastodon":{"url":"","error":"Validation failed: Text character limit of 500 exceeded"},"_links":{"self":[{"href":"https:\/\/www.europesays.com\/es\/wp-json\/wp\/v2\/posts\/304217","targetHints":{"allow":["GET"]}}],"collection":[{"href":"https:\/\/www.europesays.com\/es\/wp-json\/wp\/v2\/posts"}],"about":[{"href":"https:\/\/www.europesays.com\/es\/wp-json\/wp\/v2\/types\/post"}],"author":[{"embeddable":true,"href":"https:\/\/www.europesays.com\/es\/wp-json\/wp\/v2\/users\/2"}],"replies":[{"embeddable":true,"href":"https:\/\/www.europesays.com\/es\/wp-json\/wp\/v2\/comments?post=304217"}],"version-history":[{"count":0,"href":"https:\/\/www.europesays.com\/es\/wp-json\/wp\/v2\/posts\/304217\/revisions"}],"wp:featuredmedia":[{"embeddable":true,"href":"https:\/\/www.europesays.com\/es\/wp-json\/wp\/v2\/media\/304218"}],"wp:attachment":[{"href":"https:\/\/www.europesays.com\/es\/wp-json\/wp\/v2\/media?parent=304217"}],"wp:term":[{"taxonomy":"category","embeddable":true,"href":"https:\/\/www.europesays.com\/es\/wp-json\/wp\/v2\/categories?post=304217"},{"taxonomy":"post_tag","embeddable":true,"href":"https:\/\/www.europesays.com\/es\/wp-json\/wp\/v2\/tags?post=304217"}],"curies":[{"name":"wp","href":"https:\/\/api.w.org\/{rel}","templated":true}]}}