{"id":304225,"date":"2025-12-24T01:31:12","date_gmt":"2025-12-24T01:31:12","guid":{"rendered":"https:\/\/www.europesays.com\/es\/304225\/"},"modified":"2025-12-24T01:31:12","modified_gmt":"2025-12-24T01:31:12","slug":"colocan-al-sevilla-como-uno-de-los-equipos-interesados-en-edwin-cetre","status":"publish","type":"post","link":"https:\/\/www.europesays.com\/es\/304225\/","title":{"rendered":"Colocan al Sevilla como uno de los equipos interesados en Edwin Cetr\u00e9"},"content":{"rendered":"<p class=\"voc-p\" style=\"\">El <strong>Sevilla<\/strong> tiene intenci\u00f3n de reforzar su equipo durante el mercado de fichajes invernal. No obstante, a la delicad\u00edsima situaci\u00f3n financiera de la entidad hay que a\u00f1adir que el equipo nervionense tiene todas sus fichas ocupadas por lo que tendr\u00e1 que dejar salir a  &#8230; algunos futbolistas antes de poder sumar a otros. Pese a ello, la direcci\u00f3n deportiva avanza en las negociaciones para poder acelerar las incorporaciones cuando haya espacio e igualmente va sondeando distintas opciones. Una de ellas puede ser la de firmar al colombiano <strong>Edwin Cetr\u00e9<\/strong>. <\/p>\n<p class=\"voc-p\" style=\"\">El extremo de<strong> 27 a\u00f1os<\/strong> milita en <strong>Estudiantes de La Plata<\/strong> y todo apunta a que pr\u00f3ximamente podr\u00eda salir del club argentino. Son por lo tanto varios los clubes que estudian poder incorporarlo y el Sevilla, seg\u00fan el medio colombiano WIN Sports, es uno de ellos. M\u00e1s all\u00e1 del inter\u00e9s del equipo nervionense, los otros clubes con los que ha sido vinculado el futbolista son el <strong>Rayo Vallecano<\/strong>, el <strong>Botafogo<\/strong> brasile\u00f1o y el <strong>Cruz Azul<\/strong> mexicano. <\/p>\n<p class=\"voc-p\" style=\"\">Valorado en el portal especializado Transfermarkt en tres millones de euros, el futbolista recientemente conquist\u00f3 con su equipo el Trofeo de Campeones 2025 que mide al mejor equipo del Clausura y del Apertura. <\/p>\n<p class=\"voc-p\" style=\"\">Aparentemente, el Sevilla tiene bien cubierta la posici\u00f3n en la que se desempe\u00f1a este futbolista, pero el club nervionense tendr\u00e1 que hacer alguna venta en enero y no se descarta que sea alguno de los futbolistas que juegan en esta zona del campo el que salga. <\/p>\n<p>\nArt\u00edculo solo para suscriptores\n<\/p>\n<p>Reportar un error<\/p>\n","protected":false},"excerpt":{"rendered":"El Sevilla tiene intenci\u00f3n de reforzar su equipo durante el mercado de fichajes invernal. No obstante, a la&hellip;\n","protected":false},"author":2,"featured_media":304226,"comment_status":"","ping_status":"","sticky":false,"template":"","format":"standard","meta":{"footnotes":""},"categories":[268],"tags":[72000,55956,168,71999,6440,25,24,280,282,19870,1171,281,23,167],"class_list":{"0":"post-304225","1":"post","2":"type-post","3":"status-publish","4":"format-standard","5":"has-post-thumbnail","7":"category-futbol","8":"tag-cetre","9":"tag-colocan","10":"tag-deportes","11":"tag-edwin","12":"tag-equipos","13":"tag-es","14":"tag-espana","15":"tag-football","16":"tag-futbol","17":"tag-interesados","18":"tag-sevilla","19":"tag-soccer","20":"tag-spain","21":"tag-sports"},"share_on_mastodon":{"url":"https:\/\/pubeurope.com\/@es\/115771964521547921","error":""},"_links":{"self":[{"href":"https:\/\/www.europesays.com\/es\/wp-json\/wp\/v2\/posts\/304225","targetHints":{"allow":["GET"]}}],"collection":[{"href":"https:\/\/www.europesays.com\/es\/wp-json\/wp\/v2\/posts"}],"about":[{"href":"https:\/\/www.europesays.com\/es\/wp-json\/wp\/v2\/types\/post"}],"author":[{"embeddable":true,"href":"https:\/\/www.europesays.com\/es\/wp-json\/wp\/v2\/users\/2"}],"replies":[{"embeddable":true,"href":"https:\/\/www.europesays.com\/es\/wp-json\/wp\/v2\/comments?post=304225"}],"version-history":[{"count":0,"href":"https:\/\/www.europesays.com\/es\/wp-json\/wp\/v2\/posts\/304225\/revisions"}],"wp:featuredmedia":[{"embeddable":true,"href":"https:\/\/www.europesays.com\/es\/wp-json\/wp\/v2\/media\/304226"}],"wp:attachment":[{"href":"https:\/\/www.europesays.com\/es\/wp-json\/wp\/v2\/media?parent=304225"}],"wp:term":[{"taxonomy":"category","embeddable":true,"href":"https:\/\/www.europesays.com\/es\/wp-json\/wp\/v2\/categories?post=304225"},{"taxonomy":"post_tag","embeddable":true,"href":"https:\/\/www.europesays.com\/es\/wp-json\/wp\/v2\/tags?post=304225"}],"curies":[{"name":"wp","href":"https:\/\/api.w.org\/{rel}","templated":true}]}}