{"id":304251,"date":"2025-12-24T01:58:11","date_gmt":"2025-12-24T01:58:11","guid":{"rendered":"https:\/\/www.europesays.com\/es\/304251\/"},"modified":"2025-12-24T01:58:11","modified_gmt":"2025-12-24T01:58:11","slug":"pellegrini-repite-con-deossa-la-formula-luiz-henrique-y-ya-recoge-los-frutos","status":"publish","type":"post","link":"https:\/\/www.europesays.com\/es\/304251\/","title":{"rendered":"Pellegrini repite con Deossa la &#8216;f\u00f3rmula Luiz Henrique&#8217; y ya recoge los frutos"},"content":{"rendered":"<p>Titular en siete de los ocho \u00faltimos partidos, el colombiano firm\u00f3 ante el Getafe su mejor actuaci\u00f3n como b\u00e9tico y se acerca a las expectativas generadas con su cuantioso fichaje<\/p>\n<p class=\"parrafo\">\u00abComo ya he dicho en otras ocasiones, <strong>le cost\u00f3 acostumbrarse al f\u00fatbol europe<\/strong><strong>o<\/strong>, pero viene <strong>mejorando <\/strong>mucho e hizo un partido muy <strong>completo<\/strong>.<strong> <\/strong>Tenemos muchos jugadores que se adaptan a varias posiciones. Juegan a lo que saben, que es a jugar bien, no perder el bal\u00f3n y alcanzar el \u00e1rea rival. \u00c9l tuvo una lesi\u00f3n del tobillo tambi\u00e9n, que le impidi\u00f3 estar al cien por cien de condiciones durante un tiempo. Pero es un jugador muy <strong>potente<\/strong>, que tiene un margen de mejora grande y que, como <strong>Marc Roca<\/strong> o <strong>Pablo Fornals<\/strong>, nos ayuda en <strong>rupturas<\/strong> y <strong>llegadas<\/strong>\u00ab, esgrim\u00eda <strong>Manuel Pellegrini<\/strong> sobre un <strong>Nelson Deossa<\/strong> que cada vez le convence m\u00e1s. Como hiciera en su d\u00eda con <strong>Luiz Henrique<\/strong>, <a href=\"https:\/\/www.estadiodeportivo.com\/futbol\/betis\/mes-decisivo-para-definir-situacion-nelson-deossa-betis-20251114-520304.html\" target=\"_blank\" class=\"intext-link\" rel=\"nofollow noopener\">titular por castigo hasta demostrar lo que llevaba dentro<\/a>, el &#8216;<strong>Ingeniero<\/strong>&#8216; parece haber aprovechado la mejor\u00eda f\u00edsica del colombiano para darle minutos. As\u00ed, ha sido titular en siete de los \u00faltimos ocho encuentros oficiales, no siempre por culpa de las bajas, como en <strong>El Gran Derbi<\/strong>. Y los frutos ya est\u00e1n aqu\u00ed. <a href=\"https:\/\/www.estadiodeportivo.com\/futbol\/betis\/respuesta-nelson-deossa-situacion-betis-por-algo-mas-demostrara-20251120-520984.html\" target=\"_blank\" class=\"intext-link\" rel=\"nofollow noopener\">Su empe\u00f1o tambi\u00e9n ha servido<\/a> para acercarse a las expectativas que generaron los casi <strong>12 millones de euros<\/strong> de traspaso abonados a <strong>Rayados de Monterrey<\/strong>.<\/p>\n<p><img decoding=\"async\" src=\"https:\/\/www.europesays.com\/es\/wp-content\/uploads\/2025\/12\/49a8efc0-0fb9-4776-9c74-4de274e85288_800x450.jpeg\" loading=\"lazy\"\/>Un r\u00e9cord para celebrar un despertar deseado<\/p>\n<p class=\"parrafo\">Dos de las principales webs del sector de las estad\u00edsticas de f\u00fatbol, SofaScore y WhoScored, coinciden al calificar el del pasado domingo ante el <strong>Getafe CF<\/strong> como el mejor partido de <strong>Nelson Deossa<\/strong> desde su aterrizaje en <strong>La Cartuja<\/strong>. Son ya <strong>15 apariciones<\/strong> y <strong>765 minutos<\/strong> en su haber (con una asistencia a <strong>Rodrigo Riquelme<\/strong> en la <strong>Copa del Rey<\/strong> ante el <strong>Torrent CF<\/strong>). De esta forma, la primera de las p\u00e1ginas mencionadas le concede una nota de <strong>8,2 sobre 10<\/strong>, s\u00f3lo por detr\u00e1s de los goleadores <strong>Aitor Ruibal<\/strong> y <strong>Pablo Fornals<\/strong>, mientras que su hom\u00f3loga le da un <strong>8,4<\/strong>, como al castellonense, por el <strong>8,5<\/strong> de su paisano &#8216;<strong>Cucho<\/strong>&#8216; <strong>Hern\u00e1ndez<\/strong>, el <strong>8,6 <\/strong>de <strong>Antony Matheus dos Santos<\/strong> y el <strong>9 <\/strong>de <strong>Aitor Ruibal<\/strong>. En lo que no hay dudas es en su r\u00e9cord: el de <strong>Marmato<\/strong> gan\u00f3 <strong>19 <\/strong>de los <strong>22 duelos<\/strong> que disput\u00f3, m\u00e1s que nadie hasta ahora en <strong>LaLiga<\/strong>, superando los <strong>18 <\/strong>del &#8216;babazorro&#8217;<strong> Lucas Boy\u00e9 <\/strong>frente al <strong>Rayo Vallecano<\/strong>, los <strong>17 <\/strong>del giron\u00ed<strong> Azzedine Ounahi <\/strong>frente al <strong>Athletic Club<\/strong> y los <strong>16 <\/strong>del cul\u00e9<strong> Lamine Yamal <\/strong>y el getafense<strong> Abdel<\/strong><strong> Abqar <\/strong>frente al <strong>Deportivo Alav\u00e9s<\/strong> en ambos casos.<\/p>\n<p><a class=\"elementos-rel-t2\" href=\"https:\/\/www.estadiodeportivo.com\/futbol\/betis\/tortuoso-camino-nelson-deossa-mina-betis-uno-desespera-pero-gracias-pellegrini-20251204-522651.html\" title=\"El tortuoso camino de Nelson Deossa, de la mina al Betis: &quot;Uno se desespera, pero gracias a Pellegrini...&quot;   \" rel=\"nofollow noopener\" target=\"_blank\"><\/p>\n<p class=\"titular titulo-4\">El tortuoso camino de Nelson Deossa, de la mina al Betis: \u00abUno se desespera, pero gracias a Pellegrini&#8230;\u00bb   <\/p>\n<p><img decoding=\"async\" src=\"https:\/\/www.europesays.com\/es\/wp-content\/uploads\/2025\/12\/529fe9fe-9b25-4c05-bcf1-bc3ffbf1d062_320x180.jpeg\" alt=\"El tortuoso camino de Nelson Deossa, de la mina al Betis: &quot;Uno se desespera, pero gracias a Pellegrini...&quot;   \"\/><\/a><a class=\"elementos-rel-t2\" href=\"https:\/\/www.estadiodeportivo.com\/futbol\/betis\/deossa-utiliza-ruido-primer-derbi-para-advertir-nestor-lorenzo-seleccionador-colombia-peleare-por-mundial-20251204-522661.html\" title=\"Deossa utiliza el ruido de su primer derbi para advertir a N\u00e9stor Lorenzo, seleccionador de Colombia: &quot;Pelear\u00e9 por el Mundial&quot;\" rel=\"nofollow noopener\" target=\"_blank\"><\/p>\n<p class=\"titular titulo-4\">Deossa utiliza el ruido de su primer derbi para advertir a N\u00e9stor Lorenzo, seleccionador de Colombia: \u00abPelear\u00e9 por el Mundial\u00bb<\/p>\n<p><img decoding=\"async\" src=\"https:\/\/www.europesays.com\/es\/wp-content\/uploads\/2025\/12\/19df8d03-9915-427a-9492-1d150c481965_320x180.jpeg\" alt=\"Deossa utiliza el ruido de su primer derbi para advertir a N\u00e9stor Lorenzo, seleccionador de Colombia: &quot;Pelear\u00e9 por el Mundial&quot;\"\/><\/a><a class=\"elementos-rel-t2\" href=\"https:\/\/www.estadiodeportivo.com\/futbol\/betis\/tan-silencioso-despertar-nelson-deossa-20251202-522441.html\" title=\"El no tan silencioso despertar de Nelson Deossa\" rel=\"nofollow noopener\" target=\"_blank\"><\/p>\n<p class=\"titular titulo-4\">El no tan silencioso despertar de Nelson Deossa<\/p>\n<p><img decoding=\"async\" src=\"https:\/\/www.europesays.com\/es\/wp-content\/uploads\/2025\/12\/a38fc412-434f-4026-98a9-3623dab9fba9_320x180.jpeg\" alt=\"El no tan silencioso despertar de Nelson Deossa\"\/><\/a>Los datos de una mejor\u00eda palpable<\/p>\n<p class=\"parrafo\">Los <strong>19 duelos ganados de 22 intentados<\/strong> de <strong>Nelson Deossa<\/strong> (<strong>11 de 12<\/strong> en suelo y <strong>8 de 10 a\u00e9reos<\/strong>, el doble que el segundo en ese ranking) no son sus \u00fanicos registros sobresalientes de la \u00faltima jornada liguera de <strong>2025<\/strong>. En el aspecto defensivo (<strong>ocho contribuciones<\/strong>), el ex de los <strong>Rayados de Monterrey<\/strong> sobresali\u00f3 en varios apartados m\u00e1s, como demuestra el hecho de que firm\u00f3 <strong>dos despejes<\/strong>, <strong>dos intercepciones<\/strong> y <strong>ocho recuperaciones de bal\u00f3n<\/strong>, haciendo una \u00fanica falta y no siendo desbordado nunca, adem\u00e1s con un <strong>82% de pases precisos<\/strong>. De hecho, err\u00f3 \u00fanicamente <strong>dos toques de 69<\/strong>, provoc\u00f3 <strong>tres faltas<\/strong> y sali\u00f3 exitoso de los <strong>cuatro regates intentados<\/strong> (el doble que el siguiente, contando ambos equipos). Solamente <strong>Marc Roca <\/strong>(<strong>5<\/strong>) hizo m\u00e1s entradas que \u00e9l (<strong>4<\/strong>, como <strong>Antony Matheus dos Santos<\/strong>).<\/p>\n<p><img decoding=\"async\" src=\"https:\/\/www.europesays.com\/es\/wp-content\/uploads\/2025\/12\/e81ee99d-2699-47f3-96a9-bddce02084cc_800x450.jpeg\" loading=\"lazy\"\/><\/p>\n","protected":false},"excerpt":{"rendered":"Titular en siete de los ocho \u00faltimos partidos, el colombiano firm\u00f3 ante el Getafe su mejor actuaci\u00f3n como&hellip;\n","protected":false},"author":2,"featured_media":304252,"comment_status":"","ping_status":"","sticky":false,"template":"","format":"standard","meta":{"footnotes":""},"categories":[268],"tags":[168,25,24,284,280,282,2048,286,281,23,167],"class_list":{"0":"post-304251","1":"post","2":"type-post","3":"status-publish","4":"format-standard","5":"has-post-thumbnail","7":"category-futbol","8":"tag-deportes","9":"tag-es","10":"tag-espana","11":"tag-estadio-deportivo","12":"tag-football","13":"tag-futbol","14":"tag-manuel-pellegrini","15":"tag-real-betis-balompie","16":"tag-soccer","17":"tag-spain","18":"tag-sports"},"share_on_mastodon":{"url":"https:\/\/pubeurope.com\/@es\/115772072255014674","error":""},"_links":{"self":[{"href":"https:\/\/www.europesays.com\/es\/wp-json\/wp\/v2\/posts\/304251","targetHints":{"allow":["GET"]}}],"collection":[{"href":"https:\/\/www.europesays.com\/es\/wp-json\/wp\/v2\/posts"}],"about":[{"href":"https:\/\/www.europesays.com\/es\/wp-json\/wp\/v2\/types\/post"}],"author":[{"embeddable":true,"href":"https:\/\/www.europesays.com\/es\/wp-json\/wp\/v2\/users\/2"}],"replies":[{"embeddable":true,"href":"https:\/\/www.europesays.com\/es\/wp-json\/wp\/v2\/comments?post=304251"}],"version-history":[{"count":0,"href":"https:\/\/www.europesays.com\/es\/wp-json\/wp\/v2\/posts\/304251\/revisions"}],"wp:featuredmedia":[{"embeddable":true,"href":"https:\/\/www.europesays.com\/es\/wp-json\/wp\/v2\/media\/304252"}],"wp:attachment":[{"href":"https:\/\/www.europesays.com\/es\/wp-json\/wp\/v2\/media?parent=304251"}],"wp:term":[{"taxonomy":"category","embeddable":true,"href":"https:\/\/www.europesays.com\/es\/wp-json\/wp\/v2\/categories?post=304251"},{"taxonomy":"post_tag","embeddable":true,"href":"https:\/\/www.europesays.com\/es\/wp-json\/wp\/v2\/tags?post=304251"}],"curies":[{"name":"wp","href":"https:\/\/api.w.org\/{rel}","templated":true}]}}