{"id":304268,"date":"2025-12-24T02:10:13","date_gmt":"2025-12-24T02:10:13","guid":{"rendered":"https:\/\/www.europesays.com\/es\/304268\/"},"modified":"2025-12-24T02:10:13","modified_gmt":"2025-12-24T02:10:13","slug":"francia-aprueba-la-prorroga-presupuestaria-pero-no-evita-el-bloqueo-internacional","status":"publish","type":"post","link":"https:\/\/www.europesays.com\/es\/304268\/","title":{"rendered":"Francia aprueba la pr\u00f3rroga presupuestaria pero no evita el bloqueo | Internacional"},"content":{"rendered":"<p class=\"\">El primer ministro franc\u00e9s, <a href=\"https:\/\/elpais.com\/internacional\/2025-11-04\/lecornu-se-queda-sin-apenas-margen-para-aprobar-un-presupuesto-y-mantener-su-gobierno.html\" target=\"_self\" rel=\"nofollow noopener\" title=\"https:\/\/elpais.com\/internacional\/2025-11-04\/lecornu-se-queda-sin-apenas-margen-para-aprobar-un-presupuesto-y-mantener-su-gobierno.html\">S\u00e9bastien Lecornu<\/a>, no pierde la esperanza en conseguir la dif\u00edcil misi\u00f3n que le fue encomendada cuando fue nombrado en el cargo por <a href=\"https:\/\/elpais.com\/internacional\/2025-10-10\/macron-convoca-a-los-partidos-al-eliseo-para-encontrar-una-solucion-a-la-crisis-en-francia.html\" target=\"_self\" rel=\"nofollow noopener\" title=\"https:\/\/elpais.com\/internacional\/2025-10-10\/macron-convoca-a-los-partidos-al-eliseo-para-encontrar-una-solucion-a-la-crisis-en-francia.html\">Emmanuel Macron<\/a> el pasado septiembre: aprobar unos presupuestos para 2026 en un Parlamento profundamente fragmentado. Este martes, a pocos d\u00edas de la pausa navide\u00f1a, ha dado un breve discurso en el que ha advertido de que Francia \u201cnecesita un presupuesto en enero\u201d y que a\u00fan es posible lograrlo \u201csi se dejan de lado los intereses pol\u00edticos\u201d. <\/p>\n<p class=\"\">Lo ha dicho despu\u00e9s de que la Asamblea francesa validara, sin sorpresa y por unanimidad, la <a href=\"https:\/\/elpais.com\/internacional\/2025-12-22\/sebastien-lecornu-primer-ministro-de-francia-recurre-a-una-ley-de-emergencia-ante-la-ausencia-de-presupuestos.html\" target=\"_self\" rel=\"nofollow noopener\" title=\"https:\/\/elpais.com\/internacional\/2025-12-22\/sebastien-lecornu-primer-ministro-de-francia-recurre-a-una-ley-de-emergencia-ante-la-ausencia-de-presupuestos.html\">pr\u00f3rroga de los presupuestos<\/a> de este a\u00f1o, una medida de urgencia impulsada por Lecornu tras el rechazo de las cuentas de 2026 en la recta final de la negociaci\u00f3n y tras meses de debate parlamentario. Los 496 diputados presentes votaron a favor. Ninguno lo hizo en contra. <\/p>\n<p class=\"\">Esta ley de emergencia es un parche temporal que no resuelve el bloqueo pol\u00edtico y econ\u00f3mico en Francia, as\u00ed que la idea es que esta \u201cfase transitoria\u201d dure lo menos posible. El objetivo es retomar en enero <a href=\"https:\/\/elpais.com\/internacional\/2024-12-11\/francia-aprueba-una-ley-especial-para-prorrogar-los-presupuestos-a-la-espera-de-un-nuevo-primer-ministro.html\" target=\"_self\" rel=\"nofollow noopener\" title=\"https:\/\/elpais.com\/internacional\/2024-12-11\/francia-aprueba-una-ley-especial-para-prorrogar-los-presupuestos-a-la-espera-de-un-nuevo-primer-ministro.html\">las negociaciones<\/a> para tratar de consensuar unas cuentas completas y adaptadas a la realidad econ\u00f3mica del pa\u00eds y aprobarlas a finales de ese mes, seg\u00fan el ambicioso plazo que se ha marcado el Gobierno. Las divergencias entre los distintos grupos pol\u00edticos han hecho imposible hasta ahora un acuerdo. <\/p>\n<p class=\"\">Lecornu ha comparecido desde la sede del Gobierno y ha instado a los pol\u00edticos a \u201chuir del desorden\u201d actual y aprobar r\u00e1pidamente unas cuentas a finales de enero. Tambi\u00e9n ha deslizado que \u201cel Gobierno asumir\u00e1 su responsabilidad\u201d en caso contrario. \u201cAlcanzar un compromiso no supone una renuncia pol\u00edtica ni una confusi\u00f3n\u201d, ha afirmado el primer ministro y ha insistido en que \u201cse puede llegar a acuerdos sin tener la mayor\u00eda absoluta\u201d, como muestra la aprobaci\u00f3n de los presupuestos de la Seguridad Social hace unas semanas. <\/p>\n<p class=\"\">Ante los diputados, Lecornu y los ministros del \u00e1rea econ\u00f3mica han insistido en el peligro que representa para el pa\u00eds <a href=\"https:\/\/elpais.com\/internacional\/2025-11-04\/lecornu-se-queda-sin-apenas-margen-para-aprobar-un-presupuesto-y-mantener-su-gobierno.html\" target=\"_self\" rel=\"nofollow noopener\" title=\"https:\/\/elpais.com\/internacional\/2025-11-04\/lecornu-se-queda-sin-apenas-margen-para-aprobar-un-presupuesto-y-mantener-su-gobierno.html\">no tener unos presupuestos<\/a>. \u201cEsta ley de m\u00ednimos implica riesgos m\u00e1ximos. No trato de dramatizar, pero es una medida que no resuelve nada, no responde a las necesidades y las urgencias de los franceses. Corremos el riesgo de que el pa\u00eds entre en el inmovilismo\u201d, ha denunciado la ministra de Cuentas P\u00fablicas, Am\u00e9lie de Montchalin, en su intervenci\u00f3n ante la C\u00e1mara. <\/p>\n<p class=\"\">La ley de pr\u00f3rroga presupuestaria es un texto de excepci\u00f3n previsto por la Constituci\u00f3n francesa para situaciones de emergencia. Consta de tres art\u00edculos. Evita la par\u00e1lisis administrativa, al permitir al Estado recaudar impuestos, pagar salarios a los funcionarios y financiarse en los mercados, pero no da m\u00e1s margen de maniobra, ni para aumentar gasto ni para acometer los recortes necesarios para atajar el endeudamiento. <\/p>\n<p class=\"\">Francia tiene <a href=\"https:\/\/elpais.com\/economia\/2025-12-19\/el-banco-de-francia-mejora-sus-previsiones-de-crecimiento-pese-a-la-incertidumbre-sobre-el-presupuesto.html\" target=\"_self\" rel=\"nofollow noopener\" title=\"https:\/\/elpais.com\/economia\/2025-12-19\/el-banco-de-francia-mejora-sus-previsiones-de-crecimiento-pese-a-la-incertidumbre-sobre-el-presupuesto.html\">una de las deudas m\u00e1s altas de la zona euro (117% del PIB)<\/a> y el d\u00e9ficit, del 5,4% este a\u00f1o, est\u00e1 muy lejos del 3% que Bruselas marca como l\u00edmite para 2029. Organismos como el Tribunal de Cuentas o el Banco de Francia insisten en la urgencia de reducirlo al 5% del PIB en 2026. Seg\u00fan el Observatorio franc\u00e9s de coyuntura econ\u00f3mica, si la pr\u00f3rroga presupuestaria se extiende a todo 2026, el Estado dejar\u00e1 de ingresar 6.500 millones de euros y ser\u00e1 m\u00e1s dif\u00edcil de alcanzar el objetivo de d\u00e9ficit. Lecornu tambi\u00e9n ha recordado, en su alocuci\u00f3n, que \u201cel d\u00e9ficit debe reducirse al 5%\u201d y que seguir sin presupuestos \u201ctendr\u00e1 efectos negativos\u201d.<\/p>\n<p class=\"\">En diciembre del a\u00f1o pasado, el ex primer ministro <a href=\"https:\/\/elpais.com\/internacional\/2024-12-04\/michel-barnier-el-primer-ministro-frances-mas-efimero.html\" target=\"_self\" rel=\"nofollow noopener\" title=\"https:\/\/elpais.com\/internacional\/2024-12-04\/michel-barnier-el-primer-ministro-frances-mas-efimero.html\">Michel Barnier<\/a> tambi\u00e9n tuvo que recurrir a esta medida de urgencia, tras rechazarse sus presupuestos en el plazo marcado por la Constituci\u00f3n, antes de que acabase el a\u00f1o. Finalmente, los parlamentarios llegaron a un acuerdo semanas despu\u00e9s de haber validado la pr\u00f3rroga de las cuentas del a\u00f1o previo. <\/p>\n<p>\u201cUnas semanas extra\u201d<\/p>\n<p class=\"\">\u201cEsto solo nos permite ganar algunas semanas extra para seguir negociando\u201d, ha dicho el titular de Econom\u00eda, Roland Lescure, en su turno de palabra. Ha alertado de las consecuencias para el pa\u00eds de que este periodo excepcional se extienda. Sin presupuestos no se podr\u00e1n hacer nuevas inversiones ni aumentar el gasto en defensa, tal y como estaba previsto. \u201cEl 1 de enero debemos despertarnos con la misma obsesi\u00f3n con la que nos acostemos el 31 de diciembre: tener un presupuesto\u201d, ha enfatizado. <\/p>\n<p class=\"\">Las negociaciones para ello se retomar\u00e1n tras la pausa navide\u00f1a. Lecornu conf\u00eda en poder lograrlo sin necesidad de recurrir al art\u00edculo 49.3 de la Constituci\u00f3n, que le permite aprobar los presupuestos por decreto. Se hab\u00eda comprometido con los socialistas a no hacerlo a cambio de que no le censuraran. Ha cumplido su palabra, a pesar de que cada vez hay m\u00e1s l\u00edderes pol\u00edticos en el centro y la derecha que le piden que opte por esta soluci\u00f3n para salir del atasco. <\/p>\n<p class=\"\">En los \u00faltimos d\u00edas, Lecornu se ha reunido con los partidos de la oposici\u00f3n para ir allanando el camino de cara a las negociaciones, a excepci\u00f3n de la formaci\u00f3n de extrema derecha liderada por <a href=\"https:\/\/elpais.com\/internacional\/2025-03-31\/la-justicia-de-francia-declara-a-marine-le-pen-culpable-de-malversacion-de-fondos-publicos.html\" target=\"_self\" rel=\"nofollow noopener\" title=\"https:\/\/elpais.com\/internacional\/2025-03-31\/la-justicia-de-francia-declara-a-marine-le-pen-culpable-de-malversacion-de-fondos-publicos.html\">Marine Le Pen<\/a> y la izquierdista La Francia Insumisa. El texto presupuestario inicial ya ha sido debatido y modificado, as\u00ed que no se parte de cero. Han quedado claras las l\u00edneas rojas de cada bloque: la izquierda exige m\u00e1s gasto social y pide elevar las tasas a los grandes patrimonios para subvencionarlo mientras que la derecha y los aliados macronistas, reacios a subir impuestos, creen que los recortes son la \u00fanica manera de reequilibrar. <\/p>\n<p class=\"\">En marzo se celebran elecciones municipales, lo que complicar\u00e1 la negociaci\u00f3n del presupuesto. Que se apruebe ser\u00eda un triunfo para Lecornu, aunque no se resolver\u00e1 la ins\u00f3lita inestabilidad pol\u00edtica que vive el pa\u00eds. Se remonta a las elecciones legislativas de 2022, que dejaron al Gobierno sin mayor\u00eda en un Parlamento fragmentado. La situaci\u00f3n se agrav\u00f3 con la decisi\u00f3n de Emmanuel Macron de disolverlo y repetir elecciones en julio de 2024. Las urnas arrojaron una Asamblea m\u00e1s polarizada a\u00fan, incapaz de alcanzar compromisos. Desde entonces, ha habido tres Gobiernos, que han ca\u00eddo en el intento de sacar adelante presupuestos con recortes sin precedentes. <\/p>\n","protected":false},"excerpt":{"rendered":"El primer ministro franc\u00e9s, S\u00e9bastien Lecornu, no pierde la esperanza en conseguir la dif\u00edcil misi\u00f3n que le fue&hellip;\n","protected":false},"author":2,"featured_media":304269,"comment_status":"","ping_status":"","sticky":false,"template":"","format":"standard","meta":{"footnotes":""},"categories":[42],"tags":[17,18,32278,4372,730,700,13,14,317,11,61,62,63,64,19,20,9,10,15,16,4759,14863,21589,40457,6912,12,21,22,65,66,67],"class_list":{"0":"post-304268","1":"post","2":"type-post","3":"status-publish","4":"format-standard","5":"has-post-thumbnail","7":"category-internacional","8":"tag-breaking-news","9":"tag-breakingnews","10":"tag-crisis-gobierno","11":"tag-crisis-politicas","12":"tag-emmanuel-macron","13":"tag-europa","14":"tag-featured-news","15":"tag-featurednews","16":"tag-francia","17":"tag-headlines","18":"tag-internacional","19":"tag-international","20":"tag-international-news","21":"tag-internationalnews","22":"tag-latest-news","23":"tag-latestnews","24":"tag-news","25":"tag-noticias","26":"tag-noticias-destacadas","27":"tag-noticiasdestacadas","28":"tag-paris","29":"tag-parlamento","30":"tag-presupuestos-generales-estado","31":"tag-sebastien-lecornu","32":"tag-senado","33":"tag-titulares","34":"tag-ultimas-noticias","35":"tag-ultimasnoticias","36":"tag-world","37":"tag-world-news","38":"tag-worldnews"},"share_on_mastodon":{"url":"","error":"Validation failed: Text character limit of 500 exceeded"},"_links":{"self":[{"href":"https:\/\/www.europesays.com\/es\/wp-json\/wp\/v2\/posts\/304268","targetHints":{"allow":["GET"]}}],"collection":[{"href":"https:\/\/www.europesays.com\/es\/wp-json\/wp\/v2\/posts"}],"about":[{"href":"https:\/\/www.europesays.com\/es\/wp-json\/wp\/v2\/types\/post"}],"author":[{"embeddable":true,"href":"https:\/\/www.europesays.com\/es\/wp-json\/wp\/v2\/users\/2"}],"replies":[{"embeddable":true,"href":"https:\/\/www.europesays.com\/es\/wp-json\/wp\/v2\/comments?post=304268"}],"version-history":[{"count":0,"href":"https:\/\/www.europesays.com\/es\/wp-json\/wp\/v2\/posts\/304268\/revisions"}],"wp:featuredmedia":[{"embeddable":true,"href":"https:\/\/www.europesays.com\/es\/wp-json\/wp\/v2\/media\/304269"}],"wp:attachment":[{"href":"https:\/\/www.europesays.com\/es\/wp-json\/wp\/v2\/media?parent=304268"}],"wp:term":[{"taxonomy":"category","embeddable":true,"href":"https:\/\/www.europesays.com\/es\/wp-json\/wp\/v2\/categories?post=304268"},{"taxonomy":"post_tag","embeddable":true,"href":"https:\/\/www.europesays.com\/es\/wp-json\/wp\/v2\/tags?post=304268"}],"curies":[{"name":"wp","href":"https:\/\/api.w.org\/{rel}","templated":true}]}}