{"id":304270,"date":"2025-12-24T02:17:09","date_gmt":"2025-12-24T02:17:09","guid":{"rendered":"https:\/\/www.europesays.com\/es\/304270\/"},"modified":"2025-12-24T02:17:09","modified_gmt":"2025-12-24T02:17:09","slug":"el-grupo-del-catedratico-investigado-por-la-ub-se-disuelve","status":"publish","type":"post","link":"https:\/\/www.europesays.com\/es\/304270\/","title":{"rendered":"El grupo del catedr\u00e1tico investigado por la UB se disuelve"},"content":{"rendered":"<p>El grupo de investigaci\u00f3n de Sociolog\u00eda <strong>CREA<\/strong> (Comunidad de Investigaci\u00f3n sobre Excelencia para Todos, por sus siglas en ingl\u00e9s) fundado en 1991 por <strong>Ram\u00f3n Flecha<\/strong>, catedr\u00e1tico em\u00e9rito investigado por la <strong>Universidad de Barcelona (UB)<\/strong> por conductas de coerci\u00f3n sexual y psicol\u00f3gica, maltrato, explotaci\u00f3n personal y profesional, ha anunciado su <strong>disoluci\u00f3n<\/strong>. <\/p>\n<p>En un comunicado publicado este martes en su perfil en la red social X, CREA <a href=\"https:\/\/x.com\/crearesearch\/status\/2003570859223753094?s=20\" target=\"_blank\" rel=\"nofollow\">ha explicado que van a \u00abfinalizar su red\u00bb<\/a> con el objetivo de \u00abproteger la integridad personal\u00bb de sus integrantes. En el texto, la comunidad acad\u00e9mica asegura haber sufrido un \u00abacoso sistem\u00e1tico y continuado\u00bb y decide terminar con su actividad oficial para \u00abproteger la integridad\u00bb de sus miembros.<\/p>\n<p><strong>Ram\u00f3n<\/strong> <strong>Flecha <\/strong>(Bilbao, 1952), que dirigi\u00f3 CREA hasta 2006, est\u00e1 siendo investigado por la <a href=\"https:\/\/www.rtve.es\/noticias\/20250702\/catorce-mujeres-denuncian-ante-universidad-barcelona-a-catedratico-por-mantener-relaciones-sexuales-con-becarias\/16647067.shtml\" rel=\"nofollow noopener\" target=\"_blank\">denuncia que catorce mujeres presentaron por escrito el pasado mes de julio<\/a> al rector de la UB, Joan Gu\u00e0rdia. En el escrito, las denunciantes relataban \u00abhaber mantenido relaciones sexuales con el Sr. Ram\u00f3n Flecha en un contexto de clara desigualdad jer\u00e1rquica en calidad de alumnas, becarias, doctorandas o subordinadas\u201d. Un total de 24 investigadores han salido de CREA desde julio de 2024 por razones relatadas en la denuncia. <\/p>\n<p>El pasado 22 de diciembre, La Universidad de Barcelona <a href=\"https:\/\/www.rtve.es\/noticias\/20251222\/universidad-barcelona-denuncia-a-fiscalia-conductas-muy-graves-del-catedratico-investigado\/16860294.shtml\" rel=\"nofollow noopener\" target=\"_blank\">denunci\u00f3 ante la Fiscal\u00eda Provincial de Barcelona<\/a> los comportamientos del catedr\u00e1tico em\u00e9rito Ram\u00f3n Flecha. <\/p>\n<p><strong>Caso Flecha-CREA: tres d\u00e9cadas de presuntos abusos<\/strong><\/p>\n<p>El grupo acad\u00e9mico CREA, que seg\u00fan revel\u00f3 la UB, est\u00e1 desvinculado de la instituci\u00f3n desde 2015, cuenta entre sus miembros con <strong>catedr\u00e1ticas, profesoras e investigadoras que trabajan en esta universidad<\/strong> y en otras universidades espa\u00f1olas y del extranjero, as\u00ed como en centros educativos. <\/p>\n<p>Las denunciantes y m\u00e1s <a href=\"https:\/\/www.rtve.es\/noticias\/20250702\/catorce-mujeres-denuncian-ante-universidad-barcelona-a-catedratico-por-mantener-relaciones-sexuales-con-becarias\/16647067.shtml\" rel=\"nofollow noopener\" target=\"_blank\">personas entrevistadas por RTVE Noticias<\/a> narraron que recib\u00edan ofertas de Flecha para integrarse en el grupo CREA, preguntas \u00edntimas sobre sus relaciones sexuales y sentimentales, y, finalmente, en muchos casos, un <strong>contacto f\u00edsico que desembocaba en relaciones sexuales<\/strong>. Seg\u00fan estos testimonios, Flecha les dec\u00eda que esos encuentros se produc\u00edan con varias de ellas simult\u00e1neamente. Tanto el catedr\u00e1tico como la directora del grupo CREA, Marta Soler, negaron todos los hechos.<\/p>\n<p>Los reportajes publicados muestran que las conductas siguen un patr\u00f3n que se repite y no es la primera vez que Ram\u00f3n Flecha y CREA son objeto de denuncia. En <strong>2004 y 2016 <\/strong>diferentes investigadores que salieron del grupo pusieron en conocimiento de la universidad el <strong>presunto funcionamiento sectario del grupo<\/strong>. Los hechos, que se llevaron a la Fiscal\u00eda, acabaron archivados, aunque este organismo hizo recomendaciones de hacer un seguimiento de ciertos hechos que podr\u00edan ser constitutivos de delito. Una de las medidas que se tom\u00f3 en el pasado fue <strong>relevar a Flecha de la direcci\u00f3n del grupo CREA<\/strong>, que pas\u00f3 a recaer sobre Marta Soler, quien contin\u00faa al frente en la actualidad.<\/p>\n","protected":false},"excerpt":{"rendered":"El grupo de investigaci\u00f3n de Sociolog\u00eda CREA (Comunidad de Investigaci\u00f3n sobre Excelencia para Todos, por sus siglas en&hellip;\n","protected":false},"author":2,"featured_media":304271,"comment_status":"","ping_status":"","sticky":false,"template":"","format":"standard","meta":{"footnotes":""},"categories":[5],"tags":[17,18,25,24,13,14,11,19,20,9,10,15,16,23,12,21,22],"class_list":{"0":"post-304270","1":"post","2":"type-post","3":"status-publish","4":"format-standard","5":"has-post-thumbnail","7":"category-titulares","8":"tag-breaking-news","9":"tag-breakingnews","10":"tag-es","11":"tag-espana","12":"tag-featured-news","13":"tag-featurednews","14":"tag-headlines","15":"tag-latest-news","16":"tag-latestnews","17":"tag-news","18":"tag-noticias","19":"tag-noticias-destacadas","20":"tag-noticiasdestacadas","21":"tag-spain","22":"tag-titulares","23":"tag-ultimas-noticias","24":"tag-ultimasnoticias"},"share_on_mastodon":{"url":"https:\/\/pubeurope.com\/@es\/115772145220903708","error":""},"_links":{"self":[{"href":"https:\/\/www.europesays.com\/es\/wp-json\/wp\/v2\/posts\/304270","targetHints":{"allow":["GET"]}}],"collection":[{"href":"https:\/\/www.europesays.com\/es\/wp-json\/wp\/v2\/posts"}],"about":[{"href":"https:\/\/www.europesays.com\/es\/wp-json\/wp\/v2\/types\/post"}],"author":[{"embeddable":true,"href":"https:\/\/www.europesays.com\/es\/wp-json\/wp\/v2\/users\/2"}],"replies":[{"embeddable":true,"href":"https:\/\/www.europesays.com\/es\/wp-json\/wp\/v2\/comments?post=304270"}],"version-history":[{"count":0,"href":"https:\/\/www.europesays.com\/es\/wp-json\/wp\/v2\/posts\/304270\/revisions"}],"wp:featuredmedia":[{"embeddable":true,"href":"https:\/\/www.europesays.com\/es\/wp-json\/wp\/v2\/media\/304271"}],"wp:attachment":[{"href":"https:\/\/www.europesays.com\/es\/wp-json\/wp\/v2\/media?parent=304270"}],"wp:term":[{"taxonomy":"category","embeddable":true,"href":"https:\/\/www.europesays.com\/es\/wp-json\/wp\/v2\/categories?post=304270"},{"taxonomy":"post_tag","embeddable":true,"href":"https:\/\/www.europesays.com\/es\/wp-json\/wp\/v2\/tags?post=304270"}],"curies":[{"name":"wp","href":"https:\/\/api.w.org\/{rel}","templated":true}]}}