{"id":304278,"date":"2025-12-24T02:26:09","date_gmt":"2025-12-24T02:26:09","guid":{"rendered":"https:\/\/www.europesays.com\/es\/304278\/"},"modified":"2025-12-24T02:26:09","modified_gmt":"2025-12-24T02:26:09","slug":"no-senor-irarragorri-mareo-no-es-una-referencia-mundial-y-usted-lo-sabe","status":"publish","type":"post","link":"https:\/\/www.europesays.com\/es\/304278\/","title":{"rendered":"\u00abNo, se\u00f1or Irarragorri, Mareo no es una referencia mundial y usted lo sabe\u00bb"},"content":{"rendered":"<p>\t\t \t\t\tEl presidente de LaLiga, Javier Tebas (d) y el presidente del Grupo Orlegi Sport, Alejandro Irarragorri, durante su visita a las nuevas instalaciones de la Escuela de F\u00fatbol de Mareo, Gij\u00f3n <strong class=\"pd-l\">Juan Gonz\u00e1lez | EFE  <\/strong><\/p>\n<p>\t\t\t\t\t\tArt\u00edculo de opini\u00f3n<br \/>\n\t\t\t\t\t\t<strong>23 dic 2025<\/strong> . Actualizado a las 23:39 h.\t\t\t\t\t\t<\/p>\n<p class=\"first-paragraph txt\">\u00ab<strong>Mareo<\/strong> es un\u00a0centro de alto rendimiento de los m\u00e1ximos niveles que hay, olv\u00eddate de Europa, <strong>en el mundo<\/strong>. Porque lo es\u00bb. La frase, pronunciada por <strong>Alejandro Irarragorri<\/strong> tras la Junta Ordinaria de accionistas del <strong>Real Sporting de Gij\u00f3n<\/strong> a comienzos de mes, se me qued\u00f3 <strong>clavada<\/strong> desde el primer momento y as\u00ed permanece hasta hoy. No tanto por lo que dice, sino por lo que revela.<\/p>\n<p class=\"txt\">No conozco lo suficiente al se\u00f1or Irarragorri como para saber si esa afirmaci\u00f3n <strong>nace de la ambici\u00f3n, de la osad\u00eda o del desconocimiento<\/strong>. Le presupongo lo primero, como hombre de negocios. Por su trayectoria delante de los micr\u00f3fonos, tampoco le resulta ajena la segunda. Pero incluso concedi\u00e9ndole ese margen, cuesta encontrar razones para que un dirigente del f\u00fatbol profesional <strong>suelte una aseveraci\u00f3n as\u00ed<\/strong> sin esperar que alguien le pase la factura. Porque no me creo que no sea consciente de lo que ha dicho.<\/p>\n<p class=\"txt\"><strong>No, se\u00f1or Irarragorri, Mareo no es hoy ninguna referencia mundial<\/strong>. Y eso usted lo sabe. Por obligaci\u00f3n ineludible. Ha visitado diferentes ciudades deportivas, conoce bien la industria del f\u00fatbol\u00a0y su funcionamiento m\u00e1s all\u00e1 de lo que ocurre sobre el verde y, precisamente por eso, no puede despachar una frase de ese calibre como si fuera inocua. De hecho, puede que hoy est\u00e9 <strong>m\u00e1s alejado que nunca de su potencial real<\/strong>.<\/p>\n<p class=\"txt\">&#13;<br \/>\n\t\t&#13;<br \/>\n\t\t\t&#13;<br \/>\n\t\t&#13;<br \/>\n\t\t&#13;<br \/>\n\t\t&#13;<br \/>\n\t\t\t\t\t\t\t\t\t\t\t\t&#13;<br \/>\n\t\t\t\t\t\t\t\t&#13;<br \/>\n&#13;<br \/>\n&#13;<\/p>\n<p>\t\t\t&#13;<br \/>\n\t&#13;<\/p>\n<p>\t\t\t<a href=\"https:\/\/www.lavozdeasturias.es\/noticia\/sporting1905\/2025\/12\/23\/tridente-ofensivo-sporting-supera-85-segunda\/00031766505899411269576.htm\" data-analytics=\"link-embed\" rel=\"nofollow noopener\" target=\"_blank\">El tridente ofensivo del Sporting supera al 85% de Segunda<\/a><\/p>\n<p class=\"a-min-author\">\n<p>\t\t\t\t\t\t\t\t\t\t\tDani Souto<\/p>\n<p>\t&#13;<br \/>\n\t&#13;<br \/>\n&#13;<br \/>\n\t\t\t\t&#13;<br \/>\n\t\t\t\t&#13;<br \/>\n\t&#13;<br \/>\n\t\t\t&#13;<br \/>\n\t\t\t&#13;<br \/>\n\t\t&#13;\n<\/p>\n<p class=\"txt\">Est\u00e1 muy bien tener un tanque terap\u00e9utico, incorporar tecnolog\u00eda y maquinaria adaptada a los tiempos actuales para modernizar cl\u00ednicas o gimnasios, tan necesarios en el d\u00eda a d\u00eda. <strong>Ser\u00eda absurdo criticar una remodelaci\u00f3n<\/strong> que durante a\u00f1os reclam\u00e9 ante unas instalaciones claramente obsoletas. Pero en el f\u00fatbol, como en cualquier negocio serio, <strong>no todo se construye a base de ladrillo y hormig\u00f3n<\/strong>. Y eso usted, como hombre de negocios, lo sabe a conciencia.<\/p>\n<p class=\"txt\">Mareo ha mejorado su envoltorio, pero <strong>por dentro sigue transmitiendo frialdad y desorden<\/strong>. Cambios constantes de nombres, discursos reciclados, intenciones que suenan a m\u00fasica celestial y que no se trasladan en hechos. Otra vez. Muchas palabras. Las realidades, sin embargo, <strong>quedan muy alejadas de ese relato<\/strong>. Y ah\u00ed est\u00e1 el verdadero problema. Porque si todo fuera cuesti\u00f3n de discurso, ya sabemos que en el f\u00fatbol se digieren bien las enso\u00f1aciones. <strong>Hay &#8216;valientes&#8217; que incluso hablan de Europa<\/strong>, y no resulta necesario\u00a0irse a 35 kil\u00f3metros para comprobarlo. Aqu\u00ed tambi\u00e9n hay experiencia en eso, y ahora con m\u00e1s poder que nunca. <a class=\"link-txt interno\" href=\"https:\/\/www.lavozdeasturias.es\/noticia\/sporting1905\/2023\/10\/19\/riestra-sonar-alcanzar-champions-sporting\/00031697732419055295408.htm\" target=\"_blank\" rel=\"nofollow noopener\">La hemeroteca no perdona<\/a>.<\/p>\n<p class=\"txt\">Ojal\u00e1 realmente el problema fuese de discurso, <strong>pero es de fondo<\/strong>. Cuando el m\u00e1ximo accionista vende Mareo como referencia mundial, lo que proyecta es una <strong>desconexi\u00f3n preocupante con la realidad<\/strong>. Los discursos suelen edulcorarse, omitir lo inc\u00f3modo o maquillar verdades. Pero esto va m\u00e1s all\u00e1. Si se habla solo de instalaciones, basta comparar desde fuera para saber que no es cierto. Y usted tambi\u00e9n lo sabe. Entiendo que no puede ser eso. Hace cuarenta a\u00f1os quiz\u00e1 colaba. <strong>Hoy, es mucho m\u00e1s accesible medirte con Mareo<\/strong>. Ya no digo nada si miramos a otros pa\u00edses m\u00e1s fuertes en inversi\u00f3n. Y si se refiere a\u00a0algo m\u00e1s que hormig\u00f3n, entonces <strong>el autoenga\u00f1o me parece a\u00fan m\u00e1s peligroso<\/strong>.<\/p>\n<p class=\"txt\">El propio <strong>David Guerra<\/strong>, ahora en un rol m\u00e1s relajado, mostr\u00f3 incluso cierto <strong>atisbo de sorpresa<\/strong> hace meses cuando le <a class=\"link-txt interno\" href=\"https:\/\/www.lavozdeasturias.es\/noticia\/sporting1905\/2024\/11\/06\/cantera-sporting-paso-gran-olvidada-apuesta-mensajes-realidades\/00031730928024172542537.htm\" target=\"_blank\" rel=\"nofollow noopener\">traslad\u00e9 p\u00fablicamente en una rueda de prensa la cuesti\u00f3n de un Mareo desatendido<\/a>. Y defendi\u00f3 todo lo contrario. Resulta dif\u00edcil creer que el hasta hace dos d\u00edas presidente ejecutivo de la entidad <strong>desconozca la situaci\u00f3n contractual de sus t\u00e9cnicos<\/strong> de distintas \u00e1reas, con contratos parciales, jornadas que se alargan m\u00e1s de lo que se paga, camufladas como exigencia interna, y una estructura muy poco optimizada. El gasto es alto, como siempre. La eficiencia y la profesionalizaci\u00f3n real,<strong> bajo m\u00ednimos<\/strong>. Y no por el trabajo de quienes van all\u00ed a diario. El primer problema de Mareo es de inversi\u00f3n.<\/p>\n<p class=\"txt\">La sensaci\u00f3n es que quienes toman decisiones <strong>viven en realidad alejados del d\u00eda a d\u00eda de la cantera<\/strong>. Aunque en su discurso Irarragorri insistiera en que es algo \u00abfundamental\u00bb dentro de su gesti\u00f3n. No se trata de observar simplemente la cifra final en un balance -demasiado elevada para un club anclado nueve a\u00f1os en Segunda-, sino de percibir y palpar realmente lo que sucede sobre el terreno.\u00a0En eso <strong>no parecen diferenciarse tanto de otros\u00a0<\/strong>viejos conocidos.<\/p>\n<p class=\"txt\">Para colmo, en esa misma rueda de prensa volvi\u00f3 a aparecer el comod\u00edn de la \u00ab<strong>profesionalizaci\u00f3n<\/strong>\u00bb, esta vez en boca de <strong>Jos\u00e9 Riestra<\/strong>. O no saben lo que hay fuera, <strong>o no conocen lo que tienen dentro<\/strong>. Lo cual es peor. Porque hoy, vender Mareo como una cantera profesionalizada es una <strong>temeridad.<\/strong> Primero los hechos y luego las palabras. No al rev\u00e9s. Y ya nos conocemos de hace m\u00e1s de tres a\u00f1os como para haber hecho muchas m\u00e1s realidades en ese sentido.<\/p>\n<p class=\"txt\">&#13;<br \/>\n\t\t&#13;<br \/>\n\t\t\t&#13;<br \/>\n\t\t&#13;<br \/>\n\t\t&#13;<br \/>\n\t\t&#13;<br \/>\n\t\t\t\t\t\t\t\t\t\t\t\t&#13;<br \/>\n\t\t\t\t\t\t\t\t&#13;<br \/>\n&#13;<br \/>\n&#13;<\/p>\n<p>\t\t\t&#13;<br \/>\n\t&#13;<\/p>\n<p>\t\t\t<a href=\"https:\/\/www.lavozdeasturias.es\/noticia\/sporting1905\/2025\/12\/23\/sporting-sube-inversion-futbolistas-intentar-ascender\/00031766516606842692185.htm\" data-analytics=\"link-embed\" rel=\"nofollow noopener\" target=\"_blank\">El Sporting sube la inversi\u00f3n en futbolistas para intentar ascender<\/a><\/p>\n<p class=\"a-min-author\">\n<p>\t\t\t\t\t\t\t\t\t\t\tDani Souto<\/p>\n<p>\t&#13;<br \/>\n\t&#13;<br \/>\n&#13;<br \/>\n\t\t\t\t&#13;<br \/>\n\t\t\t\t&#13;<br \/>\n\t&#13;<br \/>\n\t\t\t&#13;<br \/>\n\t\t\t&#13;<br \/>\n\t\t&#13;\n<\/p>\n<p class=\"txt\">Y un apunte final, se\u00f1or Irarragorri. Si ya no le preocupa que <strong>otros clubes \u00abroben\u00bb jugadores de Mareo<\/strong>, mejor no pregunte por Girona qu\u00e9 tal le van las cosas a dos chavales asturianos que destacaban en una gran generaci\u00f3n juvenil rojiblanca hasta el pasado verano. Esos discursos son tan ambiciosos como peligrosos. <strong>Y\u00a0suelen tener memoria<\/strong>: casi siempre terminan volvi\u00e9ndose en contra con el paso del tiempo.<\/p>\n<p>&#13;<br \/>\n\tArchivado en:&#13;<br \/>\n\t\t\t\t\t<a href=\"https:\/\/www.lavozdeasturias.es\/temas\/sporting-de-gijon\/\" target=\"_blank\" class=\"mg-l\" rel=\"nofollow noopener\">Sporting de Gij\u00f3n<\/a>&#13;<br \/>\n\t&#13;<\/p>\n","protected":false},"excerpt":{"rendered":"El presidente de LaLiga, Javier Tebas (d) y el presidente del Grupo Orlegi Sport, Alejandro Irarragorri, durante su&hellip;\n","protected":false},"author":2,"featured_media":304279,"comment_status":"","ping_status":"","sticky":false,"template":"","format":"standard","meta":{"footnotes":""},"categories":[268],"tags":[168,25,24,280,282,281,23,4783,167],"class_list":{"0":"post-304278","1":"post","2":"type-post","3":"status-publish","4":"format-standard","5":"has-post-thumbnail","7":"category-futbol","8":"tag-deportes","9":"tag-es","10":"tag-espana","11":"tag-football","12":"tag-futbol","13":"tag-soccer","14":"tag-spain","15":"tag-sporting-de-gijon","16":"tag-sports"},"share_on_mastodon":{"url":"https:\/\/pubeurope.com\/@es\/115772180796506397","error":""},"_links":{"self":[{"href":"https:\/\/www.europesays.com\/es\/wp-json\/wp\/v2\/posts\/304278","targetHints":{"allow":["GET"]}}],"collection":[{"href":"https:\/\/www.europesays.com\/es\/wp-json\/wp\/v2\/posts"}],"about":[{"href":"https:\/\/www.europesays.com\/es\/wp-json\/wp\/v2\/types\/post"}],"author":[{"embeddable":true,"href":"https:\/\/www.europesays.com\/es\/wp-json\/wp\/v2\/users\/2"}],"replies":[{"embeddable":true,"href":"https:\/\/www.europesays.com\/es\/wp-json\/wp\/v2\/comments?post=304278"}],"version-history":[{"count":0,"href":"https:\/\/www.europesays.com\/es\/wp-json\/wp\/v2\/posts\/304278\/revisions"}],"wp:featuredmedia":[{"embeddable":true,"href":"https:\/\/www.europesays.com\/es\/wp-json\/wp\/v2\/media\/304279"}],"wp:attachment":[{"href":"https:\/\/www.europesays.com\/es\/wp-json\/wp\/v2\/media?parent=304278"}],"wp:term":[{"taxonomy":"category","embeddable":true,"href":"https:\/\/www.europesays.com\/es\/wp-json\/wp\/v2\/categories?post=304278"},{"taxonomy":"post_tag","embeddable":true,"href":"https:\/\/www.europesays.com\/es\/wp-json\/wp\/v2\/tags?post=304278"}],"curies":[{"name":"wp","href":"https:\/\/api.w.org\/{rel}","templated":true}]}}