{"id":304282,"date":"2025-12-24T02:30:12","date_gmt":"2025-12-24T02:30:12","guid":{"rendered":"https:\/\/www.europesays.com\/es\/304282\/"},"modified":"2025-12-24T02:30:12","modified_gmt":"2025-12-24T02:30:12","slug":"el-ano-que-rtve-cabalgo-de-polemica-en-polemica","status":"publish","type":"post","link":"https:\/\/www.europesays.com\/es\/304282\/","title":{"rendered":"el a\u00f1o que RTVE cabalg\u00f3 de pol\u00e9mica en pol\u00e9mica"},"content":{"rendered":"<p><strong>Jos\u00e9 Pablo L\u00f3pez<\/strong>, presidente de <strong>Radiotelevisi\u00f3n Espa\u00f1ola<\/strong>, puede estar satisfecho con el resultado que obtendr\u00e1 La 1 en 2025. A falta de una semana para cerrar el a\u00f1o, la audiencia media anual de la primera cadena rondar\u00e1 el 11% de share, lo que implicar\u00e1 una subida de medio punto con respecto al a\u00f1o anterior y de 1,3 sobre 2023. <\/p>\n<p>No hace tanto, en 2021, esta cadena finalizaba con el 8,8% y declaraba el peor ejercicio de su historia. La situaci\u00f3n es mucho mejor.<\/p>\n<p>El actual equipo directivo de la corporaci\u00f3n ha acertado con varias de sus decisiones y ha sabido aprovechar para crecer el momento especialmente sensible de las cadenas privadas, afectadas por dos monstruos que han llenado su futuro de incertidumbre, como son la dr\u00e1stica ca\u00edda del consumo de televisi\u00f3n y el paulatino descenso de la inversi\u00f3n publicitaria, que, en realidad, es una consecuencia de lo primero.<\/p>\n<p>El Gobierno de <a href=\"https:\/\/www.elindependiente.com\/etiquetas\/pedro-sanchez\/\" rel=\"nofollow noopener\" target=\"_blank\">Pedro S\u00e1nchez<\/a> ha garantizado durante los \u00faltimos ejercicios un presupuesto superior a los <strong>1.200 millones de euros<\/strong> a la corporaci\u00f3n, lo que le ha permitido mantener su competitividad y su capacidad de gasto en un momento de dudas para el resto del sector.<\/p>\n<p>La pasi\u00f3n, seg\u00fan Gonzalo Mir\u00f3<\/p>\n<p>Lo que sucede es que la \u00faltima etapa de RTVE ha estado salpicada por m\u00faltiples pol\u00e9micas, relacionadas con los contenidos de sus programas de info-entretenimiento. Es decir, los que presentan <strong>Javier Ruiz, Marta Flich, Gonzalo Mir\u00f3 y Jes\u00fas Cintora<\/strong>.<\/p>\n<p>No hab\u00edan pasado unas semanas desde que la televisi\u00f3n p\u00fablica contratara a los antiguos socios de La F\u00e1brica de la Tele (La Osa Producciones) para realizar Directo al grano, cuando Mir\u00f3 pronunci\u00f3 la siguiente frase sobre <strong>Carlos Maz\u00f3n<\/strong> y su comida con Maribel Villaplana en el restaurante El Ventorro el d\u00eda de la dana, en octubre de 2024. \u201cDe momento no sabemos que pas\u00f3 en esa comida tan larga. No sabemos si estaba despierto, estaba dormido, si ten\u00eda los pantalones puestos o quitados o cu\u00e1l era su tasa de alcohol en sangre\u201d.<\/p>\n<p>El Consejo de Informativos de TVE arremeti\u00f3 contra este discurso y lo calific\u00f3 de mala praxis. \u00abEs inaceptable que un presentador, que no debe dar opini\u00f3n, lo haga con supuestos hechos no documentados, sin ning\u00fan fundamento ni prueba. Por tanto, con informaci\u00f3n no veraz. Aunque Gonzalo Mir\u00f3 sea personal externo a RTVE y contratado por una productora, debe cumplir con nuestra normativa\u00bb, expuso.<\/p>\n<p>Y a\u00f1adi\u00f3: \u201cLa Direcci\u00f3n no ha rectificado estas declaraciones y tampoco ha respondido a nuestros requerimientos\u00bb.<\/p>\n<p>Audiencia estable<\/p>\n<p>Este g\u00e9nero del infotainment, que mezcla informaci\u00f3n con opini\u00f3n, ha ayudado a L\u00f3pez a estabilizar la audiencia de La 1 en tramos donde se hund\u00eda, hasta el punto que actualmente hay franjas del d\u00eda en las que no desciende por debajo de la barrera psicol\u00f3gica del 10%.<\/p>\n<p>Pero el elevado nivel de cr\u00edtica a la oposici\u00f3n y la exposici\u00f3n constante de los temas que forman parte de la agenda del PSOE y del Gobierno han provocado m\u00faltiples reacciones airadas, tanto por la actitud de los presentadores como de los contertulios.<\/p>\n<p><strong>A Ruiz le se\u00f1alaron por difundir la noticia falsa<\/strong> que explicaba el falso deseo de un capit\u00e1n de la UCO de situar una bomba lapa debajo del coche del presidente del Gobierno. Cabe recordar que la conversaci\u00f3n que sosten\u00eda esa noticia \u2013revelada por El Plural&#8211; proced\u00eda de un chat entre el citado Guardia Civil y un confidente que hab\u00eda sido manipulado, dado que, en su versi\u00f3n original, ilustraba sobre el miedo de su protagonista a sufrir alguna represalia como consecuencia de sus investigaciones.<\/p>\n<p>La colaboradora de ese programa, <strong>Sarah P\u00e9rez Santaolalla<\/strong>, afirm\u00f3 en una intervenci\u00f3n en ese programa: \u00abHay que ser muy idiota o tener muy poca informaci\u00f3n para seguir crey\u00e9ndote al <strong>Partido Popular o a Vox<\/strong>\u00ab. Aquello sucedi\u00f3 en agosto. Voces de los dos partidos exigieron que se tomaran medidas contra la contertulia, pero desde RTVE afirmaron que hab\u00eda matizado sus palabras en una intervenci\u00f3n posterior, en el programa de Cintora.<\/p>\n<p>Unas semanas despu\u00e9s, el Consejo de Administraci\u00f3n de la corporaci\u00f3n emiti\u00f3 un comunicado \u2013con los votos en contra de los 4 vocales designados por el PP&#8211; en el que defendi\u00f3 a <strong>P\u00e9rez Sanraolalla y a Laura Arroyo <\/strong>ante los insultos y descalificaciones que hab\u00edan sufrido en las fechas previas. Arroyo, por cierto, trabaja en Canal Red, la empresa de Pablo Iglesias, que cuenta con varias sillas en las tertulias de RTVE, incluida la que ocupa Iglesias de forma peri\u00f3dica.<\/p>\n<p>La &#8216;denuncia&#8217; a Adolfo Suarez<\/p>\n<p>Estos son s\u00f3lo algunos ejemplos de todos los que se han producido durante los \u00faltimos meses, relacionados con contenidos de dudosa imparcialidad y veracidad. Se podr\u00edan sumar otros, como el que tiene que ver con el testimonio de una ciudadana, de nombre Ariadna, presentado contra <strong>Adolfo Su\u00e1rez<\/strong>; o aquella conexi\u00f3n en directo, de Javier Ruiz, en la que present\u00f3 como \u201csanitaria\u201d a una auxiliar y liberada sindical de un hospital de Sevilla, en un contexto de fuerte cr\u00edtica a la gesti\u00f3n por parte del Gobierno de Juan Manuel Moreno.<\/p>\n<p>Entre enero y octubre, Ma\u00f1aneros cost\u00f3 m\u00e1s de 9 millones de euros, al igual que Malas Lenguas. El primero lo produce La Cometa TV, mientras que el segundo, Big Bang Media, de Mediapro. El presupuesto de Directo al grano ha ascendido a 3,7 millones.<\/p>\n<p>RTVE celebrar\u00e1 este mi\u00e9rcoles una nueva edici\u00f3n de <strong>Telepasi\u00f3n <\/strong>y lo podr\u00e1 hacer con el orgullo de haber logrado su mejor audiencia desde 2012, aunque con el buz\u00f3n de cr\u00edticas abarrotado.<\/p>\n<p>PUBLICIDAD<\/p>\n","protected":false},"excerpt":{"rendered":"Jos\u00e9 Pablo L\u00f3pez, presidente de Radiotelevisi\u00f3n Espa\u00f1ola, puede estar satisfecho con el resultado que obtendr\u00e1 La 1 en&hellip;\n","protected":false},"author":2,"featured_media":304283,"comment_status":"","ping_status":"","sticky":false,"template":"","format":"standard","meta":{"footnotes":""},"categories":[171],"tags":[146,147,25,24,1827,518,23,807,214],"class_list":{"0":"post-304282","1":"post","2":"type-post","3":"status-publish","4":"format-standard","5":"has-post-thumbnail","7":"category-tv","8":"tag-entertainment","9":"tag-entretenimiento","10":"tag-es","11":"tag-espana","12":"tag-medios","13":"tag-rtve","14":"tag-spain","15":"tag-television","16":"tag-tv"},"share_on_mastodon":{"url":"https:\/\/pubeurope.com\/@es\/115772196333452155","error":""},"_links":{"self":[{"href":"https:\/\/www.europesays.com\/es\/wp-json\/wp\/v2\/posts\/304282","targetHints":{"allow":["GET"]}}],"collection":[{"href":"https:\/\/www.europesays.com\/es\/wp-json\/wp\/v2\/posts"}],"about":[{"href":"https:\/\/www.europesays.com\/es\/wp-json\/wp\/v2\/types\/post"}],"author":[{"embeddable":true,"href":"https:\/\/www.europesays.com\/es\/wp-json\/wp\/v2\/users\/2"}],"replies":[{"embeddable":true,"href":"https:\/\/www.europesays.com\/es\/wp-json\/wp\/v2\/comments?post=304282"}],"version-history":[{"count":0,"href":"https:\/\/www.europesays.com\/es\/wp-json\/wp\/v2\/posts\/304282\/revisions"}],"wp:featuredmedia":[{"embeddable":true,"href":"https:\/\/www.europesays.com\/es\/wp-json\/wp\/v2\/media\/304283"}],"wp:attachment":[{"href":"https:\/\/www.europesays.com\/es\/wp-json\/wp\/v2\/media?parent=304282"}],"wp:term":[{"taxonomy":"category","embeddable":true,"href":"https:\/\/www.europesays.com\/es\/wp-json\/wp\/v2\/categories?post=304282"},{"taxonomy":"post_tag","embeddable":true,"href":"https:\/\/www.europesays.com\/es\/wp-json\/wp\/v2\/tags?post=304282"}],"curies":[{"name":"wp","href":"https:\/\/api.w.org\/{rel}","templated":true}]}}