{"id":304301,"date":"2025-12-24T02:44:10","date_gmt":"2025-12-24T02:44:10","guid":{"rendered":"https:\/\/www.europesays.com\/es\/304301\/"},"modified":"2025-12-24T02:44:10","modified_gmt":"2025-12-24T02:44:10","slug":"las-inciertas-navidades-de-rahm","status":"publish","type":"post","link":"https:\/\/www.europesays.com\/es\/304301\/","title":{"rendered":"Las inciertas Navidades de Rahm"},"content":{"rendered":"<p class=\"\">Jon Rahm disfruta desde hace semanas, concretamente desde el<a href=\"https:\/\/as.com\/masdeporte\/golf\/\" target=\"_self\" rel=\"nofollow noopener\" title=\"https:\/\/as.com\/masdeporte\/golf\/\"> Open de Espa\u00f1a<\/a> disputado a principios de octubre, de las vacaciones m\u00e1s largas de su carrera profesional. <b>Que no las m\u00e1s tranquilas, porque son el preludio de un 2026 que se presenta con un inmenso interrogante<\/b> sobre la figura del vizca\u00edno. <\/p>\n<p class=\"\">El que representa el proceso judicial que tendr\u00e1 que afrontar con <b>las multas que adeuda al circuito europeo desde su fichaje por el LIV como causa<\/b>. Una cifra desconocida pero millonaria si se toman como baremo las 100.000 libras (cerca de 115.000 euros) con las que el DP World Tour (su nombre comercial) sancion\u00f3 a los participantes en el torneo inaugural de la superliga saud\u00ed en el verano de 2022 y la normativa al respecto, que estipula<b> una nueva multa por cada torneo<\/b> de esa estructura que sus miembros juegan en semanas en las que tambi\u00e9n hay programado uno del DP World Tour. <\/p>\n<p class=\"\"><b>En juego est\u00e1 la membres\u00eda de Rahm en esa organizaci\u00f3n, y con ella su elegibilidad para la Ryder Cup que acoger\u00e1 Adare Manor en 2027<\/b>, pues las regulaciones del antiguamente conocido como European Tour establecen que para poder figurar en el equipo del Viejo Continente el jugador tiene que estar adscrito al ente que organiza la bienal a este lado del Atl\u00e1ntico. Todo esto suponiendo que, en caso de un veredicto desfavorable, <b>Rahmbo se mantenga en la postura ya anunciada de que no piensa pagar un c\u00e9ntimo<\/b>. De producirse un cambio de opini\u00f3n, el problema eventualmente desaparecer\u00eda, como ha ocurrido esta temporada con Sergio Garc\u00eda, que decidi\u00f3 saldar las cuentas pendientes con tal de poder entrar en el radar de Luke Donald de cara a Bethpage Black. <b>Rahm, por su parte, decidi\u00f3 apelar contra ellas junto a su compa\u00f1ero Tyrrell Hatton y quedaron suspendidas cautelarmente<\/b>, con lo que pudo ser de la partida en tierras neoyorquinas, donde fue instrumental una vez m\u00e1s.<\/p>\n<p><img decoding=\"async\" src=\"https:\/\/www.europesays.com\/es\/wp-content\/uploads\/2025\/12\/WXKF2N25YJJN7MTNEBFKNLP5W4.jpg\" alt=\"Las inciertas Navidades de Rahm\" height=\"3636\" width=\"5454\"   loading=\"lazy\"\/>Rahm y Hatton, en la \u00faltima Ryder Cup. RICHARD HEATHCOTE<\/p>\n<p class=\"\">Lo cierto es que, de abonarlas finalmente, tampoco quedar\u00eda del todo enterrado el asunto. Mientras no se produzca un entendimiento entre circuitos el contador volver\u00e1 a arrancar en el momento en el que vuelva a jugar citas del LIV coincidentes con las de su contraparte. <b>Y ya no cuenta con el respaldo de sus \u2018jefes\u2019 en este asunto, dado que hace unos meses anunciaron que no destinar\u00e1n m\u00e1s dinero al pago de multas de sus jugadores por ahora<\/b>, tras dedicar a esta partida m\u00e1s de 15 millones de libras (unos 17 de euros) desde su nacimiento seg\u00fan varias estimaciones. Se calcula que entre todas las sanciones se adeudan todav\u00eda entre 8 y 10 millones. Lo que s\u00ed est\u00e1 haciendo el LIV por sus miembros, seg\u00fan asegur\u00f3 recientemente su CEO, Scott O\u2019Neil, en una entrevista este mes con The Telegraph,<b> es buscar un acuerdo extrajudicial con el DP World Tour que ponga fin al conflicto<\/b>, y que espera tener listo \u201cantes de que empiece la temporada\u201d. Es decir, entre lo que queda de este mes y la primera semana de febrero, cuando arrancar\u00e1 el calendario 2026 de la superliga en Riad. <\/p>\n<p>Malos precedentes<\/p>\n<p class=\"\">La necesidad del LIV de buscar un acuerdo viene dada porque la mano con la que juega esta partida de p\u00f3ker es mala. En un caso similar en 2023 que involucr\u00f3 a Sergio Garc\u00eda y a los ingleses Ian Poulter y Lee Westwood, de los primeros en incorporarse al entonces novedoso circuito, <b>el panel legal independiente encargado del juicio dio la raz\u00f3n a un DP World Tour que, preguntado por este peri\u00f3dico, no ofrece por ahora una fecha concreta para la vista<\/b>, convenientemente retrasada hasta pasada la Ryder para que no tuviera influencia en la confecci\u00f3n del equipo europeo que termin\u00f3 resultando ganador. <\/p>\n<p class=\"\">Nada hace indicar que esta vez los jueces vayan a tomar otra direcci\u00f3n, as\u00ed que, si no se produce un acuerdo, la pelota estar\u00e1 en el tejado de Rahm y del LIV. <b>Pagar o renunciar a la Ryder, algo que ser\u00eda perjudicial para todos los implicados<\/b>. Incluido el DP World Tour, que no tiene ning\u00fan inter\u00e9s especial en no poder contar con el espa\u00f1ol ni con Hatton en Adare Manor, una edici\u00f3n marcada en rojo por representar el centenario de la competici\u00f3n. Ese aspecto es, principalmente, la gran baza de los jugadores para salirse con la suya.<b> De hecho podr\u00eda decirse que el circuito europeo est\u00e1 en un callej\u00f3n sin salida: si cede tendr\u00e1 podr\u00eda tener problemas con los que han pagado por agravio comparativo; si no lo hace, se arriesga a perder dos activos valios\u00edsimos de cara al evento que constituye su mayor fuente de financiaci\u00f3n con diferencia<\/b>. Aunque hay una soluci\u00f3n potencialmente satisfactoria para todos, que pasar\u00eda por mantenerse firmes en el pago de lo acumulado hasta ahora y a la vez mostrar cintura dejando de imponer nuevas multas a partir de 2026. La inc\u00f3gnita quedar\u00e1 despejada pronto.<\/p>\n<p>Noticias relacionadas<a href=\"https:\/\/as.com\/masdeporte\/kerman-ahora-veo-doble-y-antes-no-podia-ni-hablar-f202512-n\/\" class=\"s_m_w\" title=\"El exboxeador que marc\u00f3 una \u00e9poca en Espa\u00f1a habla de las secuelas del deporte que tanto engrandeci\u00f3.\" data-tb-link=\"\" rel=\"nofollow noopener\" target=\"_blank\"><img decoding=\"async\" src=\"https:\/\/www.europesays.com\/es\/wp-content\/uploads\/2025\/12\/E6JVFROKKRK3DAMXMRNBCPDZNE.jpg\" alt=\"Kerman: \u201cAhora veo doble y antes no pod\u00eda ni hablar\u201d\" class=\"\" height=\"9\" width=\"16\"   loading=\"lazy\" data-tb-thumbnail=\"\"\/><\/a><a href=\"https:\/\/as.com\/masdeporte\/polideportivo\/el-capitan-que-jugaba-con-el-cruzado-roto-deja-los-redsticks-f202512-n\/\" class=\"s_m_w\" title=\"\u00c1lvaro Iglesias anuncia su retirada de la Selecci\u00f3n espa\u00f1ola, en la que debut\u00f3 en 2014, con 32 a\u00f1os, 246 partidos, dos podios europeos y tres diplomas ol\u00edmpicos a sus espaldas.\" data-tb-link=\"\" rel=\"nofollow noopener\" target=\"_blank\"><img decoding=\"async\" src=\"https:\/\/www.europesays.com\/es\/wp-content\/uploads\/2025\/12\/ULB63A5TFZAQMHGOBIYDHJRKFI.JPG\" alt=\"El capit\u00e1n que jugaba con el cruzado roto deja los RedSticks\" class=\"\" height=\"9\" width=\"16\"   loading=\"lazy\" data-tb-thumbnail=\"\"\/><\/a><\/p>\n<p class=\"\"><b>\u00a1Tus opiniones importan!<\/b> Comenta en los art\u00edculos y suscr\u00edbete gratis a nuestra <a href=\"https:\/\/asfan.as.com\/newsletters\/\" target=\"_blank\" rel=\"nofollow noopener\" title=\"https:\/\/asfan.as.com\/newsletters\/\">newsletter<\/a> y a las alertas informativas en la <a href=\"https:\/\/as.com\/aplicacion-de-as-n\/\" target=\"_blank\" rel=\"nofollow noopener\" title=\"https:\/\/as.com\/aplicacion-de-as-n\/\">App<\/a> o el canal de <a href=\"https:\/\/www.whatsapp.com\/channel\/0029VaAasdA7j6g745nz9M10\" target=\"_blank\" rel=\"nofollow noopener\" title=\"https:\/\/www.whatsapp.com\/channel\/0029VaAasdA7j6g745nz9M10\">WhatsApp<\/a>.<\/p>\n<p class=\"\">\u00bfBuscas licenciar contenido? Haz clic <a href=\"https:\/\/profesional.elpais.com\/soluciones-sindicacion?utm_medium=interno&amp;utm_source=crosslinking&amp;utm_campaign=sindicacion_as_pie_articulos\" target=\"_blank\" rel=\"nofollow noopener\" title=\"https:\/\/profesional.elpais.com\/soluciones-sindicacion?utm_medium=interno&amp;utm_source=crosslinking&amp;utm_campaign=sindicacion_as_pie_articulos\">aqu\u00ed<\/a><\/p>\n","protected":false},"excerpt":{"rendered":"Jon Rahm disfruta desde hace semanas, concretamente desde el Open de Espa\u00f1a disputado a principios de octubre, de&hellip;\n","protected":false},"author":2,"featured_media":304302,"comment_status":"","ping_status":"","sticky":false,"template":"","format":"standard","meta":{"footnotes":""},"categories":[275],"tags":[168,25,24,329,23,167],"class_list":{"0":"post-304301","1":"post","2":"type-post","3":"status-publish","4":"format-standard","5":"has-post-thumbnail","7":"category-golf","8":"tag-deportes","9":"tag-es","10":"tag-espana","11":"tag-golf","12":"tag-spain","13":"tag-sports"},"share_on_mastodon":{"url":"https:\/\/pubeurope.com\/@es\/115772252570133076","error":""},"_links":{"self":[{"href":"https:\/\/www.europesays.com\/es\/wp-json\/wp\/v2\/posts\/304301","targetHints":{"allow":["GET"]}}],"collection":[{"href":"https:\/\/www.europesays.com\/es\/wp-json\/wp\/v2\/posts"}],"about":[{"href":"https:\/\/www.europesays.com\/es\/wp-json\/wp\/v2\/types\/post"}],"author":[{"embeddable":true,"href":"https:\/\/www.europesays.com\/es\/wp-json\/wp\/v2\/users\/2"}],"replies":[{"embeddable":true,"href":"https:\/\/www.europesays.com\/es\/wp-json\/wp\/v2\/comments?post=304301"}],"version-history":[{"count":0,"href":"https:\/\/www.europesays.com\/es\/wp-json\/wp\/v2\/posts\/304301\/revisions"}],"wp:featuredmedia":[{"embeddable":true,"href":"https:\/\/www.europesays.com\/es\/wp-json\/wp\/v2\/media\/304302"}],"wp:attachment":[{"href":"https:\/\/www.europesays.com\/es\/wp-json\/wp\/v2\/media?parent=304301"}],"wp:term":[{"taxonomy":"category","embeddable":true,"href":"https:\/\/www.europesays.com\/es\/wp-json\/wp\/v2\/categories?post=304301"},{"taxonomy":"post_tag","embeddable":true,"href":"https:\/\/www.europesays.com\/es\/wp-json\/wp\/v2\/tags?post=304301"}],"curies":[{"name":"wp","href":"https:\/\/api.w.org\/{rel}","templated":true}]}}