{"id":304317,"date":"2025-12-24T02:58:08","date_gmt":"2025-12-24T02:58:08","guid":{"rendered":"https:\/\/www.europesays.com\/es\/304317\/"},"modified":"2025-12-24T02:58:08","modified_gmt":"2025-12-24T02:58:08","slug":"valladolid-lidera-la-vacunacion-regional-de-la-gripe-en-ninos-y-aun-asi-un-45-esta-sin-inmunizar","status":"publish","type":"post","link":"https:\/\/www.europesays.com\/es\/304317\/","title":{"rendered":"Valladolid lidera la vacunaci\u00f3n regional de la gripe en ni\u00f1os y a\u00fan as\u00ed un 45% est\u00e1 sin inmunizar"},"content":{"rendered":"<p>Los casos de gripe van creciendo y la campa\u00f1a de vacunaci\u00f3n iniciada en octubre deja, en puertas de los encuentros navide\u00f1os que acelerar\u00e1n la circulaci\u00f3n  &#8230; del virus, casi 700.000 personas vacunadas en Castilla y Le\u00f3n (690.463, a fecha del 15 de diciembre, \u00faltimo dato oficial publicado por la Junta), lo que sit\u00faa el porcentaje de poblaci\u00f3n protegida en el 28,9% si se toma en cuenta el padr\u00f3n total de habitantes. Si se baja al detalle, entre los mayores de 60 a\u00f1os esa protecci\u00f3n que ofrece la vacuna fluct\u00faa entre el 55% de Le\u00f3n y el 65% de Soria. Y entre los ni\u00f1os de menos de nueve a\u00f1os, que entran en los grupos de vacunaci\u00f3n preferente, la inmunizaci\u00f3n presenta coberturas de m\u00e1s de 54% en Valladolid o Salamanca y apenas supera el 41% en Burgos, seg\u00fan recoge el balance oficial de la campa\u00f1a de vacunaci\u00f3n.<\/p>\n<p>\nGrupos preferentes\n<\/p>\n<p>5.969 mujeres embarazadas han recibido la vacuna antigripal esta campa\u00f1a en Castilla y Le\u00f3n<\/p>\n<p class=\"v-p\">La ampliaci\u00f3n de la horquilla de edad de los menores a los que se recomienda la vacunaci\u00f3n antigripal ha sido una de las novedades de esta campa\u00f1a. <a href=\"https:\/\/www.elnortedecastilla.es\/sociedad\/salud\/medicos-reclaman-vacunacion-gripe-ninos-adolescentes-20250925135123-ntrc.html\" title=\"www.elnortedecastilla.es\" data-voc-vtm-id=\"in-text-traffic\" data-mrf-link=\"www.elnortedecastilla.es\" rel=\"nofollow noopener\" target=\"_blank\">Las sociedades estatales de vacun\u00f3logos, infect\u00f3logos y pediatras apuntaban este oto\u00f1o a la necesidad de llegar a los 17 a\u00f1os<\/a>. El \u00faltimo dato que ofrece la Consejer\u00eda de Sanidad cifra en 50.053 los ni\u00f1os de entre seis meses y 9 a\u00f1os que han recibido la vacuna, que en su caso ha sido intranasal y sin pinchazo. 13.036 de ellos residen en Valladolid, a los que se suman otros 3.055 chavales de 9 a 15 a\u00f1os en los que era aconsejable la vacuna por contar con alg\u00fan problema de salud o convivir con personas para las que contraer una infecci\u00f3n gripal supone un riesgo grave.<\/p>\n<p class=\"v-p\">Los profesionales destacan que la gripe sigue siendo una de las infecciones respiratorias que m\u00e1s afecta a la poblaci\u00f3n pedi\u00e1trica. En la mayor parte de los casos, con s\u00edntomas leves o moderados, lo que no resta repercusi\u00f3n en la sobrecarga de las consultas m\u00e9dicas, en el absentismo escolar y tambi\u00e9n en las hospitalizaciones cuando los cuadros se agravan o el ni\u00f1o tiene otros problemas de salud de base. <\/p>\n<p>Potencian el efecto contagiador<\/p>\n<p class=\"v-p\">La inmadurez del sistema inmunol\u00f3gico hace a los menores m\u00e1s proclives a contraer la gripe y a la vez se les ha catalogado como un motor en la transmisi\u00f3n del virus, porque lo eliminan de forma m\u00e1s prolongadas y en concentraciones m\u00e1s elevadas que los adultos y eso facilitar una propagaci\u00f3n que en \u00e9pocas normales se centran en centros educativos y la familia m\u00e1s cercana y en tiempos navide\u00f1os se ampl\u00eda a la familia extensa con las comidas y cenas o a los abuelos que participan en su cuidado durante las vacaciones.<\/p>\n<p class=\"v-p\">Fiebre, tos, dolor de garganta y malestar general son los s\u00edntomas que provoca la gripe en ni\u00f1os cuando cursa de forma leve o moderada. A eso se pueden sumar otitis, sobre todo en menos de 2 a\u00f1os, riesgo de deshidrataci\u00f3n, neumon\u00eda o agravamientos de otras enfermedades cr\u00f3nica en menores con asma, inmunodeficiencias o cardiopat\u00edas, entre otras patolog\u00edas.<\/p>\n<p class=\"v-p\">El consejero de Sanidad, Alejandro V\u00e1zquez, recomendaba este lunes el <a href=\"https:\/\/www.elnortedecastilla.es\/sociedad\/salud\/mascarilla-obligatoria-hospitales-alcanzar-nivel-alto-gripe-20251203153745-ntrc.html\" title=\"www.elnortedecastilla.es\" data-voc-vtm-id=\"in-text-traffic\" data-mrf-link=\"www.elnortedecastilla.es\" rel=\"nofollow noopener\" target=\"_blank\">uso de mascarilla<\/a> a aquellas personas que tengan s\u00edntomas como tos o congesti\u00f3n nasal o fiebre, una medida de protecci\u00f3n que extend\u00eda como precauci\u00f3n para evitar contagios a quienes mantienen contacto con ciudadanos con una salud vulnerable por edad o por lidiar con patolog\u00edas graves.<\/p>\n<p>Octogenarios y m\u00e1s, a la cabeza<\/p>\n<p class=\"v-p\">En el otro extremo de la pir\u00e1mide demogr\u00e1fica est\u00e1n los octogenarios, nonagenarios y centenarios. Son el grupo de edad con m\u00e1s integrantes vacunados: 179.900 en Castilla y Le\u00f3n, a fecha de 15 de diciembre, de los que 109.047 son mujeres y 70.859, hombres, atendiendo a la mayor esperanza de vida de las primeras.<\/p>\n<p class=\"v-p\">Otro de los colectivos de vacunaci\u00f3n preferente son las embarazadas. El registro de dosis administradas arroja que 5.969 mujeres gestantes se han vacunado en Castilla y Le\u00f3n esta campa\u00f1a.<\/p>\n","protected":false},"excerpt":{"rendered":"Los casos de gripe van creciendo y la campa\u00f1a de vacunaci\u00f3n iniciada en octubre deja, en puertas de&hellip;\n","protected":false},"author":2,"featured_media":304318,"comment_status":"","ping_status":"","sticky":false,"template":"","format":"standard","meta":{"footnotes":""},"categories":[92],"tags":[25,24,7749,165,42134,2289,2932,16518,166,23,7589,1607],"class_list":{"0":"post-304317","1":"post","2":"type-post","3":"status-publish","4":"format-standard","5":"has-post-thumbnail","7":"category-salud","8":"tag-es","9":"tag-espana","10":"tag-gripe","11":"tag-health","12":"tag-inmunizar","13":"tag-lidera","14":"tag-ninos","15":"tag-regional","16":"tag-salud","17":"tag-spain","18":"tag-vacunacion","19":"tag-valladolid"},"share_on_mastodon":{"url":"https:\/\/pubeurope.com\/@es\/115772306635441470","error":""},"_links":{"self":[{"href":"https:\/\/www.europesays.com\/es\/wp-json\/wp\/v2\/posts\/304317","targetHints":{"allow":["GET"]}}],"collection":[{"href":"https:\/\/www.europesays.com\/es\/wp-json\/wp\/v2\/posts"}],"about":[{"href":"https:\/\/www.europesays.com\/es\/wp-json\/wp\/v2\/types\/post"}],"author":[{"embeddable":true,"href":"https:\/\/www.europesays.com\/es\/wp-json\/wp\/v2\/users\/2"}],"replies":[{"embeddable":true,"href":"https:\/\/www.europesays.com\/es\/wp-json\/wp\/v2\/comments?post=304317"}],"version-history":[{"count":0,"href":"https:\/\/www.europesays.com\/es\/wp-json\/wp\/v2\/posts\/304317\/revisions"}],"wp:featuredmedia":[{"embeddable":true,"href":"https:\/\/www.europesays.com\/es\/wp-json\/wp\/v2\/media\/304318"}],"wp:attachment":[{"href":"https:\/\/www.europesays.com\/es\/wp-json\/wp\/v2\/media?parent=304317"}],"wp:term":[{"taxonomy":"category","embeddable":true,"href":"https:\/\/www.europesays.com\/es\/wp-json\/wp\/v2\/categories?post=304317"},{"taxonomy":"post_tag","embeddable":true,"href":"https:\/\/www.europesays.com\/es\/wp-json\/wp\/v2\/tags?post=304317"}],"curies":[{"name":"wp","href":"https:\/\/api.w.org\/{rel}","templated":true}]}}