{"id":304327,"date":"2025-12-24T03:03:19","date_gmt":"2025-12-24T03:03:19","guid":{"rendered":"https:\/\/www.europesays.com\/es\/304327\/"},"modified":"2025-12-24T03:03:19","modified_gmt":"2025-12-24T03:03:19","slug":"el-hospital-publico-doctor-rodriguez-lafora-acreditado-como-universitario","status":"publish","type":"post","link":"https:\/\/www.europesays.com\/es\/304327\/","title":{"rendered":"El Hospital p\u00fablico Doctor Rodr\u00edguez Lafora, acreditado como universitario"},"content":{"rendered":"<p>En palabras de la directora gerente del Hospital Universitario Dr. Rodr\u00edguez Lafora, Diana Molina Villaverde, \u201cconvertirnos en hospital universitario reconoce el camino de transformaci\u00f3n que estamos liderando y consolida nuestro papel como hospital de referencia en salud mental: abierto a la comunidad, exigente con la evidencia y centrado en resultados que importan a pacientes y familias\u201d.<\/p>\n<p><strong>Trayectoria docente<\/strong><\/p>\n<p>El hospital cuenta con una amplia y consolidada trayectoria docente, con v\u00ednculos acad\u00e9micos con universidades p\u00fablicas como la Universidad Aut\u00f3noma de Madrid y\u00a0Universidad Rey Juan Carlos, y colaboraciones con universidades privadas como la Universidad Francisco de Vitoria y la Universidad Pontificia de Salamanca, adem\u00e1s de estar desarrollando nuevas alianzas acad\u00e9micas.<\/p>\n<p>El centro acoge alumnado de Enfermer\u00eda, Medicina y Psicolog\u00eda, y prev\u00e9 ampliar su actividad docente a otros grados como Fisioterapia, Terapia Ocupacional y Trabajo Social, as\u00ed como a estudios de posgrado. Asimismo, dispone de una s\u00f3lida experiencia en Formaci\u00f3n Sanitaria Especializada, formando a MIR, PIR y EIR, y ofrece dispositivos asistenciales altamente especializados en salud mental.<\/p>\n<p>El Departamento de Gesti\u00f3n del Conocimiento del Hospital Universitario Dr. Rodr\u00edguez Lafora act\u00faa como nexo estrat\u00e9gico entre las instituciones acad\u00e9micas y el hospital, garantizando una coordinaci\u00f3n eficaz de la actividad docente. Este modelo asegura una acogida estructurada del alumnado, su correcta asignaci\u00f3n a colaboradores docentes y una formaci\u00f3n de calidad, alineada con los est\u00e1ndares asistenciales y docentes del centro.<\/p>\n","protected":false},"excerpt":{"rendered":"En palabras de la directora gerente del Hospital Universitario Dr. Rodr\u00edguez Lafora, Diana Molina Villaverde, \u201cconvertirnos en hospital&hellip;\n","protected":false},"author":2,"featured_media":304328,"comment_status":"","ping_status":"","sticky":false,"template":"","format":"standard","meta":{"footnotes":""},"categories":[8],"tags":[17,18,25,24,13,14,11,19,20,9,10,15,16,23,12,21,22],"class_list":{"0":"post-304327","1":"post","2":"type-post","3":"status-publish","4":"format-standard","5":"has-post-thumbnail","7":"category-espana","8":"tag-breaking-news","9":"tag-breakingnews","10":"tag-es","11":"tag-espana","12":"tag-featured-news","13":"tag-featurednews","14":"tag-headlines","15":"tag-latest-news","16":"tag-latestnews","17":"tag-news","18":"tag-noticias","19":"tag-noticias-destacadas","20":"tag-noticiasdestacadas","21":"tag-spain","22":"tag-titulares","23":"tag-ultimas-noticias","24":"tag-ultimasnoticias"},"share_on_mastodon":{"url":"https:\/\/pubeurope.com\/@es\/115772326283075149","error":""},"_links":{"self":[{"href":"https:\/\/www.europesays.com\/es\/wp-json\/wp\/v2\/posts\/304327","targetHints":{"allow":["GET"]}}],"collection":[{"href":"https:\/\/www.europesays.com\/es\/wp-json\/wp\/v2\/posts"}],"about":[{"href":"https:\/\/www.europesays.com\/es\/wp-json\/wp\/v2\/types\/post"}],"author":[{"embeddable":true,"href":"https:\/\/www.europesays.com\/es\/wp-json\/wp\/v2\/users\/2"}],"replies":[{"embeddable":true,"href":"https:\/\/www.europesays.com\/es\/wp-json\/wp\/v2\/comments?post=304327"}],"version-history":[{"count":0,"href":"https:\/\/www.europesays.com\/es\/wp-json\/wp\/v2\/posts\/304327\/revisions"}],"wp:featuredmedia":[{"embeddable":true,"href":"https:\/\/www.europesays.com\/es\/wp-json\/wp\/v2\/media\/304328"}],"wp:attachment":[{"href":"https:\/\/www.europesays.com\/es\/wp-json\/wp\/v2\/media?parent=304327"}],"wp:term":[{"taxonomy":"category","embeddable":true,"href":"https:\/\/www.europesays.com\/es\/wp-json\/wp\/v2\/categories?post=304327"},{"taxonomy":"post_tag","embeddable":true,"href":"https:\/\/www.europesays.com\/es\/wp-json\/wp\/v2\/tags?post=304327"}],"curies":[{"name":"wp","href":"https:\/\/api.w.org\/{rel}","templated":true}]}}