{"id":304365,"date":"2025-12-24T03:37:13","date_gmt":"2025-12-24T03:37:13","guid":{"rendered":"https:\/\/www.europesays.com\/es\/304365\/"},"modified":"2025-12-24T03:37:13","modified_gmt":"2025-12-24T03:37:13","slug":"paula-es-una-magnifica-decoradora-de-mesas","status":"publish","type":"post","link":"https:\/\/www.europesays.com\/es\/304365\/","title":{"rendered":"Paula es una magn\u00edfica decoradora de mesas"},"content":{"rendered":"<p data-journey-content=\"true\" data-node-id=\"3\" class=\"css-6wxqfj emevuu60\">La Navidad ya est\u00e1 aqu\u00ed y los famosos est\u00e1n empezando a mostrarnos sus dotes culinarias a trav\u00e9s de sus perfiles de redes sociales.<strong data-node-id=\"3.1\"> Esta \u00e9poca es para reunirse con los seres queridos alrededor de una buena mesa llena de ricos platos.<\/strong> Algunos los encargar\u00e1n a buenos restaurantes, pero muchos se atreven a ponerse delante de los fuegos, como es el caso de Miguel Torres. <\/p>\n<p data-journey-content=\"true\" data-node-id=\"6\" class=\"css-6wxqfj emevuu60\">El ex concursante de <a href=\"https:\/\/www.diezminutos.es\/masterchef\/\" target=\"_blank\" data-vars-ga-outbound-link=\"https:\/\/www.diezminutos.es\/masterchef\/\" data-vars-ga-ux-element=\"Hyperlink\" data-vars-ga-call-to-action=\"&#039;Masterchef Celebrity&#039; \" data-node-id=\"6.1\" class=\"body-link css-177bzfx emevuu60\" rel=\"nofollow noopener\">&#8216;Masterchef Celebrity&#8217; <\/a>es un aut\u00e9ntico apasionado de la gastronom\u00eda.\u00bbSiempre cocino en Navidad. Es algo que llevo haciendo ya muchos a\u00f1os\u00bb, desvelaba. \u00bfY su chica de qu\u00e9 se encarga? Miguel contaba que Paula Echevarr\u00eda tiene m\u00e1s mano en lo que se refiere a decoraci\u00f3n. <strong data-node-id=\"6.3\">\u00abPaula es una magn\u00edfica decoradora de mesas<\/strong>, que no es f\u00e1cil porque no es mi talento, yo la decoraci\u00f3n no la llevo tan bien. No, pero cocino yo habitualmente, incluso para nosotros, pero cuando nos juntamos toda la familia tambi\u00e9n. <strong data-node-id=\"6.5\">Ya dejamos a las abuelas y a los abuelos que disfruten de los nietos\u00bb.<\/strong><\/p>\n<p data-journey-content=\"true\" data-node-id=\"9\" class=\"css-6wxqfj emevuu60\">Tambi\u00e9n el exfutbolista comentaba que Paula no es muy cr\u00edtica con \u00e9l a la hora de probar sus platos. <strong data-node-id=\"9.1\">\u00abEs bastante agradecida, de hecho.<\/strong> Ella lo ve\u00eda como algo natural. No s\u00e9 si porque est\u00e1 acostumbrada. Ella tampoco es que sea una gran valedora de la alta cocina. Nos conformamos con cocina mucho m\u00e1s com\u00fan y con eso nos ajustamos\u00bb. Pero es que \u00e9l tampoco le critica mucho en su trabajo. \u00abMe parece muy complejo. <strong data-node-id=\"9.3\">Yo no me podr\u00eda dedicar a la interpretaci\u00f3n, <\/strong>pero, en cambio, soy mucho m\u00e1s observador en c\u00f3mo se ejecutan ese tipo de trabajos, \u00bfno? C\u00f3mo el director ha podido\u2026 no s\u00e9\u2026 o la iluminaci\u00f3n o los efectos especiales. Es algo que a m\u00ed s\u00ed que, bueno, me despierta curiosidad. Esta ma\u00f1ana llevaba a mi peque\u00f1o para que la viera. Y bueno, pues s\u00ed, yo creo que m\u00e1s que la pareja, los hijos, \u00bfno? <strong data-node-id=\"9.5\">Creo que los hijos, si tienen la posibilidad de ver lo que hacen sus padres, es interesante, s\u00ed.<\/strong><\/p>\n<p><img src=\"https:\/\/www.europesays.com\/es\/wp-content\/uploads\/2025\/12\/1766547433_93_efed3e56-411c-4c5f-aad1-8194ce4fe362_1700500172.file\" alt=\"Headshot of Redacci\u00f3n Diez Minutos\" title=\"Headshot of Redacci\u00f3n Diez Minutos\" width=\"100%\" height=\"100%\" decoding=\"async\" loading=\"lazy\" class=\"css-o0wq4v ev8dhu53\"\/><\/p>\n<p>\u00a0En Diez Minutos somos especialistas en cubrir todas las noticias del coraz\u00f3n y de la monarqu\u00eda para acercarte a las vidas de todos esos personajes a los que admiras.<\/p>\n<p>Descubre con nosotros la \u00faltima hora de los famosos nacionales e internacionales m\u00e1s relevantes: sus pol\u00e9micas, sus historias amorosas y familiares y sus proyectos profesionales con nuestras entrevistas, videos y reportajes. Tambi\u00e9n te mostramos el d\u00eda a d\u00eda de la realeza, cont\u00e1ndote con especial detalle la vida personal y familiar de nuestros Reyes: Felipe VI y Letizia y sus hijas Leonor y Sof\u00eda.<\/p>\n<p>Diez Minutos es mucho m\u00e1s que cr\u00f3nica social. Queremos hacerte la vida m\u00e1s f\u00e1cil y cuidar de ti. Por eso, publicamos una amplia selecci\u00f3n de contenidos pr\u00e1cticos para ayudarte en tu econom\u00eda dom\u00e9stica, en la decoraci\u00f3n de tu casa o en tu bienestar f\u00edsico y emocional. Tambi\u00e9n encontrar\u00e1s todo tipo de noticias y reportajes sobre el embarazo y la maternidad para facilitarte este proceso de la vida.<\/p>\n<p>La cocina es otra parte fundamental de esta gu\u00eda pr\u00e1ctica con la mejor selecci\u00f3n de recetas y consejos para llevar una dieta saludable y variada. Y todo ello sin olvidarnos de los contenidos de moda y belleza que te har\u00e1n estar a la \u00faltima en las tendencias del momento con numerosas propuestas, ofertas y novedades.<\/p>\n<p>Te lo contamos todo con la misma rigurosidad y cercan\u00eda con la que te llevamos acompa\u00f1ando desde hace 72 a\u00f1os, cuando un 1 de septiembre de 1951 la revista vio la luz por primera vez. Muchas cosas han cambiado en lo que se refiere a la parte t\u00e9cnica, pero lo que te aseguramos es que el equipo que forma esta redacci\u00f3n realiza su trabajo con entusiasmo y entrega pensando en cada uno de vosotros para que encontr\u00e9is aqu\u00ed el sitio ideal donde disfrutar de la vida.<\/p>\n<p>El equipo digital de Diez Minutos est\u00e1 formado por:<\/p>\n<p><a href=\"https:\/\/www.diezminutos.es\/author\/15369\/rosa-prieto\/\" rel=\"nofollow noopener\" target=\"_blank\">Rosa Prieto:<\/a> Directora digital.<\/p>\n<p><a href=\"https:\/\/www.diezminutos.es\/author\/18095\/silvia-criado\/\" rel=\"nofollow noopener\" target=\"_blank\">Silvia Criado:<\/a> Jefa de secci\u00f3n digital.<\/p>\n<p><a href=\"https:\/\/www.diezminutos.es\/author\/16262\/magdalena-pinero\/\" rel=\"nofollow noopener\" target=\"_blank\">Magdalena Pi\u00f1ero:<\/a> redactora digital.\u00a0<\/p>\n<p><a href=\"https:\/\/www.diezminutos.es\/author\/16270\/daniel-reyes\/\" rel=\"nofollow noopener\" target=\"_blank\">Daniel Reyes:<\/a> redactor digital.<\/p>\n<p><a href=\"https:\/\/www.diezminutos.es\/author\/221934\/ignacio-herruzo\/\" rel=\"nofollow noopener\" target=\"_blank\">Ignacio Herruzo<\/a>: redactor digital.<\/p>\n<p><a href=\"https:\/\/www.diezminutos.es\/author\/740003\/nora-camara\/\" rel=\"nofollow noopener\" target=\"_blank\">Nora C\u00e1mara<\/a>: redactora digital.\u00a0<\/p>\n","protected":false},"excerpt":{"rendered":"La Navidad ya est\u00e1 aqu\u00ed y los famosos est\u00e1n empezando a mostrarnos sus dotes culinarias a trav\u00e9s de&hellip;\n","protected":false},"author":2,"featured_media":304366,"comment_status":"","ping_status":"","sticky":false,"template":"","format":"standard","meta":{"footnotes":""},"categories":[174],"tags":[255,6007,72021,4242,146,147,25,24,256,4241,72020,23],"class_list":{"0":"post-304365","1":"post","2":"type-post","3":"status-publish","4":"format-standard","5":"has-post-thumbnail","7":"category-famosos","8":"tag-celebrities","9":"tag-content-type-default","10":"tag-contentid-a76f2300-3103-4497-bfc2-d82b13d34b54","11":"tag-displaytype-standard-article","12":"tag-entertainment","13":"tag-entretenimiento","14":"tag-es","15":"tag-espana","16":"tag-famosos","17":"tag-locale-es","18":"tag-shorttitle-miguel-torres-aclara-quien-cocinara-en-navidad","19":"tag-spain"},"share_on_mastodon":{"url":"https:\/\/pubeurope.com\/@es\/115772459897214307","error":""},"_links":{"self":[{"href":"https:\/\/www.europesays.com\/es\/wp-json\/wp\/v2\/posts\/304365","targetHints":{"allow":["GET"]}}],"collection":[{"href":"https:\/\/www.europesays.com\/es\/wp-json\/wp\/v2\/posts"}],"about":[{"href":"https:\/\/www.europesays.com\/es\/wp-json\/wp\/v2\/types\/post"}],"author":[{"embeddable":true,"href":"https:\/\/www.europesays.com\/es\/wp-json\/wp\/v2\/users\/2"}],"replies":[{"embeddable":true,"href":"https:\/\/www.europesays.com\/es\/wp-json\/wp\/v2\/comments?post=304365"}],"version-history":[{"count":0,"href":"https:\/\/www.europesays.com\/es\/wp-json\/wp\/v2\/posts\/304365\/revisions"}],"wp:featuredmedia":[{"embeddable":true,"href":"https:\/\/www.europesays.com\/es\/wp-json\/wp\/v2\/media\/304366"}],"wp:attachment":[{"href":"https:\/\/www.europesays.com\/es\/wp-json\/wp\/v2\/media?parent=304365"}],"wp:term":[{"taxonomy":"category","embeddable":true,"href":"https:\/\/www.europesays.com\/es\/wp-json\/wp\/v2\/categories?post=304365"},{"taxonomy":"post_tag","embeddable":true,"href":"https:\/\/www.europesays.com\/es\/wp-json\/wp\/v2\/tags?post=304365"}],"curies":[{"name":"wp","href":"https:\/\/api.w.org\/{rel}","templated":true}]}}