{"id":304382,"date":"2025-12-24T03:55:14","date_gmt":"2025-12-24T03:55:14","guid":{"rendered":"https:\/\/www.europesays.com\/es\/304382\/"},"modified":"2025-12-24T03:55:14","modified_gmt":"2025-12-24T03:55:14","slug":"la-fiscalia-insta-a-albiol-a-aclarar-si-realojara-a-los-migrantes-desalojados-en-badalona-tal-y-como-requirio-el-juzgado","status":"publish","type":"post","link":"https:\/\/www.europesays.com\/es\/304382\/","title":{"rendered":"La Fiscal\u00eda insta a Albiol a aclarar si realojar\u00e1 a los migrantes desalojados en Badalona tal y como requiri\u00f3 el juzgado"},"content":{"rendered":"<p>                <img decoding=\"async\" class=\"lazy\" loading=\"lazy\" data-src=\"https:\/\/static.eldiario.es\/clip\/cbe6c31d-991d-476d-92d7-7d4b82121595_16-9-aspect-ratio_default_0.jpg\" src=\"data:image\/svg+xml,%3Csvg xmlns=\" http:=\"\" viewbox=\"0 0 16 9\" alt=\"Algunas de las personas desalojadas el mi\u00e9rcoles del antiguo instituto B9 de Badalona debajo de un puente.\"\/><\/p>\n<p class=\"article-text\">\n        La Fiscal\u00eda de Barcelona ha solicitado al Juzgado de Badalona que compruebe si el Ayuntamiento de la ciudad, liderado por el alcalde Xavier Garc\u00eda Albiol, del PP, ofrecer\u00e1 alternativas habitacionales para realojar a los exocupantes del antiguo instituto B9 que fueron desalojados el pasado mi\u00e9rcoles 17 de diciembre.\n    <\/p>\n<p class=\"article-text\">\n        Seg\u00fan ha avanzado 3CatInfo y han confirmado fuentes del Ministerio P\u00fablico a Europa Press, se requiere al Ayuntamiento de forma \u201curgente\u201d para que informe de posibles deficiencias tras su desalojo para comprobar que se ha cumplido lo que establec\u00eda <a href=\"https:\/\/www.eldiario.es\/catalunya\/jueza-autoriza-mayor-desalojo-espana-obliga-albiol-prestar-atencion-social-400-migrantes_1_12822715.html\" target=\"_blank\" data-mrf-recirculation=\"links-noticia\" class=\"link\" rel=\"nofollow noopener\">la decisi\u00f3n judicial que autorizaba el desalojo<\/a>.\n    <\/p>\n<p class=\"article-text\">\n        Concretamente, en la resoluci\u00f3n se hac\u00eda constar que, con car\u00e1cter previo, el Ayuntamiento deb\u00eda adoptar las medidas adecuadas para  reubicar a las personas vulnerables que viv\u00edan en el B9, y de hecho, en el mismo auto se indicaba que el consistorio deb\u00eda entregar un informe explicando cu\u00e1les eran las medidas que se hab\u00edan adoptado.\n    <\/p>\n<p class=\"article-text\">\n        Con informaci\u00f3n de <strong>Europa Press<\/strong>\n    <\/p>\n","protected":false},"excerpt":{"rendered":"La Fiscal\u00eda de Barcelona ha solicitado al Juzgado de Badalona que compruebe si el Ayuntamiento de la ciudad,&hellip;\n","protected":false},"author":2,"featured_media":304383,"comment_status":"","ping_status":"","sticky":false,"template":"","format":"standard","meta":{"footnotes":""},"categories":[5],"tags":[517,17,18,2125,25,24,13,14,11,1458,19,20,9,10,15,16,952,23,12,1885,21,22],"class_list":{"0":"post-304382","1":"post","2":"type-post","3":"status-publish","4":"format-standard","5":"has-post-thumbnail","7":"category-titulares","8":"tag-actualidad","9":"tag-breaking-news","10":"tag-breakingnews","11":"tag-directo","12":"tag-es","13":"tag-espana","14":"tag-featured-news","15":"tag-featurednews","16":"tag-headlines","17":"tag-hora","18":"tag-latest-news","19":"tag-latestnews","20":"tag-news","21":"tag-noticias","22":"tag-noticias-destacadas","23":"tag-noticiasdestacadas","24":"tag-politica","25":"tag-spain","26":"tag-titulares","27":"tag-ultima","28":"tag-ultimas-noticias","29":"tag-ultimasnoticias"},"share_on_mastodon":{"url":"https:\/\/pubeurope.com\/@es\/115772530548220150","error":""},"_links":{"self":[{"href":"https:\/\/www.europesays.com\/es\/wp-json\/wp\/v2\/posts\/304382","targetHints":{"allow":["GET"]}}],"collection":[{"href":"https:\/\/www.europesays.com\/es\/wp-json\/wp\/v2\/posts"}],"about":[{"href":"https:\/\/www.europesays.com\/es\/wp-json\/wp\/v2\/types\/post"}],"author":[{"embeddable":true,"href":"https:\/\/www.europesays.com\/es\/wp-json\/wp\/v2\/users\/2"}],"replies":[{"embeddable":true,"href":"https:\/\/www.europesays.com\/es\/wp-json\/wp\/v2\/comments?post=304382"}],"version-history":[{"count":0,"href":"https:\/\/www.europesays.com\/es\/wp-json\/wp\/v2\/posts\/304382\/revisions"}],"wp:featuredmedia":[{"embeddable":true,"href":"https:\/\/www.europesays.com\/es\/wp-json\/wp\/v2\/media\/304383"}],"wp:attachment":[{"href":"https:\/\/www.europesays.com\/es\/wp-json\/wp\/v2\/media?parent=304382"}],"wp:term":[{"taxonomy":"category","embeddable":true,"href":"https:\/\/www.europesays.com\/es\/wp-json\/wp\/v2\/categories?post=304382"},{"taxonomy":"post_tag","embeddable":true,"href":"https:\/\/www.europesays.com\/es\/wp-json\/wp\/v2\/tags?post=304382"}],"curies":[{"name":"wp","href":"https:\/\/api.w.org\/{rel}","templated":true}]}}