{"id":304390,"date":"2025-12-24T04:05:13","date_gmt":"2025-12-24T04:05:13","guid":{"rendered":"https:\/\/www.europesays.com\/es\/304390\/"},"modified":"2025-12-24T04:05:13","modified_gmt":"2025-12-24T04:05:13","slug":"me-despierto-de-madrugada-para-comer-galletas-por-eso-no-puedo-tener-novia","status":"publish","type":"post","link":"https:\/\/www.europesays.com\/es\/304390\/","title":{"rendered":"\u201cMe despierto de madrugada para comer galletas, por eso no puedo tener novia\u201d"},"content":{"rendered":"<p>Lamine Yamal vive una realidad que para muchos resulta dif\u00edcil de imaginar. Indiscutible en las alineaciones del FC Barcelona, protagonista en la \u00faltima Eurocopa y convertido en uno de los futbolistas m\u00e1s seguidos del planeta, por su talento pero tambi\u00e9n por su carisma. El nuevo n\u00famero 10 del Bar\u00e7a sigue siendo, en esencia, un chico de 18 a\u00f1os que sabe re\u00edrse de s\u00ed mismo y no duda en compartir su vida sin filtros. La \u00faltima prueba de ello ha llegado con su inesperado <strong>estreno como youtuber<\/strong>.<\/p>\n<p>El futbolista azulgrana ha decidido abrir una ventana a su intimidad con un v\u00eddeo tipo <a href=\"https:\/\/www.lecturas.com\/actualidad\/entramos-que-ha-sido-casa-lamine-yamal-durante-ultimos-anos_186333\" target=\"_blank\" rel=\"nofollow noopener\">house tour<\/a> que en apenas 24 horas supera los tres millones de visualizaciones. En \u00e9l, recorre la vivienda que ha sido <strong>su hogar durante los \u00faltimos a\u00f1os<\/strong>, y que ahora abandona para mudarse a la vivienda en la que un d\u00eda vivieron <a href=\"https:\/\/www.lecturas.com\/actualidad\/shakira-y-gerard-pique-ponen-a-venta-sus-mansiones-barcelona_145724\" target=\"_blank\" rel=\"nofollow noopener\">Shakira y Piqu\u00e9<\/a>. Una casa de 11 millones de euros, que pusieron a la venta en 2022 tras su ruptura, y que ahora ser\u00e1 la\u00a0<strong>nueva casa de Lamine Yamal<\/strong>.<\/p>\n<p>La confesi\u00f3n de Lamine Yamal en su House Tour<\/p>\n<p>Sal\u00f3n, una gran cocina, tres dormitorios, tres ba\u00f1os, y una impresionante terraza, que confiesa que apenas ha usado \u201cpor si me ven los vecinos\u201d, forman parte de un recorrido en el que no solo ense\u00f1a los metros cuadrados de su primera vivienda independizado, sino recuerdos, <strong>man\u00edas y peque\u00f1os detalles<\/strong> de su d\u00eda a d\u00eda.<\/p>\n<p><img loading=\"lazy\" decoding=\"async\"   src=\"https:\/\/www.europesays.com\/es\/wp-content\/uploads\/2025\/12\/lamine-yamal-salon-2_a1c02ded_251223202512_1200x673.webp.webp\" alt=\"Lamine Yamal sal\u00f3n 2\" class=\"lazyload\" width=\"1200\" height=\"673\" data-aspectratio=\"1200\/673\"\/><\/p>\n<p>El futbolista azulgrana ha decidido abrir una ventana a su intimidad con un v\u00eddeo tipo house tour.\u00a0<\/p>\n<p>&#13;YouTube<\/p>\n<p>Uno de los momentos m\u00e1s comentados del v\u00eddeo llega cuando muestra una rosa roja colocada en un jarr\u00f3n del sal\u00f3n. \u201c<strong>Una rosa para cuando encuentre a mi chica<\/strong>\u201d, dice, dejando claro que <strong>su coraz\u00f3n est\u00e1 libre<\/strong>. Una afirmaci\u00f3n que refuerza minutos despu\u00e9s desde su dormitorio, donde revela una de sus debilidades m\u00e1s inesperadas: las galletas. Entre risas, Lamine confiesa que se despierta de madrugada, no para comprobar cu\u00e1nto le queda para dormir, sino para comer galletas y volver a la cama. \u201cPor eso <strong>no puedo tener novia<\/strong>, porque me despierto de madrugada\u201d, comenta con humor.\u00a0<\/p>\n<p><img loading=\"lazy\" decoding=\"async\"   src=\"https:\/\/www.europesays.com\/es\/wp-content\/uploads\/2025\/12\/lamine-yamal-habitacion_1295f211_251223202625_1200x674.webp.webp\" alt=\"Lamine Yamal habitaci\u00f3n\" class=\"lazyload\" width=\"1200\" height=\"674\" data-aspectratio=\"1200\/674\"\/><\/p>\n<p>El delantero ense\u00f1a la habitaci\u00f3n que utiliza para dormir y donde tambi\u00e9n esconde galletas<\/p>\n<p>&#13;YouTube<\/p>\n<p>Esta confesi\u00f3n llega apenas dos meses despu\u00e9s de que se confirmara el final de <a href=\"https:\/\/www.lecturas.com\/actualidad\/toda-historia-amor-entre-lamine-yamal-nicki-nicole-asi-es-como-sobreviven-distancia_183256\" target=\"_blank\" rel=\"nofollow noopener\">su relaci\u00f3n con Nicki Nicole<\/a>, una de las artistas m\u00e1s exitosas de argentina y tambi\u00e9n del panorama internacional. La historia entre ambos fue<strong> tan intensa como breve<\/strong> y estuvo marcada desde el inicio por la dificultad de encajar dos agendas radicalmente distintas. Ella, con base en Argentina y una carrera internacional llena de conciertos y viajes. \u00c9l, asentado en Barcelona, con entrenamientos, partidos y compromisos constantes.<\/p>\n<p>La historia de amor de Lamine y Nicki Nicole<\/p>\n<p>Su historia comenz\u00f3 el 18 de julio, durante la espectacular celebraci\u00f3n del <strong>18 cumplea\u00f1os de Lamine Yamal<\/strong>, que tuvo lugar en una finca privada de Olivella, en Barcelona. En medio de la m\u00fasica, las luces y un ambiente festivo, Nicki Nicole fue una de las invitadas a la cita y all\u00ed se produjo su primer encuentro. Quienes estuvieron presentes aseguran que la sinton\u00eda fue inmediata: charlas largas, gestos c\u00f3mplices y una qu\u00edmica evidente que no pas\u00f3 inadvertida.<\/p>\n<p><img loading=\"lazy\" decoding=\"async\"   src=\"https:\/\/www.europesays.com\/es\/wp-content\/uploads\/2025\/12\/lamine-yamal-y-nicki-nicole_3689af66_251223202653_1200x1229.webp.webp\" alt=\"Lamine Yamal y Nicki Nicole\" class=\"lazyload\" width=\"1200\" height=\"1229\" data-aspectratio=\"1200\/1229\"\/><\/p>\n<p>La historia de Lamine y Nicki comenz\u00f3 el 18 de julio, durante la espectacular celebraci\u00f3n del 18 cumplea\u00f1os del futbolista.<\/p>\n<p>&#13;Kings League<\/p>\n<p>A partir de ese momento, comenzaron las especulaciones. En los d\u00edas siguientes, empezaron a circular im\u00e1genes y testimonios que los situaban juntos en la playa y compartiendo fiestas. Tal y como relat\u00f3 el periodista Javier de Hoyos, incluso se les habr\u00eda visto bes\u00e1ndose y abandonando juntos una discoteca de madrugada.<\/p>\n<p>Aunque ninguno confirm\u00f3 la relaci\u00f3n en un primer momento, las coincidencias se sucedieron: mismos destinos, instant\u00e1neas similares e indirectas en redes sociales que<strong> alimentaron un runr\u00fan ya imparable<\/strong>.<\/p>\n<p><img loading=\"lazy\" decoding=\"async\"   src=\"https:\/\/www.europesays.com\/es\/wp-content\/uploads\/2025\/12\/lamine-yamal-y-nicki-nicole_7f85fb63_251223202747_1200x1128.webp.webp\" alt=\"Lamine Yamal y Nicki Nicole\" class=\"lazyload\" width=\"1200\" height=\"1128\" data-aspectratio=\"1200\/1128\"\/><\/p>\n<p>La pareja confirm\u00f3 su relaci\u00f3n un mes despu\u00e9s, coincidiendo con el cumplea\u00f1os de Nicki Nicole.\u00a0<\/p>\n<p>&#13;Instagram de Lamine Yamal<\/p>\n<p>La confirmaci\u00f3n oficial lleg\u00f3 el 25 de agosto, coincidiendo con el cumplea\u00f1os de la cantante. Lamine public\u00f3 una imagen que despej\u00f3 cualquier duda: ambos sentados en un sof\u00e1, agarrados de la mano, rodeados de rosas rojas, globos con forma de coraz\u00f3n y una tarta rosa. Nicki reposte\u00f3 la imagen poco despu\u00e9s, sellando p\u00fablicamente la relaci\u00f3n. Sin embargo, <strong>a finales de octubre<\/strong>, tras rumores de infidelidad por parte del futbolista, Lamine confirm\u00f3 que <a href=\"https:\/\/www.lecturas.com\/actualidad\/lamine-yamal-confirma-su-ruptura-nicki-nicole-y-desvela-motivos-su-decision_183728\" target=\"_blank\" rel=\"nofollow noopener\">ya no ten\u00eda pareja<\/a> y aclar\u00f3 que cualquier comportamiento cuestionado se produjo cuando estaba soltero.<\/p>\n<p><img decoding=\"async\" src=\"https:\/\/www.europesays.com\/es\/wp-content\/uploads\/2025\/12\/paloma-cuevas-enrique-ponce_fc35d5ed_251223125726_800x800.webp.webp\" alt=\"Paloma Cuevas Enrique Ponce\" class=\"image lazyload\"\/><img loading=\"lazy\" decoding=\"async\" src=\"https:\/\/www.europesays.com\/es\/wp-content\/uploads\/2025\/12\/paloma-cuevas-y-su-padre_355a67ab_251223125744_1280x720.webp.webp\" alt=\"La historia de superaci\u00f3n de Paloma Cuevas tras la muerte de su hermano con 41 a\u00f1os\" class=\"image lazyload\" width=\"1280\" height=\"720\" data-aspectratio=\"1280\/720\"\/><\/p>\n<p>Ahora, lejos de pol\u00e9micas sentimentales, Lamine Yamal parece centrado en disfrutar de una etapa clave de su vida. Entre entrenamientos, \u00e9xitos deportivos y v\u00eddeos virales, el joven demuestra que, pese a la fama y la presi\u00f3n, sigue siendo un chico de 18 a\u00f1os que se levanta de madrugada para comer galletas, bromea sobre su solter\u00eda y se toma la vida con una naturalidad que, quiz\u00e1, sea una de las claves de su \u00e9xito dentro y fuera del campo.<\/p>\n","protected":false},"excerpt":{"rendered":"Lamine Yamal vive una realidad que para muchos resulta dif\u00edcil de imaginar. Indiscutible en las alineaciones del FC&hellip;\n","protected":false},"author":2,"featured_media":304391,"comment_status":"","ping_status":"","sticky":false,"template":"","format":"standard","meta":{"footnotes":""},"categories":[174],"tags":[255,146,147,25,24,256,23],"class_list":{"0":"post-304390","1":"post","2":"type-post","3":"status-publish","4":"format-standard","5":"has-post-thumbnail","7":"category-famosos","8":"tag-celebrities","9":"tag-entertainment","10":"tag-entretenimiento","11":"tag-es","12":"tag-espana","13":"tag-famosos","14":"tag-spain"},"share_on_mastodon":{"url":"https:\/\/pubeurope.com\/@es\/115772570413675582","error":""},"_links":{"self":[{"href":"https:\/\/www.europesays.com\/es\/wp-json\/wp\/v2\/posts\/304390","targetHints":{"allow":["GET"]}}],"collection":[{"href":"https:\/\/www.europesays.com\/es\/wp-json\/wp\/v2\/posts"}],"about":[{"href":"https:\/\/www.europesays.com\/es\/wp-json\/wp\/v2\/types\/post"}],"author":[{"embeddable":true,"href":"https:\/\/www.europesays.com\/es\/wp-json\/wp\/v2\/users\/2"}],"replies":[{"embeddable":true,"href":"https:\/\/www.europesays.com\/es\/wp-json\/wp\/v2\/comments?post=304390"}],"version-history":[{"count":0,"href":"https:\/\/www.europesays.com\/es\/wp-json\/wp\/v2\/posts\/304390\/revisions"}],"wp:featuredmedia":[{"embeddable":true,"href":"https:\/\/www.europesays.com\/es\/wp-json\/wp\/v2\/media\/304391"}],"wp:attachment":[{"href":"https:\/\/www.europesays.com\/es\/wp-json\/wp\/v2\/media?parent=304390"}],"wp:term":[{"taxonomy":"category","embeddable":true,"href":"https:\/\/www.europesays.com\/es\/wp-json\/wp\/v2\/categories?post=304390"},{"taxonomy":"post_tag","embeddable":true,"href":"https:\/\/www.europesays.com\/es\/wp-json\/wp\/v2\/tags?post=304390"}],"curies":[{"name":"wp","href":"https:\/\/api.w.org\/{rel}","templated":true}]}}