{"id":304413,"date":"2025-12-24T04:32:12","date_gmt":"2025-12-24T04:32:12","guid":{"rendered":"https:\/\/www.europesays.com\/es\/304413\/"},"modified":"2025-12-24T04:32:12","modified_gmt":"2025-12-24T04:32:12","slug":"el-pucela-quiere-pescar-una-perla-en-holanda","status":"publish","type":"post","link":"https:\/\/www.europesays.com\/es\/304413\/","title":{"rendered":"El Pucela quiere pescar una perla en Holanda"},"content":{"rendered":"<p class=\"paragraph\">El Valladolid es consciente de que debe reforzar la plantilla si quiere respirar tranquilo y poder mirar hacia arriba. Por ello, la direcci\u00f3n deportiva ya ha cerrado el fichaje del delantero noruego Vegard Erliene y sigue en la b\u00fasqueda de m\u00e1s atacantes que den un plus a la plantilla actual.<\/p>\n<p>            <a href=\"#\" title=\"\"><\/p>\n<p>                    <img loading=\"lazy\" decoding=\"async\" data-index=\"\" width=\"140\" height=\"140\" alt=\"Vegard Erlien, a la izquierda, celebra un gol, con el Tromso.\" data-full=\"[object Object]\" data-original=\"[object Object]\" src=\"https:\/\/imagenes.diariodevalladolid.es\/files\/related_image\/uploads\/2025\/12\/17\/6942c06c83b50.jpeg\" data-full-src=\"https:\/\/www.europesays.com\/es\/wp-content\/uploads\/2025\/12\/6942c06c83b50.jpeg\"\/><\/p>\n<p>            <\/a><\/p>\n<p class=\"paragraph\">Desde medios neerlandeses indican que la entidad blanquivioleta estar\u00eda interesada en un delantero de una de las canteras m\u00e1s destacadas del pa\u00eds, Eindhoven. Se trata de Robin Van Duiven, delantero de 1,78 metros de altura que a sus 19 a\u00f1os juega en el filial del PSV Eindhoven, de la segunda divisi\u00f3n holandesa, y est\u00e1 siendo una de las m\u00e1xima revelaciones de la categor\u00eda, considerado como perla del f\u00fatbol holand\u00e9s (e incluso convocado para un partido de Champions del primer equipo, aunque no jug\u00f3 ning\u00fan minuto.<\/p>\n<p class=\"paragraph\">El punta ha anotado catorce goles en los veinte encuentros que ha disputado en la liga. Estas cifras le mantienen segundo en la lucha por el pichichi de la categor\u00eda y est\u00e1 siendo uno de los nombres clave para que el filial del PSV se encuentre en la cuarta plaza de la Eerste Divisie.<\/p>\n<p class=\"paragraph\">El Real Valladolid se aferra a la condici\u00f3n particular que tiene el joven atacante, y es que el neerland\u00e9s finaliza su contrato con el conjunto rojiblanco al final de esta temporada, el 31 de julio de 2026. Es por esta situaci\u00f3n que si el PSV no consigue que Van Duiven renueve (cosa que de momento no ha podido realizar), podr\u00eda plantearse una venta durante el mercado invernal para recibir una cantidad en vez de permitir a su canterano salir completamente libre en verano.<\/p>\n<p class=\"paragraph\">Ah\u00ed es donde entrar\u00eda en juego el conjunto pucelano con un fichaje en el que tendr\u00eda bastante m\u00e1s opciones de ganar que de perder. Jove, con mucha proyecci\u00f3n y variabilidad en sus registros goleadores: de cabeza, de penalti e incluso de falta directa, lo que demuestra la calidad que atesora. Uno de los debes del Pucela en esta primera mitad de campa\u00f1a  est\u00e1 siendo la preocupante falta de gol, que ha lastrado al equipo en muchos encuentros y que desde las oficinas de Zorrilla se tiene claro que es la asignatura a mejorar en este mercado.<\/p>\n","protected":false},"excerpt":{"rendered":"El Valladolid es consciente de que debe reforzar la plantilla si quiere respirar tranquilo y poder mirar hacia&hellip;\n","protected":false},"author":2,"featured_media":304414,"comment_status":"","ping_status":"","sticky":false,"template":"","format":"standard","meta":{"footnotes":""},"categories":[268],"tags":[168,25,24,285,280,282,4770,5299,5298,281,23,167],"class_list":{"0":"post-304413","1":"post","2":"type-post","3":"status-publish","4":"format-standard","5":"has-post-thumbnail","7":"category-futbol","8":"tag-deportes","9":"tag-es","10":"tag-espana","11":"tag-fichajes","12":"tag-football","13":"tag-futbol","14":"tag-pesca","15":"tag-pucela","16":"tag-real-valladolid-cf","17":"tag-soccer","18":"tag-spain","19":"tag-sports"},"share_on_mastodon":{"url":"https:\/\/pubeurope.com\/@es\/115772676563119764","error":""},"_links":{"self":[{"href":"https:\/\/www.europesays.com\/es\/wp-json\/wp\/v2\/posts\/304413","targetHints":{"allow":["GET"]}}],"collection":[{"href":"https:\/\/www.europesays.com\/es\/wp-json\/wp\/v2\/posts"}],"about":[{"href":"https:\/\/www.europesays.com\/es\/wp-json\/wp\/v2\/types\/post"}],"author":[{"embeddable":true,"href":"https:\/\/www.europesays.com\/es\/wp-json\/wp\/v2\/users\/2"}],"replies":[{"embeddable":true,"href":"https:\/\/www.europesays.com\/es\/wp-json\/wp\/v2\/comments?post=304413"}],"version-history":[{"count":0,"href":"https:\/\/www.europesays.com\/es\/wp-json\/wp\/v2\/posts\/304413\/revisions"}],"wp:featuredmedia":[{"embeddable":true,"href":"https:\/\/www.europesays.com\/es\/wp-json\/wp\/v2\/media\/304414"}],"wp:attachment":[{"href":"https:\/\/www.europesays.com\/es\/wp-json\/wp\/v2\/media?parent=304413"}],"wp:term":[{"taxonomy":"category","embeddable":true,"href":"https:\/\/www.europesays.com\/es\/wp-json\/wp\/v2\/categories?post=304413"},{"taxonomy":"post_tag","embeddable":true,"href":"https:\/\/www.europesays.com\/es\/wp-json\/wp\/v2\/tags?post=304413"}],"curies":[{"name":"wp","href":"https:\/\/api.w.org\/{rel}","templated":true}]}}