{"id":304423,"date":"2025-12-24T04:41:46","date_gmt":"2025-12-24T04:41:46","guid":{"rendered":"https:\/\/www.europesays.com\/es\/304423\/"},"modified":"2025-12-24T04:41:46","modified_gmt":"2025-12-24T04:41:46","slug":"taburete-encabezara-la-tercera-edicion-del-esencia-festival-el-10-de-julio-en-torre-lucia","status":"publish","type":"post","link":"https:\/\/www.europesays.com\/es\/304423\/","title":{"rendered":"Taburete encabezar\u00e1 la tercera edici\u00f3n del Esencia Festival el 10 de julio en Torre Luc\u00eda"},"content":{"rendered":"<p>\n\t\t\t\t\t\t\t\t\t\t\t\t\t\t\t\t&#13;<\/p>\n<p style=\"font-family: Verdana, Arial, Helvetica, sans-serif; font-size: 10pt; text-align: justify;\">\u2022 Plasencia consolida su cita musical del verano con un concierto en un recinto hist\u00f3rico y una gira en exclusiva que presenta el nuevo \u00e1lbum El perro que fuma. Las entradas se ponen a la venta hoy a las 17:00 horas en zonaentradas.com.<\/p>\n<p>&#13;<\/p>\n<p style=\"font-family: Verdana, Arial, Helvetica, sans-serif; font-size: 10pt; text-align: justify;\">El concejal de Festejos, David D\u00f3niga, ha presentado esta ma\u00f1ana la tercera edici\u00f3n del Esencia Festival, acompa\u00f1ado por Fran Ch\u00e1vez, gerente de \u00c1gora espect\u00e1culos, empresa promotora del evento. Tras el \u00e9xito de las dos ediciones anteriores, el festival se consolida como una de las citas musicales m\u00e1s destacadas del verano en Plasencia y en la regi\u00f3n.<\/p>\n<p>&#13;<\/p>\n<p style=\"font-family: Verdana, Arial, Helvetica, sans-serif; font-size: 10pt; text-align: justify;\">En esta ocasi\u00f3n, el concierto estar\u00e1 protagonizado por Taburete, uno de los grupos m\u00e1s reconocidos del panorama pop nacional e internacional, que llegar\u00e1 a la ciudad dentro de su nueva gira y con su reci\u00e9n estrenado \u00e1lbum El perro que fuma. Plasencia ser\u00e1, adem\u00e1s, una de las primeras ciudades en anunciarse en gran formato tras la gira de invierno de la banda.<\/p>\n<p>&#13;<\/p>\n<p style=\"font-family: Verdana, Arial, Helvetica, sans-serif; font-size: 10pt; text-align: justify;\">El Esencia Festival 2025 estrena tambi\u00e9n ubicaci\u00f3n: Torre Luc\u00eda, un entorno monumental que ofrecer\u00e1 un marco excepcional para esta cita musical el 10 de julio.<\/p>\n<p>&#13;<\/p>\n<p style=\"font-family: Verdana, Arial, Helvetica, sans-serif; font-size: 10pt; text-align: justify;\">Tal y como ha se\u00f1alado el concejal, las entradas se ponen a la venta hoy a partir de las 17:00 horas a trav\u00e9s de zonaentradas.com, con un precio inicial de 25 euros m\u00e1s gastos de gesti\u00f3n. \u201cUn regalo ideal para estas fechas navide\u00f1as\u201d, ha destacado D\u00f3niga, quien ha insistido en el car\u00e1cter \u201ccada vez m\u00e1s consolidado y atractivo\u201d del festival, que atrae p\u00fablico de toda Extremadura y de otros puntos de Espa\u00f1a.<\/p>\n<p>&#13;<\/p>\n<p style=\"font-family: Verdana, Arial, Helvetica, sans-serif; font-size: 10pt; text-align: justify;\">Por su parte, Fran Ch\u00e1vez ha remarcado que Torre Luc\u00eda es \u201cun recinto id\u00f3neo para un concierto tan especial\u201d, y ha subrayado que Taburete, con influencias que van del pop al rock, a los boleros o las rancheras, \u201cse ha ganado el coraz\u00f3n de miles de seguidores en la \u00faltima d\u00e9cada\u201d.<\/p>\n<p>&#13;<\/p>\n<p style=\"font-family: Verdana, Arial, Helvetica, sans-serif; font-size: 10pt; text-align: justify;\">El Ayuntamiento de Plasencia espera que esta nueva edici\u00f3n del Esencia Festival vuelva a reunir a miles de personas y contribuya a seguir impulsando la oferta cultural y musical de la ciudad.<\/p>\n<p>&#13;<\/p>\n<p style=\"text-align: center;\"><img loading=\"lazy\" decoding=\"async\" src=\"https:\/\/www.europesays.com\/es\/wp-content\/uploads\/2025\/12\/20251223taburete.jpg\" alt=\"Avanzan las obras del Espacio para la Creaci\u00f3n Joven C.R.E.A. Roberto  Iniesta en la antigua Iglesia de San Juan\" width=\"769\" height=\"801\" style=\"display: block; margin-left: auto; margin-right: auto;\"\/>\u00a0<\/p>\n<p>&#13;<\/p>\n<p>\u00a0<\/p>\n<p>\t\t\t\t\t\t<a href=\"https:\/\/www.pinterest.com\/pin\/create\/button\/\" data-pin-do=\"buttonBookmark\" data-pin-color=\"red\" rel=\"nofollow noopener\" target=\"_blank\"><img decoding=\"async\" src=\"https:\/\/www.europesays.com\/es\/wp-content\/uploads\/2025\/08\/pinit_fg_en_rect_red_20.png\" alt=\"Pin It\"\/><\/a><\/p>\n","protected":false},"excerpt":{"rendered":"&#13; \u2022 Plasencia consolida su cita musical del verano con un concierto en un recinto hist\u00f3rico y una&hellip;\n","protected":false},"author":2,"featured_media":304424,"comment_status":"","ping_status":"","sticky":false,"template":"","format":"standard","meta":{"footnotes":""},"categories":[91],"tags":[1250,146,147,25,24,1249,23],"class_list":{"0":"post-304423","1":"post","2":"type-post","3":"status-publish","4":"format-standard","5":"has-post-thumbnail","7":"category-entretenimiento","8":"tag-ayuntamiento","9":"tag-entertainment","10":"tag-entretenimiento","11":"tag-es","12":"tag-espana","13":"tag-plasencia","14":"tag-spain"},"share_on_mastodon":{"url":"https:\/\/pubeurope.com\/@es\/115772711713334151","error":""},"_links":{"self":[{"href":"https:\/\/www.europesays.com\/es\/wp-json\/wp\/v2\/posts\/304423","targetHints":{"allow":["GET"]}}],"collection":[{"href":"https:\/\/www.europesays.com\/es\/wp-json\/wp\/v2\/posts"}],"about":[{"href":"https:\/\/www.europesays.com\/es\/wp-json\/wp\/v2\/types\/post"}],"author":[{"embeddable":true,"href":"https:\/\/www.europesays.com\/es\/wp-json\/wp\/v2\/users\/2"}],"replies":[{"embeddable":true,"href":"https:\/\/www.europesays.com\/es\/wp-json\/wp\/v2\/comments?post=304423"}],"version-history":[{"count":0,"href":"https:\/\/www.europesays.com\/es\/wp-json\/wp\/v2\/posts\/304423\/revisions"}],"wp:featuredmedia":[{"embeddable":true,"href":"https:\/\/www.europesays.com\/es\/wp-json\/wp\/v2\/media\/304424"}],"wp:attachment":[{"href":"https:\/\/www.europesays.com\/es\/wp-json\/wp\/v2\/media?parent=304423"}],"wp:term":[{"taxonomy":"category","embeddable":true,"href":"https:\/\/www.europesays.com\/es\/wp-json\/wp\/v2\/categories?post=304423"},{"taxonomy":"post_tag","embeddable":true,"href":"https:\/\/www.europesays.com\/es\/wp-json\/wp\/v2\/tags?post=304423"}],"curies":[{"name":"wp","href":"https:\/\/api.w.org\/{rel}","templated":true}]}}