{"id":304455,"date":"2025-12-24T05:09:14","date_gmt":"2025-12-24T05:09:14","guid":{"rendered":"https:\/\/www.europesays.com\/es\/304455\/"},"modified":"2025-12-24T05:09:14","modified_gmt":"2025-12-24T05:09:14","slug":"la-audiencia-nacional-confirma-la-extradicion-a-ee-uu-de-un-ex-alto-cargo-de-la-onu-acusado-de-recibir-sobornos-espana","status":"publish","type":"post","link":"https:\/\/www.europesays.com\/es\/304455\/","title":{"rendered":"La Audiencia Nacional confirma la extradici\u00f3n a EE UU de un ex alto cargo de la ONU acusado de recibir sobornos | Espa\u00f1a"},"content":{"rendered":"<p class=\"\">El Pleno de la Sala de lo Penal de la Audiencia Nacional ha confirmado este martes la extradici\u00f3n a Estados Unidos de Vitaly Vanshelboim, un ex alto cargo de la ONU acusado por las autoridades de Washington de haber aceptado sobornos millonarios a cambio de desviar 60 millones de d\u00f3lares en subvenciones a las sociedades del empresario brit\u00e1nico David Kendrick. El auto confirma as\u00ed la decisi\u00f3n que tom\u00f3 el pasado 21 de octubre la Sala Segunda de este mismo \u00f3rgano judicial y que hab\u00eda sido recurrida por Vanshelboim, quien, entre otras alegaciones, aseguraba que no pod\u00eda ser entregado a la justicia de EE UU porque gozaba de inmunidad por ser personal del organismo internacional, adem\u00e1s de que EE UU no hab\u00eda cumplido el requisito de pedir autorizaci\u00f3n al secretario general de Naciones Unidad, Ant\u00f3nio Guterres, para proceder contra \u00e9l. <\/p>\n<p class=\"\">La resoluci\u00f3n judicial cuenta con el voto particular del magistrado Jos\u00e9 Ricardo de Prada, uno de los 20 jueces que han participado en la deliberaci\u00f3n, que pide, precisamente, condicionar la entrega a la confirmaci\u00f3n de la ONU sobre la situaci\u00f3n del reclamado respecto a la supuesta inmunidad que alega. La decisi\u00f3n de la Audiencia Nacional no es recurrible, aunque la entrega del antiguo funcionario de la ONU debe ser en \u00faltima instancia aprobada por el Gobierno.<\/p>\n<p class=\"\">Vanshelboim \u2014al que Gran Jurado del Distrito Sur de Nueva York atribuye delitos de soborno, fraude electr\u00f3nico y blanqueo de capitales\u2014 estuvo durante cerca de 30 a\u00f1os vinculado profesionalmente a Naciones Unidas, tiempo durante el que ocup\u00f3, entre otros cargos, el de director ejecutivo de UNOPS, la agencia de Naciones Unidas de apoyo a proyectos de infraestructuras y adquisiciones para otras agencias, con empleados en m\u00e1s de 80 pa\u00edses. El ex alto cargo supuestamente cometi\u00f3 los delitos entre septiembre de 2015 \u2015cuando ya ocupaba este puesto\u2015 y agosto de 2023 \u2015meses despu\u00e9s de ser despedido tras una investigaci\u00f3n interna de la ONU\u2015. En esa fecha fue Vanshelboim fue arrestado en marzo en Alicante en aplicaci\u00f3n de una orden de detenci\u00f3n emitida por las autoridades estadounidenses. <a href=\"https:\/\/elpais.com\/espana\/2025-03-13\/la-audiencia-nacional-envia-a-prision-a-un-ex-alto-cargo-de-la-onu-acusado-de-cobrar-sobornos-millonarios.html\" target=\"_self\" rel=\"nofollow noopener\" title=\"https:\/\/elpais.com\/espana\/2025-03-13\/la-audiencia-nacional-envia-a-prision-a-un-ex-alto-cargo-de-la-onu-acusado-de-cobrar-sobornos-millonarios.html\">Desde entonces permanece en prisi\u00f3n a la espera<\/a> al considerar la Audiencia Nacional que existe riesgo de fuga.<\/p>\n<p class=\"\">En el auto conocido este martes, la Audiencia Nacional desestima todas las alegaciones planteadas por el ex alto cargo de la ONU, que incluso aseguraba en su escrito que su caso encubr\u00eda una supuesta \u201cpersecuci\u00f3n pol\u00edtica\u201d dado su origen ucranio \u201cen conexi\u00f3n con intereses estrat\u00e9gicos entre Estados Unidos y Ucrania\u201d. Sin embargo, los magistrados descartan esta motivaci\u00f3n al considerar que la argumentaci\u00f3n planteada por Vanshelboim \u201ccarece de la m\u00ednima base objetiva, al no contar con el adecuado respaldo probatorio, ni siquiera indiciario\u201d y que \u201cde lo actuado en la causa no existe indicio alguno que permita, siquiera intuir, una posible instrumentalizaci\u00f3n del proceso penal como medio de represalia institucional\u201d. <\/p>\n<p class=\"\">El ex alto cargo tambi\u00e9n alegaba que tener la condici\u00f3n de asilado en Espa\u00f1a, lo que supondr\u00eda la denegaci\u00f3n autom\u00e1tica de la extradici\u00f3n. Sin embargo, los magistrados rechazan este argumento en tan solo siete palabras al asegurar que \u201cno consta que tenga concedido el asilo\u201d, una medida de protecci\u00f3n que debe ser concedida por el Ministerio del Interior. Por todo ello, la Audiencia Nacional acuerda desestimar el recurso y dar luz verde a la extradici\u00f3n de Vanshelboim.<\/p>\n","protected":false},"excerpt":{"rendered":"El Pleno de la Sala de lo Penal de la Audiencia Nacional ha confirmado este martes la extradici\u00f3n&hellip;\n","protected":false},"author":2,"featured_media":304456,"comment_status":"","ping_status":"","sticky":false,"template":"","format":"standard","meta":{"footnotes":""},"categories":[42],"tags":[6543,17,18,767,24,629,68886,13,14,11,61,62,63,64,2158,19,20,9,10,15,16,732,12,21,22,65,66,67],"class_list":{"0":"post-304455","1":"post","2":"type-post","3":"status-publish","4":"format-standard","5":"has-post-thumbnail","7":"category-internacional","8":"tag-audiencia-nacional","9":"tag-breaking-news","10":"tag-breakingnews","11":"tag-corrupcion","12":"tag-espana","13":"tag-estados-unidos","14":"tag-extradiciones","15":"tag-featured-news","16":"tag-featurednews","17":"tag-headlines","18":"tag-internacional","19":"tag-international","20":"tag-international-news","21":"tag-internationalnews","22":"tag-justicia","23":"tag-latest-news","24":"tag-latestnews","25":"tag-news","26":"tag-noticias","27":"tag-noticias-destacadas","28":"tag-noticiasdestacadas","29":"tag-onu","30":"tag-titulares","31":"tag-ultimas-noticias","32":"tag-ultimasnoticias","33":"tag-world","34":"tag-world-news","35":"tag-worldnews"},"share_on_mastodon":{"url":"","error":"Validation failed: Text character limit of 500 exceeded"},"_links":{"self":[{"href":"https:\/\/www.europesays.com\/es\/wp-json\/wp\/v2\/posts\/304455","targetHints":{"allow":["GET"]}}],"collection":[{"href":"https:\/\/www.europesays.com\/es\/wp-json\/wp\/v2\/posts"}],"about":[{"href":"https:\/\/www.europesays.com\/es\/wp-json\/wp\/v2\/types\/post"}],"author":[{"embeddable":true,"href":"https:\/\/www.europesays.com\/es\/wp-json\/wp\/v2\/users\/2"}],"replies":[{"embeddable":true,"href":"https:\/\/www.europesays.com\/es\/wp-json\/wp\/v2\/comments?post=304455"}],"version-history":[{"count":0,"href":"https:\/\/www.europesays.com\/es\/wp-json\/wp\/v2\/posts\/304455\/revisions"}],"wp:featuredmedia":[{"embeddable":true,"href":"https:\/\/www.europesays.com\/es\/wp-json\/wp\/v2\/media\/304456"}],"wp:attachment":[{"href":"https:\/\/www.europesays.com\/es\/wp-json\/wp\/v2\/media?parent=304455"}],"wp:term":[{"taxonomy":"category","embeddable":true,"href":"https:\/\/www.europesays.com\/es\/wp-json\/wp\/v2\/categories?post=304455"},{"taxonomy":"post_tag","embeddable":true,"href":"https:\/\/www.europesays.com\/es\/wp-json\/wp\/v2\/tags?post=304455"}],"curies":[{"name":"wp","href":"https:\/\/api.w.org\/{rel}","templated":true}]}}