{"id":304505,"date":"2025-12-24T06:19:10","date_gmt":"2025-12-24T06:19:10","guid":{"rendered":"https:\/\/www.europesays.com\/es\/304505\/"},"modified":"2025-12-24T06:19:10","modified_gmt":"2025-12-24T06:19:10","slug":"valencia-basket-vs-kosner-baskonia-resultado-resumen-y-cronica","status":"publish","type":"post","link":"https:\/\/www.europesays.com\/es\/304505\/","title":{"rendered":"Valencia Basket vs Kosner Baskonia: resultado, resumen y cr\u00f3nica"},"content":{"rendered":"<p>Kosner Baskonia se qued\u00f3 sin revancha en su visita al Roig Arena, donde el Valencia Basket se impuso por 91-81 para firmar su duod\u00e9cimo triunfo en la EuroLeague. El equipo dirigido por Pedro Mart\u00ednez supo capitalizar el impulso generado en el primer cuarto y resisti\u00f3 los distintos intentos de remontada del conjunto vitoriano.<\/p>\n<p>M\u00e1s | <a href=\"https:\/\/www.gigantes.com\/euroliga\/que-pasado-hoy-euroliga-jornada-18-25-26\/\" rel=\"nofollow noopener\" target=\"_blank\">Qu\u00e9 ha pasado hoy en la Euroliga: Repasamos lo m\u00e1s destacado de la jornada 18<\/a><\/p>\n<p>El inicio del encuentro estuvo marcado por la falta de acierto y las imprecisiones en ambos lados de la pista. M\u00e1s de dos minutos tard\u00f3 el partido en abrirse, con Matt Costello estrenando el marcador desde el per\u00edmetro y Kobi Simmons respondiendo poco despu\u00e9s con un 2+1. A partir de ah\u00ed, Brancou Badio, Jean Montero y Markus Howard comenzaron a encontrar el aro en un primer tramo muy equilibrado, condicionado por las numerosas p\u00e9rdidas de bal\u00f3n.<\/p>\n<p>\u00a0Valencia Basket empez\u00f3 a inclinar el partido a su favor cuando logr\u00f3 enlazar buenas acciones ofensivas con mayor solidez defensiva. Omari Moore firm\u00f3 la primera canasta interior local, mientras Luwawu-Cabarrot asum\u00eda galones en el ataque baskonista. El acierto exterior de Nate Reuvers y, sobre todo, la irrupci\u00f3n de Costello, que sum\u00f3 12 puntos en apenas cinco minutos, permitieron a los taronja cerrar el primer cuarto con ventaja (27-19).<\/p>\n<p>Nada m\u00e1s comenzar el segundo periodo, Jean Montero ampli\u00f3 la renta con un triple que dio paso al mejor tramo del Valencia Basket. El equipo de Pedro Mart\u00ednez se adue\u00f1\u00f3 del ritmo y castig\u00f3 cada desajuste defensivo rival, llegando a abrir una brecha cercana a los veinte puntos. Kameron Taylor fue clave en ese momento, forzando a Paolo Galbiati a solicitar tiempo muerto tras un parcial que dispar\u00f3 la diferencia.<\/p>\n<p>Baskonia no baj\u00f3 los brazos y encontr\u00f3 en Luwawu-Cabarrot el motor para reaccionar. Un parcial favorable permiti\u00f3 a los vitorianos recortar distancias y cambiar la inercia antes del descanso, al que se lleg\u00f3 con un 58-47 que manten\u00eda vivo el partido.<\/p>\n<p>Tras el paso por vestuarios, Valencia Basket volvi\u00f3 a golpear con un inicio s\u00f3lido, apoyado en su defensa y en la agresividad de Badio y Moore atacando el aro. La ventaja volvi\u00f3 a crecer, pero Baskonia respondi\u00f3 de nuevo desde el triple, con Omoruyi firmando su mejor actuaci\u00f3n desde su llegada (17 puntos) y liderando otro acercamiento visitante. Pese a la t\u00e9cnica se\u00f1alada a Markus Howard, el equipo vasco cerr\u00f3 el tercer cuarto con un parcial que redujo la diferencia hasta el 76-65.<\/p>\n<p>El \u00faltimo cuarto arranc\u00f3 con un triple de Kurucs que apret\u00f3 todav\u00eda m\u00e1s el marcador. Baskonia lleg\u00f3 a colocarse a una sola cifra y dio la sensaci\u00f3n de controlar el ritmo, pero Valencia Basket supo gestionar el momento. Cuando el ataque colectivo se atasc\u00f3, aparecieron las individualidades: el triple de Costello, las penetraciones de Moore, la personalidad de Montero y la energ\u00eda de Taylor fueron suficientes para contener la reacci\u00f3n azulgrana.<\/p>\n<p>Valencia Basket vs Kosner Baskonia, resultado de la Jornada 17 de Euroliga<\/p>\n<tr>\n<td><strong>Equipo<\/strong><\/td>\n<td><strong>1Q<\/strong><\/td>\n<td><strong>2Q<\/strong><\/td>\n<td><strong>3Q<\/strong><\/td>\n<td><strong>4Q<\/strong><\/td>\n<td><strong>Total<\/strong><\/td>\n<\/tr>\n<tr>\n<td><strong>Valencia Basket<\/strong><\/td>\n<td>27<\/td>\n<td>31<\/td>\n<td>18<\/td>\n<td>15<\/td>\n<td>91<\/td>\n<\/tr>\n<tr>\n<td><strong>Kosner Baskonia<\/strong><\/td>\n<td>19<\/td>\n<td>18<\/td>\n<td>18<\/td>\n<td>16<\/td>\n<td>81<\/td>\n<\/tr>\n<p class=\"has-text-align-right\">Foto: Roc\u00edo Jord\u00e1<\/p>\n<p><img decoding=\"async\" src=\"https:\/\/www.europesays.com\/es\/wp-content\/uploads\/2025\/12\/1766557150_877_mtracking.gif\" alt=\"Etiquetas de Mautic\" style=\"display:none;\"\/><\/p>\n<p class=\"has-text-align-right\">Foto: Roc\u00edo Jord\u00e1<\/p>\n","protected":false},"excerpt":{"rendered":"Kosner Baskonia se qued\u00f3 sin revancha en su visita al Roig Arena, donde el Valencia Basket se impuso&hellip;\n","protected":false},"author":2,"featured_media":304506,"comment_status":"","ping_status":"","sticky":false,"template":"","format":"standard","meta":{"footnotes":""},"categories":[269],"tags":[299,298,4714,168,25,24,833,23,167,2916],"class_list":{"0":"post-304505","1":"post","2":"type-post","3":"status-publish","4":"format-standard","5":"has-post-thumbnail","7":"category-baloncesto","8":"tag-baloncesto","9":"tag-basketball","10":"tag-baskonia","11":"tag-deportes","12":"tag-es","13":"tag-espana","14":"tag-euroliga","15":"tag-spain","16":"tag-sports","17":"tag-valencia-basket"},"share_on_mastodon":{"url":"https:\/\/pubeurope.com\/@es\/115773097312351607","error":""},"_links":{"self":[{"href":"https:\/\/www.europesays.com\/es\/wp-json\/wp\/v2\/posts\/304505","targetHints":{"allow":["GET"]}}],"collection":[{"href":"https:\/\/www.europesays.com\/es\/wp-json\/wp\/v2\/posts"}],"about":[{"href":"https:\/\/www.europesays.com\/es\/wp-json\/wp\/v2\/types\/post"}],"author":[{"embeddable":true,"href":"https:\/\/www.europesays.com\/es\/wp-json\/wp\/v2\/users\/2"}],"replies":[{"embeddable":true,"href":"https:\/\/www.europesays.com\/es\/wp-json\/wp\/v2\/comments?post=304505"}],"version-history":[{"count":0,"href":"https:\/\/www.europesays.com\/es\/wp-json\/wp\/v2\/posts\/304505\/revisions"}],"wp:featuredmedia":[{"embeddable":true,"href":"https:\/\/www.europesays.com\/es\/wp-json\/wp\/v2\/media\/304506"}],"wp:attachment":[{"href":"https:\/\/www.europesays.com\/es\/wp-json\/wp\/v2\/media?parent=304505"}],"wp:term":[{"taxonomy":"category","embeddable":true,"href":"https:\/\/www.europesays.com\/es\/wp-json\/wp\/v2\/categories?post=304505"},{"taxonomy":"post_tag","embeddable":true,"href":"https:\/\/www.europesays.com\/es\/wp-json\/wp\/v2\/tags?post=304505"}],"curies":[{"name":"wp","href":"https:\/\/api.w.org\/{rel}","templated":true}]}}