{"id":304509,"date":"2025-12-24T06:21:12","date_gmt":"2025-12-24T06:21:12","guid":{"rendered":"https:\/\/www.europesays.com\/es\/304509\/"},"modified":"2025-12-24T06:21:12","modified_gmt":"2025-12-24T06:21:12","slug":"aldo-comas-ingresado-en-el-hospital-la-gastroscopia-mas-bestia-que-nunca-he-pasado","status":"publish","type":"post","link":"https:\/\/www.europesays.com\/es\/304509\/","title":{"rendered":"Aldo Comas, ingresado en el hospital: \u201cLa gastroscopia m\u00e1s bestia que nunca he pasado\u201d"},"content":{"rendered":"<p class=\"\">El \u00e9xito en los registros de audiencias que ha logrado <b>Hasta el fin del mundo<\/b> ha logrado, a nivel televisivo, catapultar a La 1 en la franja prime time; y a nivel medi\u00e1tico, alimentar la cr\u00f3nica social.<b> La tensi\u00f3n que se respira, am\u00e9n del alto nivel de exigencia de los retos que afrontan las parejas <\/b>que participan en el formato, ha llevado a muchos de sus protagonistas a protagonizar verdaderos momentos que, a la postre, les han convertido en fen\u00f3menos virales.<\/p>\n<p class=\"\">Ejemplo de ello es <b>Aldo Comas<\/b>, quien, tras un episodio de fuerte pol\u00e9mica con numerosos seguidores, ha levantado <b>una ola de preocupaci\u00f3n en su propia comunidad <\/b>al anunciar a trav\u00e9s de redes sociales que <b>ha sido ingresado en el hospital.<\/b><\/p>\n<p class=\"\"><b>\u201cHoy ver\u00e9 el cap\u00edtulo desde el palco VIP de la cl\u00ednica de la Santa Creu\u201d<\/b>, ha dejado por escrito, en tono c\u00f3mico y destensando la situaci\u00f3n; tras esto, <b>ha actualizado su estado de salud<\/b> y explicado por qu\u00e9 se encuentra tumbado en una camilla y dentro de un centro sanitario: <b>\u201cMe est\u00e1n haciendo pruebas. Estamos ante la gastroscopia m\u00e1s bestia que nunca he pasado\u201d.<\/b><\/p>\n<p>Respuesta a las cr\u00edticas por su actitud<\/p>\n<p class=\"\">Se han convertido en mensajes de apoyo numerosos comentarios que hace no demasiado eran pura cr\u00edtica. <b>La personalidad impulsiva y extravagante del marido de Macarena G\u00f3mez<\/b>, quien se desempe\u00f1a como artista contempor\u00e1neo,<b> no ha encajado con muchos telespectadores. <\/b>\u00c9l lo sabe, de ah\u00ed que<a href=\"https:\/\/as.com\/tikitakas\/television\/aldo-comas-se-harta-de-las-criticas-por-hasta-el-fin-del-mundo-y-apunta-a-tve-absolutamente-mentira-f202511-n\/\" target=\"_blank\" rel=\"noreferrer nofollow noopener\" title=\"https:\/\/as.com\/tikitakas\/television\/aldo-comas-se-harta-de-las-criticas-por-hasta-el-fin-del-mundo-y-apunta-a-tve-absolutamente-mentira-f202511-n\/\"> interviniera hace algunas semanas <\/a>en<b> D Coraz\u00f3n <\/b>para aclarar el asunto: \u201c<b>Hay muchas cosas que no se ven en ese viaje<\/b>, me da mucha pena porque falta much\u00edsimo. Es como que solo se ve un 2% (&#8230;)<b> Si me ves acabar las frases<\/b> o tienes un <b>momento de pausa<\/b> conmigo,<b> me puedes llegar a entender\u201d.<\/b><\/p>\n<p class=\"\">Seg\u00fan explic\u00f3 entonces, en el programa se encontraba <b>\u201ctodo el rato como muy arriba y parece como que paso de todo\u201d<\/b>, pareciendo que se lleva fatal con Jos\u00e9 Lamu\u00f1o, con quien tuvo \u201c<b>dos rifirrafes <\/b>por dos chorradas que se han sobredimensionado\u201d, pero que, en realidad, no hacen justicia a su relaci\u00f3n: <b>\u201cParece que hemos empezado con mal pie, pero es absolutamente mentira\u201d.<\/b><\/p>\n<p>Noticias relacionadas<a href=\"https:\/\/as.com\/tikitakas\/famosos\/alejandro-sanz-responde-a-candela-marquez-tras-su-ruptura-no-soy-una-perla-f202512-n\/\" class=\"s_m_w\" title=\"El cantante ha contestado a su expareja, quien aviv\u00f3 los rumores de una supuesta infidelidad, con un mensaje en redes que, luego, ha borrado.\" data-tb-link=\"\" rel=\"nofollow noopener\" target=\"_blank\"><img decoding=\"async\" src=\"https:\/\/www.europesays.com\/es\/wp-content\/uploads\/2025\/12\/1766557271_631_ACERVVURMRGCHOIJYVMO7YDRCU.jpg\" alt=\"Alejandro Sanz responde a Candela M\u00e1rquez tras su ruptura: \u201cNo soy una perla\u201d\" class=\"\" height=\"9\" width=\"16\"   loading=\"lazy\" data-tb-thumbnail=\"\"\/><\/a><a href=\"https:\/\/as.com\/tikitakas\/television\/el-cambio-fisico-de-adriana-dorronsoro-tras-perder-20-kilos-no-quiero-dar-ejemplo-de-nada-f202512-n\/\" class=\"s_m_w\" title=\"La televisiva ha compartido una reflexi\u00f3n donde se refiere a su proceso de cambio en un a\u00f1o.\" data-tb-link=\"\" rel=\"nofollow noopener\" target=\"_blank\"><img decoding=\"async\" src=\"https:\/\/www.europesays.com\/es\/wp-content\/uploads\/2025\/12\/1766557272_455_YT4EPXBRVRCBDCXM3TQPWZOCY4.png\" alt=\"El cambio f\u00edsico de Adriana Dorronsoro tras perder 20 kilos: \u201cNo quiero dar ejemplo de nada\u201d\" class=\"\" height=\"9\" width=\"16\"   loading=\"lazy\" data-tb-thumbnail=\"\"\/><\/a><\/p>\n<p class=\"\"><b>\u00a1Tus opiniones importan!<\/b><\/p>\n<p class=\"\">Comenta en los art\u00edculos y suscr\u00edbete gratis a nuestra <a href=\"https:\/\/asfan.as.com\/newsletters\/\" target=\"_blank\" rel=\"nofollow noopener\" title=\"https:\/\/asfan.as.com\/newsletters\/\">newsletter<\/a> y a las alertas informativas en la <a href=\"https:\/\/as.com\/aplicacion-de-as-n\/\" target=\"_blank\" rel=\"nofollow noopener\" title=\"https:\/\/as.com\/aplicacion-de-as-n\/\">App<\/a> o el canal de <a href=\"https:\/\/www.whatsapp.com\/channel\/0029VaAasdA7j6g745nz9M10\" target=\"_blank\" rel=\"nofollow noopener\" title=\"https:\/\/www.whatsapp.com\/channel\/0029VaAasdA7j6g745nz9M10\">WhatsApp<\/a>. \u00bfBuscas licenciar contenido? Haz clic <a href=\"https:\/\/profesional.elpais.com\/soluciones-sindicacion?utm_medium=interno&amp;utm_source=crosslinking&amp;utm_campaign=sindicacion_as_pie_articulos\" target=\"_blank\" rel=\"nofollow noopener\" title=\"https:\/\/profesional.elpais.com\/soluciones-sindicacion?utm_medium=interno&amp;utm_source=crosslinking&amp;utm_campaign=sindicacion_as_pie_articulos\">aqu\u00ed<\/a><\/p>\n","protected":false},"excerpt":{"rendered":"El \u00e9xito en los registros de audiencias que ha logrado Hasta el fin del mundo ha logrado, a&hellip;\n","protected":false},"author":2,"featured_media":304510,"comment_status":"","ping_status":"","sticky":false,"template":"","format":"standard","meta":{"footnotes":""},"categories":[174],"tags":[255,146,147,25,24,256,23],"class_list":{"0":"post-304509","1":"post","2":"type-post","3":"status-publish","4":"format-standard","5":"has-post-thumbnail","7":"category-famosos","8":"tag-celebrities","9":"tag-entertainment","10":"tag-entretenimiento","11":"tag-es","12":"tag-espana","13":"tag-famosos","14":"tag-spain"},"share_on_mastodon":{"url":"https:\/\/pubeurope.com\/@es\/115773104755809005","error":""},"_links":{"self":[{"href":"https:\/\/www.europesays.com\/es\/wp-json\/wp\/v2\/posts\/304509","targetHints":{"allow":["GET"]}}],"collection":[{"href":"https:\/\/www.europesays.com\/es\/wp-json\/wp\/v2\/posts"}],"about":[{"href":"https:\/\/www.europesays.com\/es\/wp-json\/wp\/v2\/types\/post"}],"author":[{"embeddable":true,"href":"https:\/\/www.europesays.com\/es\/wp-json\/wp\/v2\/users\/2"}],"replies":[{"embeddable":true,"href":"https:\/\/www.europesays.com\/es\/wp-json\/wp\/v2\/comments?post=304509"}],"version-history":[{"count":0,"href":"https:\/\/www.europesays.com\/es\/wp-json\/wp\/v2\/posts\/304509\/revisions"}],"wp:featuredmedia":[{"embeddable":true,"href":"https:\/\/www.europesays.com\/es\/wp-json\/wp\/v2\/media\/304510"}],"wp:attachment":[{"href":"https:\/\/www.europesays.com\/es\/wp-json\/wp\/v2\/media?parent=304509"}],"wp:term":[{"taxonomy":"category","embeddable":true,"href":"https:\/\/www.europesays.com\/es\/wp-json\/wp\/v2\/categories?post=304509"},{"taxonomy":"post_tag","embeddable":true,"href":"https:\/\/www.europesays.com\/es\/wp-json\/wp\/v2\/tags?post=304509"}],"curies":[{"name":"wp","href":"https:\/\/api.w.org\/{rel}","templated":true}]}}