{"id":304600,"date":"2025-12-24T07:58:17","date_gmt":"2025-12-24T07:58:17","guid":{"rendered":"https:\/\/www.europesays.com\/es\/304600\/"},"modified":"2025-12-24T07:58:17","modified_gmt":"2025-12-24T07:58:17","slug":"la-joya-del-dia-let-there-be-shred","status":"publish","type":"post","link":"https:\/\/www.europesays.com\/es\/304600\/","title":{"rendered":"La joya del d\u00eda &#8211; &#8216;Let There Be Shred&#8217;"},"content":{"rendered":"<p><a href=\"https:\/\/www.rockzonemag.com\/tag\/megadeth\/\" rel=\"nofollow noopener\" target=\"_blank\"><strong>Megadeth<\/strong><\/a> han lanzado el tema \u2018Let There Be Shred\u2019 como tercer adelanto de su nuevo \u00e1lbum que publicar\u00e1n el 23 de enero a trav\u00e9s de BLKIIBLK. En su correspondiente video, dirigido por Keith Leman, Mustaine tambi\u00e9n rinde homenaje a sus mentores en las artes marciales, Benny \u2018The Jet\u2019 Urquidez y el profesor Reginaldo Almeida.<\/p>\n<p><a href=\"https:\/\/www.ticketmaster.es\/artist\/linkin-park-entradas\/10021?int_cmp_name=LINKIN-PARK&amp;int_cmp_id=ES-Home-501&amp;int_cmp_creative=Home-main-4.0&amp;tm_link=tm_ccp_Home_main_LINKIN-PARK\" target=\"_blank\" rel=\"nofollow noopener\"><img decoding=\"async\" src=\"https:\/\/www.europesays.com\/es\/wp-content\/uploads\/2025\/07\/Banner-Linkin-Park-2-Rock-Zone-1060x200-1.png\"\/><\/a><\/p>\n<p>De hecho, Mustaine ha celebrado recientemente su promoci\u00f3n a cintur\u00f3n negro en Jiu-Jitsu Brasile\u00f1o. Su entrenador de la academia Renzo Gracie comparti\u00f3 la noticia a trav\u00e9s de Instagram, felicitando a Mustaine, de 64 a\u00f1os, y a sus otros estudiantes. Este logro es especialmente significativo, considerando que el frontman ha enfrentado problemas de salud en los \u00faltimos a\u00f1os, incluyendo una batalla contra el c\u00e1ncer de garganta en 2019.<\/p>\n","protected":false},"excerpt":{"rendered":"Megadeth han lanzado el tema \u2018Let There Be Shred\u2019 como tercer adelanto de su nuevo \u00e1lbum que publicar\u00e1n&hellip;\n","protected":false},"author":2,"featured_media":304601,"comment_status":"","ping_status":"","sticky":false,"template":"","format":"standard","meta":{"footnotes":""},"categories":[170],"tags":[72071,146,147,25,24,33040,13321,184,185,23,571],"class_list":{"0":"post-304600","1":"post","2":"type-post","3":"status-publish","4":"format-standard","5":"has-post-thumbnail","7":"category-musica","8":"tag-blkiiblk","9":"tag-entertainment","10":"tag-entretenimiento","11":"tag-es","12":"tag-espana","13":"tag-la-joya-del-dia","14":"tag-megadeth","15":"tag-music","16":"tag-musica","17":"tag-spain","18":"tag-thrash-metal"},"share_on_mastodon":{"url":"https:\/\/pubeurope.com\/@es\/115773486978612796","error":""},"_links":{"self":[{"href":"https:\/\/www.europesays.com\/es\/wp-json\/wp\/v2\/posts\/304600","targetHints":{"allow":["GET"]}}],"collection":[{"href":"https:\/\/www.europesays.com\/es\/wp-json\/wp\/v2\/posts"}],"about":[{"href":"https:\/\/www.europesays.com\/es\/wp-json\/wp\/v2\/types\/post"}],"author":[{"embeddable":true,"href":"https:\/\/www.europesays.com\/es\/wp-json\/wp\/v2\/users\/2"}],"replies":[{"embeddable":true,"href":"https:\/\/www.europesays.com\/es\/wp-json\/wp\/v2\/comments?post=304600"}],"version-history":[{"count":0,"href":"https:\/\/www.europesays.com\/es\/wp-json\/wp\/v2\/posts\/304600\/revisions"}],"wp:featuredmedia":[{"embeddable":true,"href":"https:\/\/www.europesays.com\/es\/wp-json\/wp\/v2\/media\/304601"}],"wp:attachment":[{"href":"https:\/\/www.europesays.com\/es\/wp-json\/wp\/v2\/media?parent=304600"}],"wp:term":[{"taxonomy":"category","embeddable":true,"href":"https:\/\/www.europesays.com\/es\/wp-json\/wp\/v2\/categories?post=304600"},{"taxonomy":"post_tag","embeddable":true,"href":"https:\/\/www.europesays.com\/es\/wp-json\/wp\/v2\/tags?post=304600"}],"curies":[{"name":"wp","href":"https:\/\/api.w.org\/{rel}","templated":true}]}}