{"id":304630,"date":"2025-12-24T08:26:23","date_gmt":"2025-12-24T08:26:23","guid":{"rendered":"https:\/\/www.europesays.com\/es\/304630\/"},"modified":"2025-12-24T08:26:23","modified_gmt":"2025-12-24T08:26:23","slug":"nestor-diaz-un-canon-de-voz-este-crio-vale","status":"publish","type":"post","link":"https:\/\/www.europesays.com\/es\/304630\/","title":{"rendered":"N\u00e9stor D\u00edaz, un ca\u00f1\u00f3n de voz: \u00abEste cr\u00edo vale\u00bb"},"content":{"rendered":"<p class=\"ft-text ft-helper-closenews\">Entre las aulas del instituto de Llanes y las clases de canto en los bajos del Tartiere, en Oviedo, N\u00e9stor D\u00edaz, de 15 a\u00f1os, teje una de las trayectorias m\u00e1s prometedoras de la canci\u00f3n asturiana. Descubierto por la cantante Anabel Santiago cuando ten\u00eda 8 a\u00f1os, este adolescente ha ido acumulando premios y ovaciones con una naturalidad que oculta una determinaci\u00f3n firme y una visi\u00f3n renovadora para el g\u00e9nero que ama. Su historia es la de una vocaci\u00f3n nacida de una casualidad, y cultivada con f\u00e9rrea disciplina: viaje semanal del viaje a la capital asturiana para seguir mejorando y la gu\u00eda de quien se convirti\u00f3 en su mentora.<\/p>\n<p class=\"ft-text\">Todo comenz\u00f3 durante una visita de Anabel Santiago al colegio de N\u00e9stor, para grabar un episodio televisivo. La impresi\u00f3n que caus\u00f3 en el ni\u00f1o o\u00edrla cantar fue inmediata y profunda: \u00abMe encant\u00f3\u00bb. Hasta ese momento, la m\u00fasica no hab\u00eda despertado su inter\u00e9s. \u00abNunca hab\u00eda tenido contacto con la m\u00fasica antes\u00bb, afirma. Algo cambi\u00f3 ese d\u00eda. Al llegar a casa, le dijo a su madre, Inma Gonz\u00e1lez: \u00abMami, quiero cantar canci\u00f3n asturiana\u00bb. La reacci\u00f3n materna, comprensiblemente, fue de escepticismo. \u00abLe dije: \u2018Ya, y yo quiero ser piloto de avi\u00f3n\u2019. No s\u00e9, pens\u00e9 que eran cosas de un cr\u00edo con 8 a\u00f1os\u00bb, confiesa la madre.<\/p>\n<p class=\"ft-text\">Sin embargo, la insistencia del ni\u00f1o la llev\u00f3 a buscar a la artista en internet y a contactar con ella. Anabel Santiago mando un disco de regalo al cr\u00edo y le pidi\u00f3 a la madre que le enviara un v\u00eddeo del peque\u00f1o cantando. As\u00ed lo hizo la madre y la respuesta de Anabel Santiago tras ver la grabaci\u00f3n fue contundente. \u00abNo me mandes m\u00e1s v\u00eddeos, tr\u00e1emelo\u00bb, le dijo a la madre.<\/p>\n<p>\u00abEste cr\u00edo vale\u00bb<\/p>\n<p class=\"ft-text\">N\u00e9stor D\u00edaz acudi\u00f3 en marzo de 2018 a la cita, en los bajos del Tartiere, en Oviedo, donde Anabel Santiago dio su veredicto tras escucharlo en directo. \u00abEste cr\u00edo vale\u00bb, le espet\u00f3 a una Inma Gonz\u00e1lez que a\u00fan dudaba. \u00ab\u00bfEn serio?\u00bb, pregunt\u00f3. La artista zanj\u00f3 la conversaci\u00f3n: \u00abConf\u00eda en m\u00ed\u00bb.<\/p>\n<p class=\"ft-text\">Con apenas un par de clases para pulir detalles, N\u00e9stor D\u00edaz se subi\u00f3 al escenario en la Gala Mozos de Mieres, compartiendo cartel con otros 25 j\u00f3venes. Interpret\u00f3 \u00abEsta noche ha llovido, ma\u00f1ana hay barro\u00bb, y triunf\u00f3. \u00abNos dijeron que era la segunda vez que se levantaba el Auditorio de Mieres\u00bb, rememora orgullosa su madre.<\/p>\n<p><img decoding=\"async\" src=\"https:\/\/www.europesays.com\/es\/wp-content\/uploads\/2025\/12\/414c75f1-1b4f-46a2-88a2-39485fbd0afd_alta-libre-aspect-ratio_default_0.jpg\" width=\"1200\" height=\"1505\" alt=\"N\u00e9stor D\u00edaz, durante su actuaci\u00f3n en un concurso de canci\u00f3n asturiana. | CEDIDA A LNE\" class=\"ft-helper-img-rd\" loading=\"lazy\"\/><\/p>\n<p class=\"ft-helper-fontColor-quaternary ft-helper-fontSize-body-S ft-helper-spacer-t-xxs\">N\u00e9stor D\u00edaz, durante su actuaci\u00f3n en un concurso de canci\u00f3n asturiana.  \/ Cedida a LNE<\/p>\n<p class=\"ft-text\">Aquel \u00e9xito fue el pistoletazo de salida de una carrera que se ha ido construyendo con constancia. \u00abSegu\u00ed dando clases con Anabel Santiago, todos los jueves en Oviedo, y me empec\u00e9 a presentar a concursos, a ir a galas y a ganar premios. Hasta hoy\u00bb, resume el joven. Su palmar\u00e9s, notable para su edad, incluye un primer premio en canci\u00f3n vaqueira, otro en Pola de Siero, otro en Llanes, adem\u00e1s de un segundo en Sama de Langreo\u2026 El \u00faltimo, hace unos d\u00edas, el II Premiu d\u2019Asturianada Obdulia \u00c1lvarez \u00abLa Busdonga\u00bb, en la categor\u00eda moza, celebrado en La Laboral de Gij\u00f3n, interpretando un tema compuesto por \u00e9l mismo, \u00abCanto a Llanes\u00bb.<\/p>\n<p>Recompensas fuertes<\/p>\n<p class=\"ft-text\">Aunque debe recorrer 100 kil\u00f3metros de ida y otros tantos de vuelta para recibir 45 minutos de clase, asegura que el esfuerzo merece la pena. \u00abS\u00e9 que tiene recompensas fuertes, y no solo por los premios, sino porque es un mundo en el que hay mucha gente. Te relacionas mucho\u00bb, reflexiona el llanisco, que tiene un ca\u00f1\u00f3n de voz.<\/p>\n<p class=\"ft-text\">A pesar de la ausencia de antecedentes musicales en su familia, N\u00e9stor ha encontrado en este universo su espacio, que compagina con actuaciones a d\u00fao con la tambi\u00e9n llanisca Charo D\u00edaz, de 56 a\u00f1os, interpretando rancheras, cumbias, merengues\u2026 Sin embargo, su mirada no se queda anclada en el pasado. Alberga una idea clara sobre el futuro. \u00abQuiero seguir cantando. Me gustar\u00eda darle un giro a la canci\u00f3n asturiana y fusionarla con alg\u00fan otro g\u00e9nero o renovar alguna letra, porque son tem\u00e1ticas que est\u00e1n muy desactualizadas y por est\u00e1 empezando a perder enganche entre la gente joven\u00bb, explica con una claridad que trasciende su edad.<\/p>\n<p>Admirador de Vicente Fern\u00e1ndez<\/p>\n<p class=\"ft-text\">Entre sus influencias est\u00e1n las rancheras, el g\u00e9nero que m\u00e1s le gusta cantar (es gran admirador del fallecido Vicente Fern\u00e1ndez), pero vislumbra un camino de renovaci\u00f3n en otra direcci\u00f3n. \u00abCon la ranchera no fusiona bien, pero con la m\u00fasica electr\u00f3nica, s\u00ed\u00bb, apunta, demostrando estar atento a las corrientes actuales.<\/p>\n<p><img decoding=\"async\" src=\"https:\/\/www.europesays.com\/es\/wp-content\/uploads\/2025\/12\/fd54d7c9-2ffe-40fd-84a9-d00b9179b2f7_alta-libre-aspect-ratio_default_0.jpg\" width=\"1200\" height=\"900\" alt=\"N\u00e9stor D\u00edaz en El Sabl\u00f3n (Llanes).\" class=\"ft-helper-img-rd\" loading=\"lazy\"\/><\/p>\n<p class=\"ft-helper-fontColor-quaternary ft-helper-fontSize-body-S ft-helper-spacer-t-xxs\">N\u00e9stor D\u00edaz en El Sabl\u00f3n (Llanes).  \/ Ram\u00f3n D\u00edaz<\/p>\n<p class=\"ft-text\">Mientras su vida musical avanza, N\u00e9stor no descuida su formaci\u00f3n acad\u00e9mica (sus notas en el instituto son excelentes), ni descarta otros planes profesionales. \u00abTengo dos ideas, me gustan mucho las Ciencias Pol\u00edticas. Y si no, guardia civil. No dejar\u00e9 de lado los estudios, porque esto de la canci\u00f3n\u2026\u00bb, comenta, dejando la frase en el aire, consciente de la precariedad que a menudo rodea al mundo art\u00edstico.<\/p>\n<p data-close=\"closedContent\" class=\"subscribeHideForDisplay\">Suscr\u00edbete para seguir leyendo<\/p>\n","protected":false},"excerpt":{"rendered":"Entre las aulas del instituto de Llanes y las clases de canto en los bajos del Tartiere, en&hellip;\n","protected":false},"author":2,"featured_media":304631,"comment_status":"","ping_status":"","sticky":false,"template":"","format":"standard","meta":{"footnotes":""},"categories":[171],"tags":[72078,14417,40005,779,146,147,25,24,58144,23,214,1447],"class_list":{"0":"post-304630","1":"post","2":"type-post","3":"status-publish","4":"format-standard","5":"has-post-thumbnail","7":"category-tv","8":"tag-anabel-santiago","9":"tag-canon","10":"tag-crio","11":"tag-diaz","12":"tag-entertainment","13":"tag-entretenimiento","14":"tag-es","15":"tag-espana","16":"tag-nestor","17":"tag-spain","18":"tag-tv","19":"tag-voz"},"share_on_mastodon":{"url":"https:\/\/pubeurope.com\/@es\/115773596719748082","error":""},"_links":{"self":[{"href":"https:\/\/www.europesays.com\/es\/wp-json\/wp\/v2\/posts\/304630","targetHints":{"allow":["GET"]}}],"collection":[{"href":"https:\/\/www.europesays.com\/es\/wp-json\/wp\/v2\/posts"}],"about":[{"href":"https:\/\/www.europesays.com\/es\/wp-json\/wp\/v2\/types\/post"}],"author":[{"embeddable":true,"href":"https:\/\/www.europesays.com\/es\/wp-json\/wp\/v2\/users\/2"}],"replies":[{"embeddable":true,"href":"https:\/\/www.europesays.com\/es\/wp-json\/wp\/v2\/comments?post=304630"}],"version-history":[{"count":0,"href":"https:\/\/www.europesays.com\/es\/wp-json\/wp\/v2\/posts\/304630\/revisions"}],"wp:featuredmedia":[{"embeddable":true,"href":"https:\/\/www.europesays.com\/es\/wp-json\/wp\/v2\/media\/304631"}],"wp:attachment":[{"href":"https:\/\/www.europesays.com\/es\/wp-json\/wp\/v2\/media?parent=304630"}],"wp:term":[{"taxonomy":"category","embeddable":true,"href":"https:\/\/www.europesays.com\/es\/wp-json\/wp\/v2\/categories?post=304630"},{"taxonomy":"post_tag","embeddable":true,"href":"https:\/\/www.europesays.com\/es\/wp-json\/wp\/v2\/tags?post=304630"}],"curies":[{"name":"wp","href":"https:\/\/api.w.org\/{rel}","templated":true}]}}